{"id":20332,"date":"2018-10-20T16:05:59","date_gmt":"2018-10-20T13:05:59","guid":{"rendered":"http:\/\/arantv.az\/?p=20332"},"modified":"2018-10-20T16:05:59","modified_gmt":"2018-10-20T13:05:59","slug":"star-nez-in-acilisi-az%c9%99rbaycanla-turkiy%c9%99nin-guclu-iqtisadiyyata-malik-olduqlarini-bir-daha-numayis-etdirdi","status":"publish","type":"post","link":"https:\/\/arantv.az\/?p=20332","title":{"rendered":"&#8220;&#8221;Star&#8221; NEZ-in a\u00e7\u0131l\u0131\u015f\u0131 Az\u0259rbaycanla T\u00fcrkiy\u0259nin g\u00fccl\u00fc iqtisadiyyata malik olduqlar\u0131n\u0131 bir daha n\u00fcmayi\u015f etdirdi&#8221;"},"content":{"rendered":"<blockquote><p><em><strong>T\u00fcrkiy\u0259nin \u0130zmir s\u0259h\u0259rind\u0259 &#8220;Star&#8221; neft emal\u0131 zavodunun (NEZ) i\u015fin\u0259 start verilm\u0259si iki qarda\u015f \u00f6lk\u0259 olan Az\u0259rbaycan v\u0259 T\u00fcrkiy\u0259nin, bir-birini yax\u015f\u0131 anlayan iki d\u00fcny\u0259vi liderin v\u0259 iki g\u00fccl\u00fc iqtisadiyyat\u0131n birlik hal\u0131nda n\u0259l\u0259r ed\u0259 bil\u0259c\u0259yini bir daha s\u00fcbut edir.<\/strong><\/em><\/p><\/blockquote>\n<p><strong>ARANTV.AZ<\/strong> bildirir ki, bunu trend-\u0259 a\u00e7\u0131qlamas\u0131nda &#8220;Bak\u0131 x\u0259b\u0259r&#8221; q\u0259zetinin ba\u015f redaktoru, siyasi ekspert Ayd\u0131n Quliyev deyib.<\/p>\n<p>O qeyd edib ki, son 10 ild\u0259 Avrasiyada Az\u0259rbaycan-T\u00fcrkiy\u0259 birliyi q\u0259d\u0259r stabil, yarad\u0131c\u0131 v\u0259 qlobal n\u0259tic\u0259l\u0259r do\u011furan ikinci tandem g\u00f6rm\u0259k m\u00fcmk\u00fcn deyil: &#8220;Bu tandemi haz\u0131rk\u0131 g\u00fcc\u00fcn\u0259 \u00e7atdiran bir ne\u00e7\u0259 faktor var. \u0130ki d\u00f6vl\u0259tin xalq\u0131n\u0131n vahid etnik, dini, m\u0259d\u0259ni k\u00f6kl\u0259r\u0259 malik olmas\u0131, m\u00fcxt\u0259lif tarixi m\u0259rh\u0259l\u0259l\u0259rd\u0259 ox\u015far talel\u0259r ya\u015famas\u0131 m\u00fch\u00fcm faktorlar olsa da, iki \u00f6lk\u0259nin m\u00fcdrik liderl\u0259r\u0259 malik olmas\u0131 deyil\u0259n b\u00fct\u00fcn faktorlar\u0131 birl\u0259\u015fdir\u0259r\u0259k vahid h\u0259d\u0259fl\u0259r\u0259 do\u011fru y\u00f6n\u0259ld\u0259 bildi. M\u00fcbahis\u0259siz tarixi n\u0259tic\u0259l\u0259ri olan Heyd\u0259r \u018fliyev &#8211; S\u00fcleyman D\u0259mir\u0259l dostlu\u011funun daha b\u00f6y\u00fck miqyasda v\u0259 daha b\u00f6yuk n\u0259tic\u0259l\u0259rl\u0259 \u0130lham \u018fliyev &#8211; \u018frdo\u011fan tandemi t\u0259r\u0259find\u0259n davam etdirilm\u0259si buna \u0259yani s\u00fcbutdur&#8221;.<\/p>\n<p>A.Quliyev \u0259lav\u0259 edib ki, prezidentl\u0259r \u0130lham \u018fliyev v\u0259 R\u0259c\u0259b Tayyib \u018frdo\u011fan\u0131n siyasi irad\u0259l\u0259ri bu g\u00fcn Avrasiyan\u0131n enerji v\u0259 \u0259m\u0259kda\u015fl\u0131q m\u0259nz\u0259r\u0259sini d\u0259yi\u015fm\u0259k g\u00fcc\u00fcnd\u0259 olan geosiyasi faktora \u00e7evrilib: &#8220;Star&#8221; neft emal\u0131 zavodunun a\u00e7\u0131l\u0131\u015f\u0131 m\u0259hz bu faktorun t\u0259siri alt\u0131nda ba\u015f ver\u0259n d\u0259yi\u015fiklikl\u0259rin h\u0259l\u0259lik sonuncusudur. Ancaq prosesin davam ed\u0259c\u0259yi \u015f\u00fcbh\u0259sizdir v\u0259 onun davam etdirilm\u0259si \u00fc\u00e7\u00fcn d\u00f6nm\u0259z t\u0259sir\u0259 malik \u0259saslar var. H\u0259r iki lider bu istiqam\u0259td\u0259 birg\u0259 irad\u0259 n\u00fcmayi\u015fini davam etdir\u0259c\u0259kl\u0259rini ac\u0131l\u0131\u015fda bir daha ifad\u0259 etdil\u0259r. Prezident \u0130lham \u018fliyevin &#8220;yeni birg\u0259 layih\u0259l\u0259rin h\u0259yata ke\u00e7irilm\u0259si \u00fcz\u0259rind\u0259 i\u015fl\u0259yirik&#8221; s\u00f6zl\u0259rini bir daha xat\u0131rlamaq kifay\u0259tdir&#8221;.<\/p>\n<p>Ekspert bildirib ki, Az\u0259rbaycan v\u0259 T\u00fcrkiy\u0259 liderl\u0259rinin birg\u0259 siyasi irad\u0259y\u0259 s\u00f6yk\u0259n\u0259n f\u0259aliyy\u0259tinin b\u00f6y\u00fck n\u0259tic\u0259l\u0259rini b\u00fct\u00fcn d\u00fcnya g\u00f6r\u00fcr: &#8220;Bu siyas\u0259tin davam etdirilm\u0259sinin \u0259n b\u00f6yuk t\u0259minat\u0131 h\u0259r iki lider\u0259 \u00f6z \u00f6lk\u0259l\u0259rinin xalqlar\u0131 t\u0259r\u0259find\u0259n g\u00f6st\u0259ril\u0259n davaml\u0131 etimad v\u0259 inamd\u0131r. 20-ci \u0259srin \u0259vv\u0259ll\u0259rind\u0259 T\u00fcrkiy\u0259-Az\u0259rbaycan qarda\u015fl\u0131\u011f\u0131n\u0131n \u015fah \u0259s\u0259ri Bak\u0131n\u0131n azad edilm\u0259si oldusa, 21-ci \u0259srin \u0259vv\u0259ll\u0259ri \u00fc\u00e7\u00fcn qarda\u015fl\u0131\u011f\u0131n bir ne\u00e7\u0259 simvolunun h\u0259l\u0259lik sonuncusu &#8220;Star&#8221; zavodudur. Bu hadis\u0259 Az\u0259rbaycanla T\u00fcrkiy\u0259nin g\u00fccl\u00fc iqtisadiyyata, h\u0259m d\u0259 \u00f6zl\u0259rin\u0259 m\u0259xsus inki\u015faf modell\u0259rin\u0259 malik olduqlar\u0131n\u0131 n\u00fcmayi\u015f etdirdi. Prezident \u0130lham \u018fliyevl\u0259 R\u0259c\u0259b Tayyib \u018frdo\u011fan \u00f6lk\u0259l\u0259rimizi h\u0259r iki xalq\u0131n \u00e7ox ayd\u0131n g\u00f6rd\u00fckl\u0259ri yolla apar\u0131rlar. Xalqlar\u0131m\u0131z anlay\u0131\u015f v\u0259 d\u0259st\u0259k g\u00f6st\u0259rdikl\u0259ri bu yolda h\u0259l\u0259 \u00e7ox &#8220;Star&#8221;lar olacaq&#8221;.<\/p>\n","protected":false},"excerpt":{"rendered":"<p>T\u00fcrkiy\u0259nin \u0130zmir s\u0259h\u0259rind\u0259 &#8220;Star&#8221; neft emal\u0131 zavodunun (NEZ) i\u015fin\u0259 start verilm\u0259si iki qarda\u015f \u00f6lk\u0259 olan Az\u0259rbaycan v\u0259 T\u00fcrkiy\u0259nin, bir-birini yax\u015f\u0131 anlayan iki d\u00fcny\u0259vi liderin v\u0259 iki g\u00fccl\u00fc iqtisadiyyat\u0131n birlik hal\u0131nda n\u0259l\u0259r ed\u0259 bil\u0259c\u0259yini bir daha s\u00fcbut edir. ARANTV.AZ bildirir ki, bunu trend-\u0259 a\u00e7\u0131qlamas\u0131nda &#8220;Bak\u0131 x\u0259b\u0259r&#8221; q\u0259zetinin ba\u015f redaktoru, siyasi ekspert Ayd\u0131n Quliyev deyib. O qeyd edib ki, son 10 ild\u0259 Avrasiyada Az\u0259rbaycan-T\u00fcrkiy\u0259 birliyi q\u0259d\u0259r stabil, yarad\u0131c\u0131 v\u0259 qlobal n\u0259tic\u0259l\u0259r do\u011furan ikinci tandem g\u00f6rm\u0259k m\u00fcmk\u00fcn deyil: &#8220;Bu tandemi haz\u0131rk\u0131 g\u00fcc\u00fcn\u0259 \u00e7atdiran bir ne\u00e7\u0259 faktor var. \u0130ki d\u00f6vl\u0259tin xalq\u0131n\u0131n vahid etnik, dini,&hellip;<\/p>\n","protected":false},"author":2,"featured_media":20333,"comment_status":"closed","ping_status":"closed","sticky":false,"template":"","format":"standard","meta":{"om_disable_all_campaigns":false,"_monsterinsights_skip_tracking":false,"_monsterinsights_sitenote_active":false,"_monsterinsights_sitenote_note":"","_monsterinsights_sitenote_category":0},"categories":[4],"tags":[],"aioseo_notices":[],"gutentor_comment":0,"rttpg_featured_image_url":{"full":["https:\/\/arantv.az\/wp-content\/uploads\/2018\/10\/aydin_quliyev_0582-3.jpg",800,600,false],"landscape":["https:\/\/arantv.az\/wp-content\/uploads\/2018\/10\/aydin_quliyev_0582-3.jpg",800,600,false],"portraits":["https:\/\/arantv.az\/wp-content\/uploads\/2018\/10\/aydin_quliyev_0582-3.jpg",800,600,false],"thumbnail":["https:\/\/arantv.az\/wp-content\/uploads\/2018\/10\/aydin_quliyev_0582-3-150x150.jpg",150,150,true],"medium":["https:\/\/arantv.az\/wp-content\/uploads\/2018\/10\/aydin_quliyev_0582-3-300x225.jpg",300,225,true],"large":["https:\/\/arantv.az\/wp-content\/uploads\/2018\/10\/aydin_quliyev_0582-3.jpg",640,480,false],"1536x1536":["https:\/\/arantv.az\/wp-content\/uploads\/2018\/10\/aydin_quliyev_0582-3.jpg",800,600,false],"2048x2048":["https:\/\/arantv.az\/wp-content\/uploads\/2018\/10\/aydin_quliyev_0582-3.jpg",800,600,false],"post-thumbnail":["https:\/\/arantv.az\/wp-content\/uploads\/2018\/10\/aydin_quliyev_0582-3-240x172.jpg",240,172,true],"advps-thumb-one":["https:\/\/arantv.az\/wp-content\/uploads\/2018\/10\/aydin_quliyev_0582-3.jpg",800,600,false]},"rttpg_author":{"display_name":"V\u00fcsal Rafiqo\u011flu","author_link":"https:\/\/arantv.az\/?author=2"},"rttpg_comment":0,"rttpg_category":"<a href=\"https:\/\/arantv.az\/?cat=4\" rel=\"category\">Siyas\u0259t<\/a>","rttpg_excerpt":"T\u00fcrkiy\u0259nin \u0130zmir s\u0259h\u0259rind\u0259 &#8220;Star&#8221; neft emal\u0131 zavodunun (NEZ) i\u015fin\u0259 start verilm\u0259si iki qarda\u015f \u00f6lk\u0259 olan Az\u0259rbaycan v\u0259 T\u00fcrkiy\u0259nin, bir-birini yax\u015f\u0131 anlayan iki d\u00fcny\u0259vi liderin v\u0259 iki g\u00fccl\u00fc iqtisadiyyat\u0131n birlik hal\u0131nda n\u0259l\u0259r ed\u0259 bil\u0259c\u0259yini bir daha s\u00fcbut edir. ARANTV.AZ bildirir ki, bunu trend-\u0259 a\u00e7\u0131qlamas\u0131nda &#8220;Bak\u0131 x\u0259b\u0259r&#8221; q\u0259zetinin ba\u015f redaktoru, siyasi ekspert Ayd\u0131n Quliyev deyib. O qeyd&hellip;","_links":{"self":[{"href":"https:\/\/arantv.az\/index.php?rest_route=\/wp\/v2\/posts\/20332"}],"collection":[{"href":"https:\/\/arantv.az\/index.php?rest_route=\/wp\/v2\/posts"}],"about":[{"href":"https:\/\/arantv.az\/index.php?rest_route=\/wp\/v2\/types\/post"}],"author":[{"embeddable":true,"href":"https:\/\/arantv.az\/index.php?rest_route=\/wp\/v2\/users\/2"}],"replies":[{"embeddable":true,"href":"https:\/\/arantv.az\/index.php?rest_route=%2Fwp%2Fv2%2Fcomments&post=20332"}],"version-history":[{"count":0,"href":"https:\/\/arantv.az\/index.php?rest_route=\/wp\/v2\/posts\/20332\/revisions"}],"wp:featuredmedia":[{"embeddable":true,"href":"https:\/\/arantv.az\/index.php?rest_route=\/wp\/v2\/media\/20333"}],"wp:attachment":[{"href":"https:\/\/arantv.az\/index.php?rest_route=%2Fwp%2Fv2%2Fmedia&parent=20332"}],"wp:term":[{"taxonomy":"category","embeddable":true,"href":"https:\/\/arantv.az\/index.php?rest_route=%2Fwp%2Fv2%2Fcategories&post=20332"},{"taxonomy":"post_tag","embeddable":true,"href":"https:\/\/arantv.az\/index.php?rest_route=%2Fwp%2Fv2%2Ftags&post=20332"}],"curies":[{"name":"wp","href":"https:\/\/api.w.org\/{rel}","templated":true}]}}