{"id":20335,"date":"2018-10-20T16:12:33","date_gmt":"2018-10-20T13:12:33","guid":{"rendered":"http:\/\/arantv.az\/?p=20335"},"modified":"2018-10-20T16:12:33","modified_gmt":"2018-10-20T13:12:33","slug":"x%c9%99st%c9%99xanasinin-g%c9%99nc-iscisi-kuc%c9%99d%c9%99-q%c9%99fild%c9%99n-oldu","status":"publish","type":"post","link":"https:\/\/arantv.az\/?p=20335","title":{"rendered":"X\u0259st\u0259xanas\u0131n\u0131n g\u0259nc i\u015f\u00e7isi k\u00fc\u00e7\u0259d\u0259 q\u0259fild\u0259n \u00f6ld\u00fc"},"content":{"rendered":"<p><strong>Balak\u0259n rayonunda 26 ya\u015fl\u0131 qad\u0131n k\u00fc\u00e7\u0259d\u0259 q\u0259fild\u0259n \u00f6l\u00fcb.<\/strong><\/p>\n<p><strong>ARANTV.AZ<\/strong> report-a istinad\u0259n bildirir ki, hadis\u0259 bu g\u00fcn g\u00fcnorta saatlar\u0131nda Balak\u0259n Rayon M\u0259rk\u0259zi X\u0259st\u0259xanas\u0131n\u0131n qar\u015f\u0131s\u0131ndak\u0131 dayanacaqda ba\u015f verib.<\/p>\n<p>Bel\u0259 ki, rayonun Mahmalar k\u0259nd sakini, 1992-ci il t\u0259v\u0259ll\u00fcdl\u00fc Ayg\u00fcn \u0130lqar q\u0131z\u0131 \u015eibliyeva dayanacaqda mar\u015frut g\u00f6zl\u0259y\u0259n zaman q\u0259fild\u0259n hal\u0131 pisl\u0259\u015f\u0259r\u0259k y\u0131x\u0131l\u0131b.<\/p>\n<p>Hadis\u0259 yerind\u0259 olan sakinl\u0259r d\u0259rhal ona k\u00f6m\u0259k etm\u0259y\u0259 v\u0259 yerd\u0259n qald\u0131rma\u011fa \u00e7al\u0131\u015f\u0131blar. Lakin A.\u015eibliyeva orada \u00f6l\u00fcb.<\/p>\n<p>G\u0259nc qad\u0131n\u0131n \u00f6l\u00fcm s\u0259b\u0259bini d\u0259qiql\u0259\u015fdirm\u0259k \u00fc\u00e7\u00fcn meyit\u00a0S\u0259hiyy\u0259 Nazirliyinin\u00a0M\u0259hk\u0259m\u0259-Tibbi Ekspertiza v\u0259 Patoloji Anatomiya Birliyinin Balak\u0259n rayon \u015f\u00f6b\u0259sin\u0259 t\u0259hvil verilib.<\/p>\n<p>Qeyd ed\u0259k ki, A.\u015eibliyeva Balak\u0259n Rayon M\u0259rk\u0259zi X\u0259st\u0259xanas\u0131n\u0131n i\u015f\u00e7isi olub.<\/p>\n<p>Hadis\u0259 A.\u015eibliyeva i\u015fd\u0259n \u00e7\u0131x\u0131b evin\u0259 ged\u0259rk\u0259n ba\u015f verib.<\/p>\n<p>Faktla ba\u011fl\u0131 ara\u015fd\u0131rmalara ba\u015flan\u0131l\u0131b.<\/p>\n","protected":false},"excerpt":{"rendered":"<p>Balak\u0259n rayonunda 26 ya\u015fl\u0131 qad\u0131n k\u00fc\u00e7\u0259d\u0259 q\u0259fild\u0259n \u00f6l\u00fcb. ARANTV.AZ report-a istinad\u0259n bildirir ki, hadis\u0259 bu g\u00fcn g\u00fcnorta saatlar\u0131nda Balak\u0259n Rayon M\u0259rk\u0259zi X\u0259st\u0259xanas\u0131n\u0131n qar\u015f\u0131s\u0131ndak\u0131 dayanacaqda ba\u015f verib. Bel\u0259 ki, rayonun Mahmalar k\u0259nd sakini, 1992-ci il t\u0259v\u0259ll\u00fcdl\u00fc Ayg\u00fcn \u0130lqar q\u0131z\u0131 \u015eibliyeva dayanacaqda mar\u015frut g\u00f6zl\u0259y\u0259n zaman q\u0259fild\u0259n hal\u0131 pisl\u0259\u015f\u0259r\u0259k y\u0131x\u0131l\u0131b. Hadis\u0259 yerind\u0259 olan sakinl\u0259r d\u0259rhal ona k\u00f6m\u0259k etm\u0259y\u0259 v\u0259 yerd\u0259n qald\u0131rma\u011fa \u00e7al\u0131\u015f\u0131blar. Lakin A.\u015eibliyeva orada \u00f6l\u00fcb. G\u0259nc qad\u0131n\u0131n \u00f6l\u00fcm s\u0259b\u0259bini d\u0259qiql\u0259\u015fdirm\u0259k \u00fc\u00e7\u00fcn meyit\u00a0S\u0259hiyy\u0259 Nazirliyinin\u00a0M\u0259hk\u0259m\u0259-Tibbi Ekspertiza v\u0259 Patoloji Anatomiya Birliyinin Balak\u0259n rayon \u015f\u00f6b\u0259sin\u0259 t\u0259hvil verilib. Qeyd ed\u0259k ki, A.\u015eibliyeva Balak\u0259n Rayon M\u0259rk\u0259zi X\u0259st\u0259xanas\u0131n\u0131n i\u015f\u00e7isi&hellip;<\/p>\n","protected":false},"author":2,"featured_media":20336,"comment_status":"closed","ping_status":"closed","sticky":false,"template":"","format":"standard","meta":{"om_disable_all_campaigns":false,"_monsterinsights_skip_tracking":false,"_monsterinsights_sitenote_active":false,"_monsterinsights_sitenote_note":"","_monsterinsights_sitenote_category":0},"categories":[5],"tags":[],"aioseo_notices":[],"gutentor_comment":0,"rttpg_featured_image_url":{"full":["https:\/\/arantv.az\/wp-content\/uploads\/2018\/10\/tecili_237847556.jpg",800,600,false],"landscape":["https:\/\/arantv.az\/wp-content\/uploads\/2018\/10\/tecili_237847556.jpg",800,600,false],"portraits":["https:\/\/arantv.az\/wp-content\/uploads\/2018\/10\/tecili_237847556.jpg",800,600,false],"thumbnail":["https:\/\/arantv.az\/wp-content\/uploads\/2018\/10\/tecili_237847556-150x150.jpg",150,150,true],"medium":["https:\/\/arantv.az\/wp-content\/uploads\/2018\/10\/tecili_237847556-300x225.jpg",300,225,true],"large":["https:\/\/arantv.az\/wp-content\/uploads\/2018\/10\/tecili_237847556.jpg",640,480,false],"1536x1536":["https:\/\/arantv.az\/wp-content\/uploads\/2018\/10\/tecili_237847556.jpg",800,600,false],"2048x2048":["https:\/\/arantv.az\/wp-content\/uploads\/2018\/10\/tecili_237847556.jpg",800,600,false],"post-thumbnail":["https:\/\/arantv.az\/wp-content\/uploads\/2018\/10\/tecili_237847556-240x172.jpg",240,172,true],"advps-thumb-one":["https:\/\/arantv.az\/wp-content\/uploads\/2018\/10\/tecili_237847556.jpg",800,600,false]},"rttpg_author":{"display_name":"V\u00fcsal Rafiqo\u011flu","author_link":"https:\/\/arantv.az\/?author=2"},"rttpg_comment":0,"rttpg_category":"<a href=\"https:\/\/arantv.az\/?cat=5\" rel=\"category\">Hadis\u0259<\/a>","rttpg_excerpt":"Balak\u0259n rayonunda 26 ya\u015fl\u0131 qad\u0131n k\u00fc\u00e7\u0259d\u0259 q\u0259fild\u0259n \u00f6l\u00fcb. ARANTV.AZ report-a istinad\u0259n bildirir ki, hadis\u0259 bu g\u00fcn g\u00fcnorta saatlar\u0131nda Balak\u0259n Rayon M\u0259rk\u0259zi X\u0259st\u0259xanas\u0131n\u0131n qar\u015f\u0131s\u0131ndak\u0131 dayanacaqda ba\u015f verib. Bel\u0259 ki, rayonun Mahmalar k\u0259nd sakini, 1992-ci il t\u0259v\u0259ll\u00fcdl\u00fc Ayg\u00fcn \u0130lqar q\u0131z\u0131 \u015eibliyeva dayanacaqda mar\u015frut g\u00f6zl\u0259y\u0259n zaman q\u0259fild\u0259n hal\u0131 pisl\u0259\u015f\u0259r\u0259k y\u0131x\u0131l\u0131b. Hadis\u0259 yerind\u0259 olan sakinl\u0259r d\u0259rhal ona k\u00f6m\u0259k etm\u0259y\u0259&hellip;","_links":{"self":[{"href":"https:\/\/arantv.az\/index.php?rest_route=\/wp\/v2\/posts\/20335"}],"collection":[{"href":"https:\/\/arantv.az\/index.php?rest_route=\/wp\/v2\/posts"}],"about":[{"href":"https:\/\/arantv.az\/index.php?rest_route=\/wp\/v2\/types\/post"}],"author":[{"embeddable":true,"href":"https:\/\/arantv.az\/index.php?rest_route=\/wp\/v2\/users\/2"}],"replies":[{"embeddable":true,"href":"https:\/\/arantv.az\/index.php?rest_route=%2Fwp%2Fv2%2Fcomments&post=20335"}],"version-history":[{"count":0,"href":"https:\/\/arantv.az\/index.php?rest_route=\/wp\/v2\/posts\/20335\/revisions"}],"wp:featuredmedia":[{"embeddable":true,"href":"https:\/\/arantv.az\/index.php?rest_route=\/wp\/v2\/media\/20336"}],"wp:attachment":[{"href":"https:\/\/arantv.az\/index.php?rest_route=%2Fwp%2Fv2%2Fmedia&parent=20335"}],"wp:term":[{"taxonomy":"category","embeddable":true,"href":"https:\/\/arantv.az\/index.php?rest_route=%2Fwp%2Fv2%2Fcategories&post=20335"},{"taxonomy":"post_tag","embeddable":true,"href":"https:\/\/arantv.az\/index.php?rest_route=%2Fwp%2Fv2%2Ftags&post=20335"}],"curies":[{"name":"wp","href":"https:\/\/api.w.org\/{rel}","templated":true}]}}