{"id":20348,"date":"2018-10-22T08:16:17","date_gmt":"2018-10-22T05:16:17","guid":{"rendered":"http:\/\/arantv.az\/?p=20348"},"modified":"2018-10-22T08:16:17","modified_gmt":"2018-10-22T05:16:17","slug":"taninmis-stilist-od-puskurdu-papa-rozaliq-edirl%c9%99r","status":"publish","type":"post","link":"https:\/\/arantv.az\/?p=20348","title":{"rendered":"Tan\u0131nm\u0131\u015f stilist od p\u00fcsk\u00fcrd\u00fc: &#8220;&#8221;papa Rozal\u0131q&#8221; edirl\u0259r&#8230;&#8221;"},"content":{"rendered":"<p>Bu s\u0259s-k\u00fcy\u0259 s\u0259b\u0259b olacaq a\u00e7\u0131qlama haqda h\u0259l\u0259 \u00e7ox dan\u0131\u015f\u0131lacaq. &#8220;El Stil&#8221; l\u0259q\u0259bi il\u0259 tan\u0131nan m\u0259\u015fhur stilist Elnur h\u0259mkarlarla ba\u011fl\u0131 iddial\u0131 a\u00e7\u0131qlama verib. <strong>ARANTV.AZ<\/strong>-a a\u00e7\u0131qlama ver\u0259n &#8220;El Stil&#8221; deyib ki, ondan sonra &#8220;stilist&#8221; olanlar\u0131n \u0259ks\u0259riyy\u0259ti &#8220;papa Roza&#8221;l\u0131q edir: \u201cDey\u0259s\u0259n, m\u0259nim a\u011fz\u0131m\u0131n a\u00e7\u0131lmas\u0131 zaman\u0131 g\u0259lib. Bu s\u0259n\u0259t\u0259 yeni g\u0259l\u0259nl\u0259r yeni \u00fcsula \u0259l at\u0131rlar, &#8220;pap Roza&#8221;l\u0131q edirl\u0259r. G\u00f6r bu s\u0259n\u0259ti n\u0259 q\u0259d\u0259r c\u0131l\u0131zla\u015fd\u0131r\u0131blar. Yeri g\u0259l\u0259nd\u0259 Bak\u0131 balacad\u0131r v\u0259 he\u00e7 kim \u00e7\u0131x\u0131b dey\u0259 bilm\u0259z ki, &#8220;El Stil&#8221; pullu ki\u015fil\u0259r\u0259 v\u0259 ya b\u0259zi \u201dm\u0259murlara&#8221; q\u0131z \u00e7\u0131xard\u0131b. Lakin ba\u015fa d\u00fc\u015fm\u00fcrl\u0259r ki, m\u0259n Elnur bu s\u0259n\u0259td\u0259 art\u0131q 13 ildir varam, ba\u015fqalar\u0131ndan f\u0259rqli olaraq. M\u0259n bu s\u0259n\u0259td\u0259 he\u00e7 kimin hesab\u0131na n\u0259y\u0259s\u0259 nail olmam\u0131\u015fam&#8221;, &#8211; &#8220;El Stil&#8221; dedi.<\/p>\n","protected":false},"excerpt":{"rendered":"<p>Bu s\u0259s-k\u00fcy\u0259 s\u0259b\u0259b olacaq a\u00e7\u0131qlama haqda h\u0259l\u0259 \u00e7ox dan\u0131\u015f\u0131lacaq. &#8220;El Stil&#8221; l\u0259q\u0259bi il\u0259 tan\u0131nan m\u0259\u015fhur stilist Elnur h\u0259mkarlarla ba\u011fl\u0131 iddial\u0131 a\u00e7\u0131qlama verib. ARANTV.AZ-a a\u00e7\u0131qlama ver\u0259n &#8220;El Stil&#8221; deyib ki, ondan sonra &#8220;stilist&#8221; olanlar\u0131n \u0259ks\u0259riyy\u0259ti &#8220;papa Roza&#8221;l\u0131q edir: \u201cDey\u0259s\u0259n, m\u0259nim a\u011fz\u0131m\u0131n a\u00e7\u0131lmas\u0131 zaman\u0131 g\u0259lib. Bu s\u0259n\u0259t\u0259 yeni g\u0259l\u0259nl\u0259r yeni \u00fcsula \u0259l at\u0131rlar, &#8220;pap Roza&#8221;l\u0131q edirl\u0259r. G\u00f6r bu s\u0259n\u0259ti n\u0259 q\u0259d\u0259r c\u0131l\u0131zla\u015fd\u0131r\u0131blar. Yeri g\u0259l\u0259nd\u0259 Bak\u0131 balacad\u0131r v\u0259 he\u00e7 kim \u00e7\u0131x\u0131b dey\u0259 bilm\u0259z ki, &#8220;El Stil&#8221; pullu ki\u015fil\u0259r\u0259 v\u0259 ya b\u0259zi \u201dm\u0259murlara&#8221; q\u0131z \u00e7\u0131xard\u0131b. Lakin ba\u015fa d\u00fc\u015fm\u00fcrl\u0259r ki, m\u0259n Elnur bu s\u0259n\u0259td\u0259 art\u0131q&hellip;<\/p>\n","protected":false},"author":2,"featured_media":20349,"comment_status":"closed","ping_status":"closed","sticky":false,"template":"","format":"standard","meta":{"om_disable_all_campaigns":false,"_monsterinsights_skip_tracking":false,"_monsterinsights_sitenote_active":false,"_monsterinsights_sitenote_note":"","_monsterinsights_sitenote_category":0},"categories":[20],"tags":[],"aioseo_notices":[],"gutentor_comment":0,"rttpg_featured_image_url":{"full":["https:\/\/arantv.az\/wp-content\/uploads\/2018\/10\/44576915_262583181270198_6143595913974644736_n.jpg",960,960,false],"landscape":["https:\/\/arantv.az\/wp-content\/uploads\/2018\/10\/44576915_262583181270198_6143595913974644736_n.jpg",960,960,false],"portraits":["https:\/\/arantv.az\/wp-content\/uploads\/2018\/10\/44576915_262583181270198_6143595913974644736_n.jpg",960,960,false],"thumbnail":["https:\/\/arantv.az\/wp-content\/uploads\/2018\/10\/44576915_262583181270198_6143595913974644736_n-150x150.jpg",150,150,true],"medium":["https:\/\/arantv.az\/wp-content\/uploads\/2018\/10\/44576915_262583181270198_6143595913974644736_n-300x300.jpg",300,300,true],"large":["https:\/\/arantv.az\/wp-content\/uploads\/2018\/10\/44576915_262583181270198_6143595913974644736_n.jpg",640,640,false],"1536x1536":["https:\/\/arantv.az\/wp-content\/uploads\/2018\/10\/44576915_262583181270198_6143595913974644736_n.jpg",960,960,false],"2048x2048":["https:\/\/arantv.az\/wp-content\/uploads\/2018\/10\/44576915_262583181270198_6143595913974644736_n.jpg",960,960,false],"post-thumbnail":["https:\/\/arantv.az\/wp-content\/uploads\/2018\/10\/44576915_262583181270198_6143595913974644736_n-240x172.jpg",240,172,true],"advps-thumb-one":["https:\/\/arantv.az\/wp-content\/uploads\/2018\/10\/44576915_262583181270198_6143595913974644736_n-960x620.jpg",960,620,true]},"rttpg_author":{"display_name":"V\u00fcsal Rafiqo\u011flu","author_link":"https:\/\/arantv.az\/?author=2"},"rttpg_comment":0,"rttpg_category":"<a href=\"https:\/\/arantv.az\/?cat=20\" rel=\"category\">\u015eou biznes<\/a>","rttpg_excerpt":"Bu s\u0259s-k\u00fcy\u0259 s\u0259b\u0259b olacaq a\u00e7\u0131qlama haqda h\u0259l\u0259 \u00e7ox dan\u0131\u015f\u0131lacaq. &#8220;El Stil&#8221; l\u0259q\u0259bi il\u0259 tan\u0131nan m\u0259\u015fhur stilist Elnur h\u0259mkarlarla ba\u011fl\u0131 iddial\u0131 a\u00e7\u0131qlama verib. ARANTV.AZ-a a\u00e7\u0131qlama ver\u0259n &#8220;El Stil&#8221; deyib ki, ondan sonra &#8220;stilist&#8221; olanlar\u0131n \u0259ks\u0259riyy\u0259ti &#8220;papa Roza&#8221;l\u0131q edir: \u201cDey\u0259s\u0259n, m\u0259nim a\u011fz\u0131m\u0131n a\u00e7\u0131lmas\u0131 zaman\u0131 g\u0259lib. Bu s\u0259n\u0259t\u0259 yeni g\u0259l\u0259nl\u0259r yeni \u00fcsula \u0259l at\u0131rlar, &#8220;pap Roza&#8221;l\u0131q edirl\u0259r. G\u00f6r&hellip;","_links":{"self":[{"href":"https:\/\/arantv.az\/index.php?rest_route=\/wp\/v2\/posts\/20348"}],"collection":[{"href":"https:\/\/arantv.az\/index.php?rest_route=\/wp\/v2\/posts"}],"about":[{"href":"https:\/\/arantv.az\/index.php?rest_route=\/wp\/v2\/types\/post"}],"author":[{"embeddable":true,"href":"https:\/\/arantv.az\/index.php?rest_route=\/wp\/v2\/users\/2"}],"replies":[{"embeddable":true,"href":"https:\/\/arantv.az\/index.php?rest_route=%2Fwp%2Fv2%2Fcomments&post=20348"}],"version-history":[{"count":0,"href":"https:\/\/arantv.az\/index.php?rest_route=\/wp\/v2\/posts\/20348\/revisions"}],"wp:featuredmedia":[{"embeddable":true,"href":"https:\/\/arantv.az\/index.php?rest_route=\/wp\/v2\/media\/20349"}],"wp:attachment":[{"href":"https:\/\/arantv.az\/index.php?rest_route=%2Fwp%2Fv2%2Fmedia&parent=20348"}],"wp:term":[{"taxonomy":"category","embeddable":true,"href":"https:\/\/arantv.az\/index.php?rest_route=%2Fwp%2Fv2%2Fcategories&post=20348"},{"taxonomy":"post_tag","embeddable":true,"href":"https:\/\/arantv.az\/index.php?rest_route=%2Fwp%2Fv2%2Ftags&post=20348"}],"curies":[{"name":"wp","href":"https:\/\/api.w.org\/{rel}","templated":true}]}}