{"id":20367,"date":"2018-10-22T08:55:58","date_gmt":"2018-10-22T05:55:58","guid":{"rendered":"http:\/\/arantv.az\/?p=20367"},"modified":"2018-10-22T08:55:58","modified_gmt":"2018-10-22T05:55:58","slug":"finalcimizi-d%c9%99st%c9%99kl%c9%99m%c9%99k-ucun-fanatlar-macaristana-yola-dusdul%c9%99r","status":"publish","type":"post","link":"https:\/\/arantv.az\/?p=20367","title":{"rendered":"Final\u00e7\u0131m\u0131z\u0131 d\u0259st\u0259kl\u0259m\u0259k \u00fc\u00e7\u00fcn fanatlar Macar\u0131stana yola d\u00fc\u015fd\u00fcl\u0259r"},"content":{"rendered":"<p>S\u0259rb\u0259st g\u00fcl\u0259\u015f \u00fczr\u0259 d\u00fcnya \u00e7empionat\u0131n\u0131n final\u0131na \u00e7\u0131xma\u011f\u0131 bacaran az\u0259rbaycanl\u0131 idman\u00e7\u0131n\u0131 d\u0259st\u0259kl\u0259m\u0259k \u00fc\u00e7\u00fcn azarke\u015fl\u0259r Bak\u0131-Budape\u015ft t\u0259yyar\u0259si il\u0259 Macar\u0131stana yola d\u00fc\u015f\u00fcbl\u0259r.<\/p>\n<p><strong>ARANTV.AZ\u00a0<\/strong>\u00a0x\u0259b\u0259r verir ki, 30-40 fanat Az\u0259rbaycan bayraqlar\u0131 il\u0259 xalq mahn\u0131lar\u0131\u00a0oxuyaraq, Budape\u015ft istiqam\u0259tind\u0259 h\u0259r\u0259k\u0259t edirl\u0259r.<\/p>\n<p>Xat\u0131rladaq ki, Budape\u015ftd\u0259 s\u0259rb\u0259st, qad\u0131n v\u0259 yunan-roma g\u00fcl\u0259\u015fi \u00fczr\u0259 d\u00fcnya \u00e7empionat\u0131 ke\u00e7irilir.<\/p>\n<div id=\"AdributorNativeVideo0\" class=\"AdributorNativeVideo\"><\/div>\n<p>\u00c7empionat\u0131n ikinci g\u00fcn\u00fcnd\u0259 Az\u0259rbaycan\u0131 t\u0259msil ed\u0259n s\u0259rb\u0259st g\u00fcl\u0259\u015f\u00e7il\u0259rimiz d\u00f6\u015f\u0259k \u00fcz\u0259rin\u0259 \u00e7\u0131x\u0131blar: \u00fc\u00e7qat Avropa \u00e7empionu\u00a0<strong>Georgi Edi\u015fera\u015fvili\u00a0<\/strong>(57 kq), \u00fc\u00e7 qat d\u00fcnya \u00e7empionu\u00a0<strong>Hac\u0131 \u018fliyev<\/strong>\u00a0(65 kq), ikiqat Avropa \u00e7empionu\u00a0<strong>C\u0259bray\u0131l H\u0259s\u0259nov<\/strong>\u00a0(79 kq) v\u0259 sabiq d\u00fcnya v\u0259 olimpiya \u00e7empionu\u00a0<strong>\u015e\u0259rif \u015e\u0259rifov\u00a0<\/strong>(92 kq). Bu d\u00f6y\u00fc\u015f\u00e7\u00fcl\u0259rd\u0259n yaln\u0131z H\u0259s\u0259nov finala \u00e7\u0131xa bilib. Final g\u00f6r\u00fc\u015f\u00fc oktyabr\u0131n 22-d\u0259 ke\u00e7iril\u0259c\u0259k.<\/p>\n<p>H\u0259s\u0259nov 1\/8 finalda Efan Ramosu (Puerto-Riko) m\u00fcbariz\u0259d\u0259n k\u0259narla\u015fd\u0131r\u0131b &#8211; 14:5. D\u00f6rdd\u0259bir finalda g\u00fcl\u0259\u015f\u00e7imiz \u018fli \u015eabanovu (Belarus) 6:2 hesab\u0131 il\u0259 m\u0259\u011flub ed\u0259r\u0259k, yar\u0131mfinala y\u00fcks\u0259lib.<\/p>\n<p>Bu m\u0259rh\u0259l\u0259d\u0259 H\u0259s\u0259nov iranl\u0131 Ezzatollu \u018fkb\u0259rid\u0259n \u00fcst\u00fcn olub.<\/p>\n<p>C\u0259bray\u0131l\u0131n finalda r\u0259qibi amerikal\u0131 Kayl Deyk olacaq.<\/p>\n<p>oxu.az<\/p>\n","protected":false},"excerpt":{"rendered":"<p>S\u0259rb\u0259st g\u00fcl\u0259\u015f \u00fczr\u0259 d\u00fcnya \u00e7empionat\u0131n\u0131n final\u0131na \u00e7\u0131xma\u011f\u0131 bacaran az\u0259rbaycanl\u0131 idman\u00e7\u0131n\u0131 d\u0259st\u0259kl\u0259m\u0259k \u00fc\u00e7\u00fcn azarke\u015fl\u0259r Bak\u0131-Budape\u015ft t\u0259yyar\u0259si il\u0259 Macar\u0131stana yola d\u00fc\u015f\u00fcbl\u0259r. ARANTV.AZ\u00a0\u00a0x\u0259b\u0259r verir ki, 30-40 fanat Az\u0259rbaycan bayraqlar\u0131 il\u0259 xalq mahn\u0131lar\u0131\u00a0oxuyaraq, Budape\u015ft istiqam\u0259tind\u0259 h\u0259r\u0259k\u0259t edirl\u0259r. Xat\u0131rladaq ki, Budape\u015ftd\u0259 s\u0259rb\u0259st, qad\u0131n v\u0259 yunan-roma g\u00fcl\u0259\u015fi \u00fczr\u0259 d\u00fcnya \u00e7empionat\u0131 ke\u00e7irilir. \u00c7empionat\u0131n ikinci g\u00fcn\u00fcnd\u0259 Az\u0259rbaycan\u0131 t\u0259msil ed\u0259n s\u0259rb\u0259st g\u00fcl\u0259\u015f\u00e7il\u0259rimiz d\u00f6\u015f\u0259k \u00fcz\u0259rin\u0259 \u00e7\u0131x\u0131blar: \u00fc\u00e7qat Avropa \u00e7empionu\u00a0Georgi Edi\u015fera\u015fvili\u00a0(57 kq), \u00fc\u00e7 qat d\u00fcnya \u00e7empionu\u00a0Hac\u0131 \u018fliyev\u00a0(65 kq), ikiqat Avropa \u00e7empionu\u00a0C\u0259bray\u0131l H\u0259s\u0259nov\u00a0(79 kq) v\u0259 sabiq d\u00fcnya v\u0259 olimpiya \u00e7empionu\u00a0\u015e\u0259rif \u015e\u0259rifov\u00a0(92 kq). Bu d\u00f6y\u00fc\u015f\u00e7\u00fcl\u0259rd\u0259n yaln\u0131z H\u0259s\u0259nov finala \u00e7\u0131xa bilib. Final g\u00f6r\u00fc\u015f\u00fc oktyabr\u0131n&hellip;<\/p>\n","protected":false},"author":2,"featured_media":20368,"comment_status":"closed","ping_status":"closed","sticky":false,"template":"","format":"standard","meta":{"om_disable_all_campaigns":false,"_monsterinsights_skip_tracking":false,"_monsterinsights_sitenote_active":false,"_monsterinsights_sitenote_note":"","_monsterinsights_sitenote_category":0},"categories":[6],"tags":[],"aioseo_notices":[],"gutentor_comment":0,"rttpg_featured_image_url":{"full":["https:\/\/arantv.az\/wp-content\/uploads\/2018\/10\/fin.jpg",620,410,false],"landscape":["https:\/\/arantv.az\/wp-content\/uploads\/2018\/10\/fin.jpg",620,410,false],"portraits":["https:\/\/arantv.az\/wp-content\/uploads\/2018\/10\/fin.jpg",620,410,false],"thumbnail":["https:\/\/arantv.az\/wp-content\/uploads\/2018\/10\/fin-150x150.jpg",150,150,true],"medium":["https:\/\/arantv.az\/wp-content\/uploads\/2018\/10\/fin-300x198.jpg",300,198,true],"large":["https:\/\/arantv.az\/wp-content\/uploads\/2018\/10\/fin.jpg",620,410,false],"1536x1536":["https:\/\/arantv.az\/wp-content\/uploads\/2018\/10\/fin.jpg",620,410,false],"2048x2048":["https:\/\/arantv.az\/wp-content\/uploads\/2018\/10\/fin.jpg",620,410,false],"post-thumbnail":["https:\/\/arantv.az\/wp-content\/uploads\/2018\/10\/fin-240x172.jpg",240,172,true],"advps-thumb-one":["https:\/\/arantv.az\/wp-content\/uploads\/2018\/10\/fin.jpg",620,410,false]},"rttpg_author":{"display_name":"V\u00fcsal Rafiqo\u011flu","author_link":"https:\/\/arantv.az\/?author=2"},"rttpg_comment":0,"rttpg_category":"<a href=\"https:\/\/arantv.az\/?cat=6\" rel=\"category\">\u0130dman<\/a>","rttpg_excerpt":"S\u0259rb\u0259st g\u00fcl\u0259\u015f \u00fczr\u0259 d\u00fcnya \u00e7empionat\u0131n\u0131n final\u0131na \u00e7\u0131xma\u011f\u0131 bacaran az\u0259rbaycanl\u0131 idman\u00e7\u0131n\u0131 d\u0259st\u0259kl\u0259m\u0259k \u00fc\u00e7\u00fcn azarke\u015fl\u0259r Bak\u0131-Budape\u015ft t\u0259yyar\u0259si il\u0259 Macar\u0131stana yola d\u00fc\u015f\u00fcbl\u0259r. ARANTV.AZ\u00a0\u00a0x\u0259b\u0259r verir ki, 30-40 fanat Az\u0259rbaycan bayraqlar\u0131 il\u0259 xalq mahn\u0131lar\u0131\u00a0oxuyaraq, Budape\u015ft istiqam\u0259tind\u0259 h\u0259r\u0259k\u0259t edirl\u0259r. Xat\u0131rladaq ki, Budape\u015ftd\u0259 s\u0259rb\u0259st, qad\u0131n v\u0259 yunan-roma g\u00fcl\u0259\u015fi \u00fczr\u0259 d\u00fcnya \u00e7empionat\u0131 ke\u00e7irilir. \u00c7empionat\u0131n ikinci g\u00fcn\u00fcnd\u0259 Az\u0259rbaycan\u0131 t\u0259msil ed\u0259n s\u0259rb\u0259st g\u00fcl\u0259\u015f\u00e7il\u0259rimiz d\u00f6\u015f\u0259k \u00fcz\u0259rin\u0259&hellip;","_links":{"self":[{"href":"https:\/\/arantv.az\/index.php?rest_route=\/wp\/v2\/posts\/20367"}],"collection":[{"href":"https:\/\/arantv.az\/index.php?rest_route=\/wp\/v2\/posts"}],"about":[{"href":"https:\/\/arantv.az\/index.php?rest_route=\/wp\/v2\/types\/post"}],"author":[{"embeddable":true,"href":"https:\/\/arantv.az\/index.php?rest_route=\/wp\/v2\/users\/2"}],"replies":[{"embeddable":true,"href":"https:\/\/arantv.az\/index.php?rest_route=%2Fwp%2Fv2%2Fcomments&post=20367"}],"version-history":[{"count":0,"href":"https:\/\/arantv.az\/index.php?rest_route=\/wp\/v2\/posts\/20367\/revisions"}],"wp:featuredmedia":[{"embeddable":true,"href":"https:\/\/arantv.az\/index.php?rest_route=\/wp\/v2\/media\/20368"}],"wp:attachment":[{"href":"https:\/\/arantv.az\/index.php?rest_route=%2Fwp%2Fv2%2Fmedia&parent=20367"}],"wp:term":[{"taxonomy":"category","embeddable":true,"href":"https:\/\/arantv.az\/index.php?rest_route=%2Fwp%2Fv2%2Fcategories&post=20367"},{"taxonomy":"post_tag","embeddable":true,"href":"https:\/\/arantv.az\/index.php?rest_route=%2Fwp%2Fv2%2Ftags&post=20367"}],"curies":[{"name":"wp","href":"https:\/\/api.w.org\/{rel}","templated":true}]}}