{"id":20370,"date":"2018-10-22T08:57:34","date_gmt":"2018-10-22T05:57:34","guid":{"rendered":"http:\/\/arantv.az\/?p=20370"},"modified":"2018-10-22T08:57:34","modified_gmt":"2018-10-22T05:57:34","slug":"az%c9%99rbaycanda-b%c9%99r%c9%99k%c9%99t-ilah%c9%99si-tapilib-video","status":"publish","type":"post","link":"https:\/\/arantv.az\/?p=20370","title":{"rendered":"Az\u0259rbaycanda \u201cB\u0259r\u0259k\u0259t ilah\u0259si\u201d tap\u0131l\u0131b &#8211; V\u0130DEO"},"content":{"rendered":"<p>Yevlax rayonunda eram\u0131zdan \u0259vv\u0259l II \u0259sr &#8211; bizim eran\u0131n II \u0259srl\u0259rini \u0259hat\u0259 ed\u0259n q\u0259dim \u0259\u015fyalar tap\u0131l\u0131b.<\/p>\n<p><b>ARANTV.AZ\u00a0<\/b>Report-a istinad\u0259n bildirir ki, rayonun S\u0259m\u0259dabad k\u0259ndi \u0259razisind\u0259ki K\u00fcp q\u0259bir nekropolunda apar\u0131lan qaz\u0131nt\u0131 i\u015fl\u0259ri zaman\u0131 bardaq, vaza tipli gil qablar, tunc qolbaq\u00a0v\u0259 \u015f\u00fc\u015f\u0259 muncuq a\u015fkar edilib.<\/p>\n<p>Boru k\u0259m\u0259rinin \u00e7\u0259kili\u015fi zaman\u0131 \u00fcz\u0259 \u00e7\u0131xan tap\u0131nt\u0131lar Yevlax Tarix Diyar\u015f\u00fcnasl\u0131q muzeyin\u0259 t\u0259hvil verilib. \u018f\u015fyalar aras\u0131nda maraql\u0131 g\u00f6r\u00fcn\u00fc\u015f\u0259 malik, gild\u0259n haz\u0131rlanm\u0131\u015f \u201cB\u0259r\u0259k\u0259t ilah\u0259si\u201dnin h\u0259min d\u00f6vr\u00fcn insanlar\u0131 \u00fc\u00e7\u00fcn x\u00fcsusi \u0259h\u0259miyy\u0259t k\u0259sb etdiyi bildirilir.<\/p>\n<p>Bu \u0259\u015fya q\u0259dim insanlar\u0131n inanc vasit\u0259si olub. Gild\u0259n haz\u0131rlanm\u0131\u015f \u201cB\u0259r\u0259k\u0259t ilah\u0259si\u201dn\u0259 Yevlax \u0259razisind\u0259 ilk d\u0259f\u0259dir ki, rast g\u0259linir.<\/p>\n<div><iframe loading=\"lazy\" src=\"https:\/\/www.youtube.com\/embed\/bCIgUPK5igU\" width=\"1280\" height=\"720\" frameborder=\"0\" allowfullscreen=\"allowfullscreen\" data-mce-fragment=\"1\"><\/iframe><\/div>\n<p>&nbsp;<\/p>\n","protected":false},"excerpt":{"rendered":"<p>Yevlax rayonunda eram\u0131zdan \u0259vv\u0259l II \u0259sr &#8211; bizim eran\u0131n II \u0259srl\u0259rini \u0259hat\u0259 ed\u0259n q\u0259dim \u0259\u015fyalar tap\u0131l\u0131b. ARANTV.AZ\u00a0Report-a istinad\u0259n bildirir ki, rayonun S\u0259m\u0259dabad k\u0259ndi \u0259razisind\u0259ki K\u00fcp q\u0259bir nekropolunda apar\u0131lan qaz\u0131nt\u0131 i\u015fl\u0259ri zaman\u0131 bardaq, vaza tipli gil qablar, tunc qolbaq\u00a0v\u0259 \u015f\u00fc\u015f\u0259 muncuq a\u015fkar edilib. Boru k\u0259m\u0259rinin \u00e7\u0259kili\u015fi zaman\u0131 \u00fcz\u0259 \u00e7\u0131xan tap\u0131nt\u0131lar Yevlax Tarix Diyar\u015f\u00fcnasl\u0131q muzeyin\u0259 t\u0259hvil verilib. \u018f\u015fyalar aras\u0131nda maraql\u0131 g\u00f6r\u00fcn\u00fc\u015f\u0259 malik, gild\u0259n haz\u0131rlanm\u0131\u015f \u201cB\u0259r\u0259k\u0259t ilah\u0259si\u201dnin h\u0259min d\u00f6vr\u00fcn insanlar\u0131 \u00fc\u00e7\u00fcn x\u00fcsusi \u0259h\u0259miyy\u0259t k\u0259sb etdiyi bildirilir. Bu \u0259\u015fya q\u0259dim insanlar\u0131n inanc vasit\u0259si olub. Gild\u0259n haz\u0131rlanm\u0131\u015f \u201cB\u0259r\u0259k\u0259t ilah\u0259si\u201dn\u0259 Yevlax \u0259razisind\u0259 ilk d\u0259f\u0259dir ki, rast&hellip;<\/p>\n","protected":false},"author":2,"featured_media":20371,"comment_status":"closed","ping_status":"closed","sticky":false,"template":"","format":"standard","meta":{"om_disable_all_campaigns":false,"_monsterinsights_skip_tracking":false,"_monsterinsights_sitenote_active":false,"_monsterinsights_sitenote_note":"","_monsterinsights_sitenote_category":0},"categories":[1],"tags":[],"aioseo_notices":[],"gutentor_comment":0,"rttpg_featured_image_url":{"full":["https:\/\/arantv.az\/wp-content\/uploads\/2018\/10\/Clipboard03.jpg",620,413,false],"landscape":["https:\/\/arantv.az\/wp-content\/uploads\/2018\/10\/Clipboard03.jpg",620,413,false],"portraits":["https:\/\/arantv.az\/wp-content\/uploads\/2018\/10\/Clipboard03.jpg",620,413,false],"thumbnail":["https:\/\/arantv.az\/wp-content\/uploads\/2018\/10\/Clipboard03-150x150.jpg",150,150,true],"medium":["https:\/\/arantv.az\/wp-content\/uploads\/2018\/10\/Clipboard03-300x200.jpg",300,200,true],"large":["https:\/\/arantv.az\/wp-content\/uploads\/2018\/10\/Clipboard03.jpg",620,413,false],"1536x1536":["https:\/\/arantv.az\/wp-content\/uploads\/2018\/10\/Clipboard03.jpg",620,413,false],"2048x2048":["https:\/\/arantv.az\/wp-content\/uploads\/2018\/10\/Clipboard03.jpg",620,413,false],"post-thumbnail":["https:\/\/arantv.az\/wp-content\/uploads\/2018\/10\/Clipboard03-240x172.jpg",240,172,true],"advps-thumb-one":["https:\/\/arantv.az\/wp-content\/uploads\/2018\/10\/Clipboard03.jpg",620,413,false]},"rttpg_author":{"display_name":"V\u00fcsal Rafiqo\u011flu","author_link":"https:\/\/arantv.az\/?author=2"},"rttpg_comment":0,"rttpg_category":"<a href=\"https:\/\/arantv.az\/?cat=1\" rel=\"category\">C\u0259miyy\u0259t<\/a>","rttpg_excerpt":"Yevlax rayonunda eram\u0131zdan \u0259vv\u0259l II \u0259sr &#8211; bizim eran\u0131n II \u0259srl\u0259rini \u0259hat\u0259 ed\u0259n q\u0259dim \u0259\u015fyalar tap\u0131l\u0131b. ARANTV.AZ\u00a0Report-a istinad\u0259n bildirir ki, rayonun S\u0259m\u0259dabad k\u0259ndi \u0259razisind\u0259ki K\u00fcp q\u0259bir nekropolunda apar\u0131lan qaz\u0131nt\u0131 i\u015fl\u0259ri zaman\u0131 bardaq, vaza tipli gil qablar, tunc qolbaq\u00a0v\u0259 \u015f\u00fc\u015f\u0259 muncuq a\u015fkar edilib. Boru k\u0259m\u0259rinin \u00e7\u0259kili\u015fi zaman\u0131 \u00fcz\u0259 \u00e7\u0131xan tap\u0131nt\u0131lar Yevlax Tarix Diyar\u015f\u00fcnasl\u0131q muzeyin\u0259 t\u0259hvil verilib.&hellip;","_links":{"self":[{"href":"https:\/\/arantv.az\/index.php?rest_route=\/wp\/v2\/posts\/20370"}],"collection":[{"href":"https:\/\/arantv.az\/index.php?rest_route=\/wp\/v2\/posts"}],"about":[{"href":"https:\/\/arantv.az\/index.php?rest_route=\/wp\/v2\/types\/post"}],"author":[{"embeddable":true,"href":"https:\/\/arantv.az\/index.php?rest_route=\/wp\/v2\/users\/2"}],"replies":[{"embeddable":true,"href":"https:\/\/arantv.az\/index.php?rest_route=%2Fwp%2Fv2%2Fcomments&post=20370"}],"version-history":[{"count":0,"href":"https:\/\/arantv.az\/index.php?rest_route=\/wp\/v2\/posts\/20370\/revisions"}],"wp:featuredmedia":[{"embeddable":true,"href":"https:\/\/arantv.az\/index.php?rest_route=\/wp\/v2\/media\/20371"}],"wp:attachment":[{"href":"https:\/\/arantv.az\/index.php?rest_route=%2Fwp%2Fv2%2Fmedia&parent=20370"}],"wp:term":[{"taxonomy":"category","embeddable":true,"href":"https:\/\/arantv.az\/index.php?rest_route=%2Fwp%2Fv2%2Fcategories&post=20370"},{"taxonomy":"post_tag","embeddable":true,"href":"https:\/\/arantv.az\/index.php?rest_route=%2Fwp%2Fv2%2Ftags&post=20370"}],"curies":[{"name":"wp","href":"https:\/\/api.w.org\/{rel}","templated":true}]}}