{"id":20385,"date":"2018-10-22T09:09:56","date_gmt":"2018-10-22T06:09:56","guid":{"rendered":"http:\/\/arantv.az\/?p=20385"},"modified":"2018-10-22T09:09:56","modified_gmt":"2018-10-22T06:09:56","slug":"mill%c9%99t-v%c9%99kili-star-layih%c9%99si-az%c9%99rbaycan-v%c9%99-turkiy%c9%99nin-nufuzunu-daha-da-artiracaq","status":"publish","type":"post","link":"https:\/\/arantv.az\/?p=20385","title":{"rendered":"Mill\u0259t v\u0259kili: &#8220;&#8221;Star&#8221; layih\u0259si Az\u0259rbaycan v\u0259 T\u00fcrkiy\u0259nin n\u00fcfuzunu daha da art\u0131racaq&#8221;"},"content":{"rendered":"<blockquote><p><em><strong>T\u00fcrkiy\u0259nin \u0130zmir \u015f\u0259h\u0259rind\u0259 &#8220;Star&#8221; neft emal\u0131 zavodunun a\u00e7\u0131lmas\u0131, h\u0259m\u00e7inin dig\u0259r birg\u0259 layih\u0259l\u0259rin h\u0259yata ke\u00e7irilm\u0259si T\u00fcrkiy\u0259-Az\u0259rbaycan dostlu\u011funun v\u0259 qarda\u015fl\u0131\u011f\u0131n\u0131n n\u0259 q\u0259d\u0259r m\u00f6hk\u0259m oldu\u011funu g\u00f6st\u0259rir.<\/strong><\/em><\/p><\/blockquote>\n<p><strong>ARANTV.AZ<\/strong> x\u0259b\u0259r verir ki, bu bar\u0259d\u0259 trend-\u0259 Milli M\u0259clisin deputat\u0131 Tahir Rzayev bildirib.<\/p>\n<p>T.Rzayev qeyd edib ki, bu c\u00fcr n\u0259h\u0259ng layih\u0259l\u0259r yaln\u0131z d\u00f6vl\u0259tl\u0259r aras\u0131nda m\u00fcnasib\u0259tl\u0259r \u0259n y\u00fcks\u0259k s\u0259viyy\u0259d\u0259 oldu\u011fu, h\u0259min d\u00f6vl\u0259tl\u0259rin liderl\u0259ri g\u00fccl\u00fc siyasi irad\u0259 n\u00fcmayi\u015f etdirdiyi halda realla\u015fa bilir:<\/p>\n<p>&#8220;Bu g\u00fcn T\u00fcrkiy\u0259 il\u0259 Az\u0259rbaycan aras\u0131nda m\u00fcnasib\u0259tl\u0259r d\u00fcnyaya bir n\u00fcmun\u0259dir, h\u0259r iki \u00f6lk\u0259nin liderl\u0259ri birg\u0259 n\u0259h\u0259ng layih\u0259l\u0259rin h\u0259yata ke\u00e7irilm\u0259si \u00fc\u00e7\u00fcn b\u00f6y\u00fck siyasi irad\u0259 n\u00fcmayi\u015f etdirir v\u0259 bunun n\u0259tic\u0259sidir ki, iki \u00f6lk\u0259nin i\u015ftirak\u0131 il\u0259 \u00e7ox m\u00fch\u00fcm enerji, n\u0259qliyyat layih\u0259l\u0259ri h\u0259yata ke\u00e7irilir. Bu layih\u0259l\u0259r d\u00fcnyan\u0131n enerji v\u0259 n\u0259qliyyat x\u0259rit\u0259sini yenid\u0259n c\u0131z\u0131r, h\u0259r iki \u00f6lk\u0259nin d\u00fcnyada n\u00fcfuzunu daha da art\u0131r\u0131r&#8221;.<\/p>\n<p>Deputat \u0259lav\u0259 edib ki, bu c\u00fcr layih\u0259l\u0259r siyasi dividendl\u0259rl\u0259 yana\u015f\u0131, h\u0259r iki \u00f6lk\u0259nin iqtisadiyyat\u0131n\u0131n g\u00fccl\u0259nm\u0259sin\u0259, v\u0259t\u0259nda\u015flar\u0131n\u0131n rifah\u0131n\u0131n y\u00fcks\u0259ldilm\u0259sin\u0259 xidm\u0259t edir.<\/p>\n<p>Mill\u0259t v\u0259kili deyib ki, Az\u0259rbaycan-T\u00fcrkiy\u0259 qarda\u015fl\u0131\u011f\u0131 tarixi k\u00f6kl\u0259r\u0259 s\u00f6yk\u0259nir: &#8220;\u0130ki \u00f6lk\u0259 aras\u0131nda qarda\u015fl\u0131q m\u00fcnasib\u0259tl\u0259rinin tarixi \u00e7ox q\u0259dimdir. Az\u0259rbaycan da, T\u00fcrkiy\u0259 d\u0259 tarix\u0259n t\u0259zyiql\u0259r\u0259 m\u0259ruz qal\u0131b. Az\u0259rbaycan h\u0259mi\u015f\u0259 T\u00fcrkiy\u0259nin, T\u00fcrkiy\u0259 is\u0259 Az\u0259rbaycan\u0131n yan\u0131nda olub. Bunun n\u0259tic\u0259sidir ki, bu g\u00fcn iki \u00f6lk\u0259 birlikd\u0259 b\u00f6y\u00fck i\u015fl\u0259r h\u0259yata ke\u00e7irir&#8221;.<\/p>\n","protected":false},"excerpt":{"rendered":"<p>T\u00fcrkiy\u0259nin \u0130zmir \u015f\u0259h\u0259rind\u0259 &#8220;Star&#8221; neft emal\u0131 zavodunun a\u00e7\u0131lmas\u0131, h\u0259m\u00e7inin dig\u0259r birg\u0259 layih\u0259l\u0259rin h\u0259yata ke\u00e7irilm\u0259si T\u00fcrkiy\u0259-Az\u0259rbaycan dostlu\u011funun v\u0259 qarda\u015fl\u0131\u011f\u0131n\u0131n n\u0259 q\u0259d\u0259r m\u00f6hk\u0259m oldu\u011funu g\u00f6st\u0259rir. ARANTV.AZ x\u0259b\u0259r verir ki, bu bar\u0259d\u0259 trend-\u0259 Milli M\u0259clisin deputat\u0131 Tahir Rzayev bildirib. T.Rzayev qeyd edib ki, bu c\u00fcr n\u0259h\u0259ng layih\u0259l\u0259r yaln\u0131z d\u00f6vl\u0259tl\u0259r aras\u0131nda m\u00fcnasib\u0259tl\u0259r \u0259n y\u00fcks\u0259k s\u0259viyy\u0259d\u0259 oldu\u011fu, h\u0259min d\u00f6vl\u0259tl\u0259rin liderl\u0259ri g\u00fccl\u00fc siyasi irad\u0259 n\u00fcmayi\u015f etdirdiyi halda realla\u015fa bilir: &#8220;Bu g\u00fcn T\u00fcrkiy\u0259 il\u0259 Az\u0259rbaycan aras\u0131nda m\u00fcnasib\u0259tl\u0259r d\u00fcnyaya bir n\u00fcmun\u0259dir, h\u0259r iki \u00f6lk\u0259nin liderl\u0259ri birg\u0259 n\u0259h\u0259ng layih\u0259l\u0259rin h\u0259yata ke\u00e7irilm\u0259si \u00fc\u00e7\u00fcn b\u00f6y\u00fck siyasi irad\u0259 n\u00fcmayi\u015f etdirir v\u0259 bunun&hellip;<\/p>\n","protected":false},"author":2,"featured_media":20386,"comment_status":"closed","ping_status":"closed","sticky":false,"template":"","format":"standard","meta":{"om_disable_all_campaigns":false,"_monsterinsights_skip_tracking":false,"_monsterinsights_sitenote_active":false,"_monsterinsights_sitenote_note":"","_monsterinsights_sitenote_category":0},"categories":[4],"tags":[],"aioseo_notices":[],"gutentor_comment":0,"rttpg_featured_image_url":{"full":["https:\/\/arantv.az\/wp-content\/uploads\/2018\/10\/696692.jpg",800,600,false],"landscape":["https:\/\/arantv.az\/wp-content\/uploads\/2018\/10\/696692.jpg",800,600,false],"portraits":["https:\/\/arantv.az\/wp-content\/uploads\/2018\/10\/696692.jpg",800,600,false],"thumbnail":["https:\/\/arantv.az\/wp-content\/uploads\/2018\/10\/696692-150x150.jpg",150,150,true],"medium":["https:\/\/arantv.az\/wp-content\/uploads\/2018\/10\/696692-300x225.jpg",300,225,true],"large":["https:\/\/arantv.az\/wp-content\/uploads\/2018\/10\/696692.jpg",640,480,false],"1536x1536":["https:\/\/arantv.az\/wp-content\/uploads\/2018\/10\/696692.jpg",800,600,false],"2048x2048":["https:\/\/arantv.az\/wp-content\/uploads\/2018\/10\/696692.jpg",800,600,false],"post-thumbnail":["https:\/\/arantv.az\/wp-content\/uploads\/2018\/10\/696692-240x172.jpg",240,172,true],"advps-thumb-one":["https:\/\/arantv.az\/wp-content\/uploads\/2018\/10\/696692.jpg",800,600,false]},"rttpg_author":{"display_name":"V\u00fcsal Rafiqo\u011flu","author_link":"https:\/\/arantv.az\/?author=2"},"rttpg_comment":0,"rttpg_category":"<a href=\"https:\/\/arantv.az\/?cat=4\" rel=\"category\">Siyas\u0259t<\/a>","rttpg_excerpt":"T\u00fcrkiy\u0259nin \u0130zmir \u015f\u0259h\u0259rind\u0259 &#8220;Star&#8221; neft emal\u0131 zavodunun a\u00e7\u0131lmas\u0131, h\u0259m\u00e7inin dig\u0259r birg\u0259 layih\u0259l\u0259rin h\u0259yata ke\u00e7irilm\u0259si T\u00fcrkiy\u0259-Az\u0259rbaycan dostlu\u011funun v\u0259 qarda\u015fl\u0131\u011f\u0131n\u0131n n\u0259 q\u0259d\u0259r m\u00f6hk\u0259m oldu\u011funu g\u00f6st\u0259rir. ARANTV.AZ x\u0259b\u0259r verir ki, bu bar\u0259d\u0259 trend-\u0259 Milli M\u0259clisin deputat\u0131 Tahir Rzayev bildirib. T.Rzayev qeyd edib ki, bu c\u00fcr n\u0259h\u0259ng layih\u0259l\u0259r yaln\u0131z d\u00f6vl\u0259tl\u0259r aras\u0131nda m\u00fcnasib\u0259tl\u0259r \u0259n y\u00fcks\u0259k s\u0259viyy\u0259d\u0259 oldu\u011fu, h\u0259min d\u00f6vl\u0259tl\u0259rin liderl\u0259ri&hellip;","_links":{"self":[{"href":"https:\/\/arantv.az\/index.php?rest_route=\/wp\/v2\/posts\/20385"}],"collection":[{"href":"https:\/\/arantv.az\/index.php?rest_route=\/wp\/v2\/posts"}],"about":[{"href":"https:\/\/arantv.az\/index.php?rest_route=\/wp\/v2\/types\/post"}],"author":[{"embeddable":true,"href":"https:\/\/arantv.az\/index.php?rest_route=\/wp\/v2\/users\/2"}],"replies":[{"embeddable":true,"href":"https:\/\/arantv.az\/index.php?rest_route=%2Fwp%2Fv2%2Fcomments&post=20385"}],"version-history":[{"count":0,"href":"https:\/\/arantv.az\/index.php?rest_route=\/wp\/v2\/posts\/20385\/revisions"}],"wp:featuredmedia":[{"embeddable":true,"href":"https:\/\/arantv.az\/index.php?rest_route=\/wp\/v2\/media\/20386"}],"wp:attachment":[{"href":"https:\/\/arantv.az\/index.php?rest_route=%2Fwp%2Fv2%2Fmedia&parent=20385"}],"wp:term":[{"taxonomy":"category","embeddable":true,"href":"https:\/\/arantv.az\/index.php?rest_route=%2Fwp%2Fv2%2Fcategories&post=20385"},{"taxonomy":"post_tag","embeddable":true,"href":"https:\/\/arantv.az\/index.php?rest_route=%2Fwp%2Fv2%2Ftags&post=20385"}],"curies":[{"name":"wp","href":"https:\/\/api.w.org\/{rel}","templated":true}]}}