{"id":20404,"date":"2018-10-22T09:19:47","date_gmt":"2018-10-22T06:19:47","guid":{"rendered":"http:\/\/arantv.az\/?p=20404"},"modified":"2018-10-22T09:19:47","modified_gmt":"2018-10-22T06:19:47","slug":"az%c9%99rbaycan-k%c9%99nd-t%c9%99s%c9%99rrufati-naziri-sial-paris-s%c9%99rgisind%c9%99-made-in-azerbaijan-pavilyonunu-ziyar%c9%99t-edib","status":"publish","type":"post","link":"https:\/\/arantv.az\/?p=20404","title":{"rendered":"Az\u0259rbaycan k\u0259nd t\u0259s\u0259rr\u00fcfat\u0131 naziri Sial Paris s\u0259rgisind\u0259 \u201cMade in Azerbaijan\u201d pavilyonunu ziyar\u0259t edib"},"content":{"rendered":"<p><strong>ARANTV.AZ<\/strong> x\u0259b\u0259r verir ki, Az\u0259rbaycan K\u0259nd T\u0259s\u0259rr\u00fcfat\u0131 Naziri \u0130nam K\u0259rimov \u201cSial Paris\u201d beyn\u0259lxalq \u0259rzaq s\u0259rgisinin a\u00e7\u0131l\u0131\u015f\u0131nda i\u015ftirak edib.<\/p>\n<p>Nazir \u201cMade in Azerbaijan\u201d adl\u0131 vahid \u00f6lk\u0259 pavilyonu il\u0259 s\u0259rgid\u0259 i\u015ftirak ed\u0259n 23 \u015firk\u0259tin n\u00fcmay\u0259nd\u0259l\u0259ri il\u0259 g\u00f6r\u00fc\u015f\u00fcb, \u015firk\u0259tl\u0259rimizin stendl\u0259rin\u0259 ba\u015f \u00e7\u0259k\u0259r\u0259k n\u00fcmayi\u015f olunan m\u0259hsullarla tan\u0131\u015f olub.<\/p>\n<p>Sahibkarlar s\u0259rgil\u0259n\u0259n m\u0259hsullar haqq\u0131nda \u0259trafl\u0131 m\u0259lumat veribl\u0259r.<\/p>\n<p>Qeyd ed\u0259k ki, Az\u0259rbaycan\u0131n K\u0259nd T\u0259s\u0259rr\u00fcfat\u0131 v\u0259 \u0130qtisadiyyat nazirlikl\u0259rinin, Fransadak\u0131 s\u0259firliyimizin d\u0259st\u0259yi, Az\u0259rbaycanda \u0130xrac\u0131n v\u0259 \u0130nvestisiyalar\u0131n T\u0259\u015fviqi Fondunun (AZPROMO) t\u0259\u015fkilat\u00e7\u0131l\u0131\u011f\u0131 il\u0259 \u00e7irk\u0259tl\u0259rimiz S\u0130AL Paris beyn\u0259lxalq \u0259rzaq s\u0259rgisin\u0259 qo\u015fulublar.<\/p>\n<p>S\u0259rgi \u00e7\u0259r\u00e7iv\u0259sind\u0259 sahibkarlar\u0131m\u0131z yerli distrib\u00fcterl\u0259rl\u0259 g\u00f6r\u00fc\u015f\u0259c\u0259k v\u0259 ixrac m\u0259s\u0259l\u0259l\u0259rin\u0259 dair m\u00fczakir\u0259l\u0259r aparacaqlar.<\/p>\n<p>SIAL Paris beyn\u0259lxalq \u0259rzaq s\u0259rgisi oktyabr\u0131n 25-d\u0259k davam ed\u0259c\u0259k.<\/p>\n","protected":false},"excerpt":{"rendered":"<p>ARANTV.AZ x\u0259b\u0259r verir ki, Az\u0259rbaycan K\u0259nd T\u0259s\u0259rr\u00fcfat\u0131 Naziri \u0130nam K\u0259rimov \u201cSial Paris\u201d beyn\u0259lxalq \u0259rzaq s\u0259rgisinin a\u00e7\u0131l\u0131\u015f\u0131nda i\u015ftirak edib. Nazir \u201cMade in Azerbaijan\u201d adl\u0131 vahid \u00f6lk\u0259 pavilyonu il\u0259 s\u0259rgid\u0259 i\u015ftirak ed\u0259n 23 \u015firk\u0259tin n\u00fcmay\u0259nd\u0259l\u0259ri il\u0259 g\u00f6r\u00fc\u015f\u00fcb, \u015firk\u0259tl\u0259rimizin stendl\u0259rin\u0259 ba\u015f \u00e7\u0259k\u0259r\u0259k n\u00fcmayi\u015f olunan m\u0259hsullarla tan\u0131\u015f olub. Sahibkarlar s\u0259rgil\u0259n\u0259n m\u0259hsullar haqq\u0131nda \u0259trafl\u0131 m\u0259lumat veribl\u0259r. Qeyd ed\u0259k ki, Az\u0259rbaycan\u0131n K\u0259nd T\u0259s\u0259rr\u00fcfat\u0131 v\u0259 \u0130qtisadiyyat nazirlikl\u0259rinin, Fransadak\u0131 s\u0259firliyimizin d\u0259st\u0259yi, Az\u0259rbaycanda \u0130xrac\u0131n v\u0259 \u0130nvestisiyalar\u0131n T\u0259\u015fviqi Fondunun (AZPROMO) t\u0259\u015fkilat\u00e7\u0131l\u0131\u011f\u0131 il\u0259 \u00e7irk\u0259tl\u0259rimiz S\u0130AL Paris beyn\u0259lxalq \u0259rzaq s\u0259rgisin\u0259 qo\u015fulublar. S\u0259rgi \u00e7\u0259r\u00e7iv\u0259sind\u0259 sahibkarlar\u0131m\u0131z yerli distrib\u00fcterl\u0259rl\u0259 g\u00f6r\u00fc\u015f\u0259c\u0259k v\u0259 ixrac m\u0259s\u0259l\u0259l\u0259rin\u0259 dair m\u00fczakir\u0259l\u0259r&hellip;<\/p>\n","protected":false},"author":2,"featured_media":20405,"comment_status":"closed","ping_status":"closed","sticky":false,"template":"","format":"standard","meta":{"om_disable_all_campaigns":false,"_monsterinsights_skip_tracking":false,"_monsterinsights_sitenote_active":false,"_monsterinsights_sitenote_note":"","_monsterinsights_sitenote_category":0},"categories":[19],"tags":[],"aioseo_notices":[],"gutentor_comment":0,"rttpg_featured_image_url":{"full":["https:\/\/arantv.az\/wp-content\/uploads\/2018\/10\/0jk701smopdpqgfhaglnqft3b6kt.jpg",1000,666,false],"landscape":["https:\/\/arantv.az\/wp-content\/uploads\/2018\/10\/0jk701smopdpqgfhaglnqft3b6kt.jpg",1000,666,false],"portraits":["https:\/\/arantv.az\/wp-content\/uploads\/2018\/10\/0jk701smopdpqgfhaglnqft3b6kt.jpg",1000,666,false],"thumbnail":["https:\/\/arantv.az\/wp-content\/uploads\/2018\/10\/0jk701smopdpqgfhaglnqft3b6kt-150x150.jpg",150,150,true],"medium":["https:\/\/arantv.az\/wp-content\/uploads\/2018\/10\/0jk701smopdpqgfhaglnqft3b6kt-300x200.jpg",300,200,true],"large":["https:\/\/arantv.az\/wp-content\/uploads\/2018\/10\/0jk701smopdpqgfhaglnqft3b6kt.jpg",640,426,false],"1536x1536":["https:\/\/arantv.az\/wp-content\/uploads\/2018\/10\/0jk701smopdpqgfhaglnqft3b6kt.jpg",1000,666,false],"2048x2048":["https:\/\/arantv.az\/wp-content\/uploads\/2018\/10\/0jk701smopdpqgfhaglnqft3b6kt.jpg",1000,666,false],"post-thumbnail":["https:\/\/arantv.az\/wp-content\/uploads\/2018\/10\/0jk701smopdpqgfhaglnqft3b6kt-240x172.jpg",240,172,true],"advps-thumb-one":["https:\/\/arantv.az\/wp-content\/uploads\/2018\/10\/0jk701smopdpqgfhaglnqft3b6kt-1000x620.jpg",1000,620,true]},"rttpg_author":{"display_name":"V\u00fcsal Rafiqo\u011flu","author_link":"https:\/\/arantv.az\/?author=2"},"rttpg_comment":0,"rttpg_category":"<a href=\"https:\/\/arantv.az\/?cat=19\" rel=\"category\">G\u00fcnd\u0259m<\/a>","rttpg_excerpt":"ARANTV.AZ x\u0259b\u0259r verir ki, Az\u0259rbaycan K\u0259nd T\u0259s\u0259rr\u00fcfat\u0131 Naziri \u0130nam K\u0259rimov \u201cSial Paris\u201d beyn\u0259lxalq \u0259rzaq s\u0259rgisinin a\u00e7\u0131l\u0131\u015f\u0131nda i\u015ftirak edib. Nazir \u201cMade in Azerbaijan\u201d adl\u0131 vahid \u00f6lk\u0259 pavilyonu il\u0259 s\u0259rgid\u0259 i\u015ftirak ed\u0259n 23 \u015firk\u0259tin n\u00fcmay\u0259nd\u0259l\u0259ri il\u0259 g\u00f6r\u00fc\u015f\u00fcb, \u015firk\u0259tl\u0259rimizin stendl\u0259rin\u0259 ba\u015f \u00e7\u0259k\u0259r\u0259k n\u00fcmayi\u015f olunan m\u0259hsullarla tan\u0131\u015f olub. Sahibkarlar s\u0259rgil\u0259n\u0259n m\u0259hsullar haqq\u0131nda \u0259trafl\u0131 m\u0259lumat veribl\u0259r. Qeyd ed\u0259k ki, Az\u0259rbaycan\u0131n&hellip;","_links":{"self":[{"href":"https:\/\/arantv.az\/index.php?rest_route=\/wp\/v2\/posts\/20404"}],"collection":[{"href":"https:\/\/arantv.az\/index.php?rest_route=\/wp\/v2\/posts"}],"about":[{"href":"https:\/\/arantv.az\/index.php?rest_route=\/wp\/v2\/types\/post"}],"author":[{"embeddable":true,"href":"https:\/\/arantv.az\/index.php?rest_route=\/wp\/v2\/users\/2"}],"replies":[{"embeddable":true,"href":"https:\/\/arantv.az\/index.php?rest_route=%2Fwp%2Fv2%2Fcomments&post=20404"}],"version-history":[{"count":0,"href":"https:\/\/arantv.az\/index.php?rest_route=\/wp\/v2\/posts\/20404\/revisions"}],"wp:featuredmedia":[{"embeddable":true,"href":"https:\/\/arantv.az\/index.php?rest_route=\/wp\/v2\/media\/20405"}],"wp:attachment":[{"href":"https:\/\/arantv.az\/index.php?rest_route=%2Fwp%2Fv2%2Fmedia&parent=20404"}],"wp:term":[{"taxonomy":"category","embeddable":true,"href":"https:\/\/arantv.az\/index.php?rest_route=%2Fwp%2Fv2%2Fcategories&post=20404"},{"taxonomy":"post_tag","embeddable":true,"href":"https:\/\/arantv.az\/index.php?rest_route=%2Fwp%2Fv2%2Ftags&post=20404"}],"curies":[{"name":"wp","href":"https:\/\/api.w.org\/{rel}","templated":true}]}}