{"id":20407,"date":"2018-10-22T09:20:40","date_gmt":"2018-10-22T06:20:40","guid":{"rendered":"http:\/\/arantv.az\/?p=20407"},"modified":"2018-10-22T09:20:40","modified_gmt":"2018-10-22T06:20:40","slug":"ilham-%c9%99liyev-inkisaf-m%c9%99qs%c9%99dimizdir-coxcildliyinin-70-ci-kitabi-capdan-cixib","status":"publish","type":"post","link":"https:\/\/arantv.az\/?p=20407","title":{"rendered":"\u201c\u0130lham \u018fliyev. \u0130nki\u015faf &#8211; m\u0259qs\u0259dimizdir\u201d \u00e7oxcildliyinin 70-ci kitab\u0131 \u00e7apdan \u00e7\u0131x\u0131b"},"content":{"rendered":"<p><strong>ARANTV.AZ<\/strong> x\u0259b\u0259r verir ki, bizim g\u0259ncl\u0259rimiz bilikli, savadl\u0131 olmal\u0131d\u0131rlar ki, h\u0259yatda \u00f6zl\u0259rin\u0259 layiqli yer tutsunlar v\u0259 eyni zamanda, \u00f6lk\u0259mizin \u00fcmumi inki\u015faf\u0131na da t\u00f6hf\u0259l\u0259rini versinl\u0259r. Bilikli, savadl\u0131 c\u0259miyy\u0259td\u0259 he\u00e7 bir xo\u015fag\u0259lm\u0259z t\u0259sirin \u0259h\u0259miyy\u0259ti olmayacaqd\u0131r. \u00c7\u00fcnki biz g\u00f6r\u00fcr\u00fck ki, bu g\u00fcn d\u00fcnyada b\u0259zi hallarda ideoloji m\u00fcharib\u0259l\u0259r gedir, \u0259sas\u0259n d\u0259 g\u0259ncl\u0259rl\u0259 ba\u011fl\u0131 x\u00fcsusi proqramlar icra edilir. Qloballa\u015fma ad\u0131 il\u0259 m\u00fcxt\u0259lif \u00f6lk\u0259l\u0259rd\u0259 m\u00fc\u0259yy\u0259n t\u0259dbirl\u0259r g\u00f6r\u00fcl\u00fcr. N\u0259tic\u0259 etibaril\u0259 bu, \u00f6lk\u0259l\u0259rd\u0259 probleml\u0259r\u0259 g\u0259tirib \u00e7\u0131xar\u0131r. Biz \u00e7al\u0131\u015fmal\u0131y\u0131q ki, Az\u0259rbaycan\u0131n dayan\u0131ql\u0131, u\u011furlu inki\u015faf\u0131n\u0131 \u0259b\u0259di ed\u0259k. \u00c7\u00fcnki biz bu g\u00fcn d\u00fcnyada inki\u015fafla ba\u011fl\u0131 \u00f6z modelimizi ortaya qoymu\u015fuq. Bu g\u00fcn d\u00fcnyada Az\u0259rbaycan\u0131n inki\u015faf modeli haqq\u0131nda dan\u0131\u015f\u0131l\u0131r. Bu modelin \u0259sas\u0131nda bizim m\u00fcst\u0259qilliyimiz, milli d\u0259y\u0259rl\u0259rimiz, v\u0259t\u0259np\u0259rv\u0259rliyimiz v\u0259 m\u00fcst\u0259qil siyas\u0259timiz dayan\u0131r.<\/p>\n<p>\u201c\u0130lham \u018fliyev. \u0130nki\u015faf &#8211; m\u0259qs\u0259dimizdir\u201d \u00e7oxcildliyinin yenic\u0259 \u00e7apdan \u00e7\u0131xm\u0131\u015f 70-ci kitab\u0131nda yer alan bu fikirl\u0259ri d\u00f6vl\u0259timizin ba\u015f\u00e7\u0131s\u0131 2015-ci il sentyabr\u0131n 15-d\u0259 Sabun\u00e7u rayonunda \u0259sasl\u0131 \u015f\u0259kild\u0259 yenid\u0259n qurulan 148 sayl\u0131 tam orta m\u0259kt\u0259bin a\u00e7\u0131l\u0131\u015f\u0131 m\u0259rasimind\u0259 s\u00f6yl\u0259yib.<\/p>\n<p>Az\u0259rbaycan Respublikas\u0131 Prezidenti Administrasiyas\u0131n\u0131n r\u0259hb\u0259ri akademik Ramiz Mehdiyevin burax\u0131l\u0131\u015f\u0131na m\u0259sul oldu\u011fu \u00e7oxcildliyin 70-ci kitab\u0131ndak\u0131 materiallar 2015-ci ilin iyulundan oktyabr ay\u0131nad\u0259k olan d\u00f6vr\u00fc \u0259hat\u0259 edir.<\/p>\n<p>N\u0259\u015frd\u0259 Prezident \u0130lham \u018fliyevin Az\u0259rbaycana s\u0259f\u0259r\u0259 g\u0259lmi\u015f Avropa \u0130ttifaq\u0131 \u015euras\u0131n\u0131n Prezidenti Donald Tuskla, \u00c7ex Respublikas\u0131n\u0131n Prezidenti Milo\u015f Zemanla ke\u00e7irdiyi g\u00f6r\u00fc\u015fl\u0259r\u0259, birg\u0259 m\u0259tbuat konfranslar\u0131nda b\u0259yanatlarla \u00e7\u0131x\u0131\u015flar\u0131na, d\u00f6vl\u0259timizin ba\u015f\u00e7\u0131s\u0131n\u0131n Az\u0259rbaycan-\u00c7ex biznes-forumunda \u00e7\u0131x\u0131\u015f\u0131na, habel\u0259 Az\u0259rbaycan-\u00c7ex aras\u0131nda s\u0259n\u0259dl\u0259rin imzalanmas\u0131na dair informasiyalar toplan\u0131b.<\/p>\n<p>Kitabda Az\u0259rbaycan Prezidentinin Qazax\u0131stan Respublikas\u0131na i\u015fg\u00fczar s\u0259f\u0259rl\u0259ri \u00e7\u0259r\u00e7iv\u0259sind\u0259 Qazax xanl\u0131\u011f\u0131n\u0131n 550 illik yubileyi m\u00fcnasib\u0259til\u0259 Astanada ke\u00e7iril\u0259n t\u0259nt\u0259n\u0259li m\u0259rasimd\u0259 i\u015ftirak\u0131, Qazax\u0131stan Prezidenti il\u0259 g\u00f6r\u00fc\u015f\u00fc bar\u0259d\u0259 materiallar, T\u00fcrkdilli D\u00f6vl\u0259tl\u0259rin \u018fm\u0259kda\u015fl\u0131q \u015euras\u0131n\u0131n V Sammitind\u0259, Akmola vilay\u0259tinin Burabay q\u0259s\u0259b\u0259sind\u0259 MDB D\u00f6vl\u0259t Ba\u015f\u00e7\u0131lar\u0131 \u015euras\u0131n\u0131n iclas\u0131nda \u00e7\u0131x\u0131\u015flar\u0131n\u0131n m\u0259tnl\u0259ri d\u0259 yer al\u0131b.<\/p>\n<p>Az\u0259rbaycan Prezidentinin Rusiya, T\u00fcrkiy\u0259, Serbiya, T\u00fcrkm\u0259nistan, Macar\u0131stan v\u0259 dig\u0259r d\u00f6vl\u0259tl\u0259rin, Beyn\u0259lxalq Miqrasiya T\u0259\u015fkilat\u0131n\u0131n, D\u00fcnya G\u00f6mr\u00fck T\u0259\u015fkilat\u0131n\u0131n, Avropa \u0130ttifaq\u0131n\u0131n \u00f6lk\u0259miz\u0259 s\u0259f\u0259r etmi\u015f y\u00fcks\u0259kv\u0259zif\u0259li \u015f\u0259xsl\u0259rini q\u0259bul etm\u0259sini, T\u00fcrkdilli D\u00f6vl\u0259tl\u0259rin X\u00fcsusi Xidm\u0259t Orqanlar\u0131 Konfrans\u0131n\u0131n 18-ci iclas\u0131n\u0131n i\u015ftirak\u00e7\u0131lar\u0131 il\u0259 g\u00f6r\u00fc\u015f\u00fcn\u00fc \u0259ks etdir\u0259n materiallarla bu kitabda tan\u0131\u015f olmaq m\u00fcmk\u00fcnd\u00fcr.<\/p>\n<p>N\u0259\u015frd\u0259 d\u00f6vl\u0259timizin ba\u015f\u00e7\u0131s\u0131n\u0131n IV \u0130slam H\u0259mr\u0259yliyi Oyunlar\u0131na haz\u0131rl\u0131q m\u0259qs\u0259dil\u0259 yarad\u0131lm\u0131\u015f T\u0259\u015fkilat Komit\u0259sinin birinci iclas\u0131nda \u00e7\u0131x\u0131\u015f\u0131n\u0131n m\u0259tni, beyn\u0259lxalq idman ictimaiyy\u0259tinin n\u00fcmay\u0259nd\u0259l\u0259ri il\u0259 g\u00f6r\u00fc\u015f v\u0259 dan\u0131\u015f\u0131qlar\u0131na dair informasiyalar da toplan\u0131b.<\/p>\n<p>Kitaba \u00f6lk\u0259 r\u0259hb\u0259rinin iqtisadi m\u0259s\u0259l\u0259l\u0259r\u0259 v\u0259 2016-c\u0131 ilin d\u00f6vl\u0259t b\u00fcdc\u0259sinin haz\u0131rl\u0131\u011f\u0131 i\u015fl\u0259rin\u0259 h\u0259sr edilmi\u015f m\u00fc\u015favir\u0259d\u0259 \u00e7\u0131x\u0131\u015f\u0131n\u0131n, Nazirl\u0259r Kabinetinin 2015-ci ilin doqquz ay\u0131n\u0131n sosial-iqtisadi inki\u015faf\u0131n\u0131n yekunlar\u0131na v\u0259 qar\u015f\u0131da duran v\u0259zif\u0259l\u0259r\u0259 h\u0259sr olunmu\u015f iclas\u0131nda nitql\u0259rinin m\u0259tnl\u0259ri daxil edilib.<\/p>\n<p>Oxucu bu cildd\u0259 Prezident \u0130lham \u018fliyevin Siy\u0259z\u0259n-M\u0259\u015frif avtomobil yolunun, \u015eabran rayonunda beyn\u0259lxalq m\u00fcalic\u0259 v\u0259 istirah\u0259t kompleksinin, C\u0259lilabad, X\u0131z\u0131, Siy\u0259z\u0259n, K\u00fcrd\u0259mir, A\u011fsu, Ucar, G\u00f6y\u00e7ay rayonlar\u0131na s\u0259f\u0259rl\u0259ri zaman\u0131 n\u0259qliyyat v\u0259 sosial infrastruktur, habel\u0259 m\u0259d\u0259niyy\u0259t obyektl\u0259rinin, G\u0259ncl\u0259r m\u0259rk\u0259zl\u0259rinin a\u00e7\u0131l\u0131\u015flar\u0131nda i\u015ftirak\u0131, ictimaiyy\u0259t n\u00fcmay\u0259nd\u0259l\u0259ri il\u0259 g\u00f6r\u00fc\u015fl\u0259ri, Bak\u0131n\u0131n k\u00fc\u00e7\u0259l\u0259rind\u0259 abadl\u0131q v\u0259 yenid\u0259nqurma, t\u0259hsil m\u00fc\u0259ssis\u0259l\u0259rind\u0259 t\u0259mir v\u0259 yenid\u0259nqurma i\u015fl\u0259rind\u0259n sonrak\u0131 v\u0259ziyy\u0259tl\u0259 tan\u0131\u015fl\u0131\u011f\u0131, Respublika \u018flill\u0259rin B\u0259rpa M\u0259rk\u0259zinin \u0259sasl\u0131 yenid\u0259nqurmadan sonra a\u00e7\u0131l\u0131\u015f\u0131 m\u0259rasimind\u0259 i\u015ftirak\u0131 bar\u0259d\u0259 materiallarla da tan\u0131\u015f ola bil\u0259r.<\/p>\n<p>N\u0259\u015fr\u0259 d\u00f6vl\u0259timizin ba\u015f\u00e7\u0131s\u0131n\u0131n D\u0259rb\u0259nd \u015f\u0259h\u0259rinin 2000 illiyin\u0259 h\u0259sr edilmi\u015f t\u0259nt\u0259n\u0259li t\u0259dbirin v\u0259 D\u00fcnya Tarix\u00e7il\u0259rinin VIII Beyn\u0259lxalq Atat\u00fcrk Konfrans\u0131n\u0131n i\u015ftirak\u00e7\u0131lar\u0131na t\u0259brik m\u0259ktublar\u0131 v\u0259 dig\u0259r m\u0259ktublar daxil edilib.<\/p>\n<p>Kitabda \u201cQeydl\u0259r\u201d, \u201c\u015e\u0259xsi adlar\u201d, \u201cCo\u011frafi adlar\u201d g\u00f6st\u0259ricil\u0259ri d\u0259 verilib.<\/p>\n<p>\u201cAz\u0259rn\u0259\u015fr\u201d t\u0259r\u0259find\u0259n burax\u0131lan 70-ci kitab\u0131n haz\u0131rlanmas\u0131nda Az\u0259rbaycan D\u00f6vl\u0259t \u0130nformasiya Agentliyinin materiallar\u0131ndan istifad\u0259 olunub.<\/p>\n","protected":false},"excerpt":{"rendered":"<p>ARANTV.AZ x\u0259b\u0259r verir ki, bizim g\u0259ncl\u0259rimiz bilikli, savadl\u0131 olmal\u0131d\u0131rlar ki, h\u0259yatda \u00f6zl\u0259rin\u0259 layiqli yer tutsunlar v\u0259 eyni zamanda, \u00f6lk\u0259mizin \u00fcmumi inki\u015faf\u0131na da t\u00f6hf\u0259l\u0259rini versinl\u0259r. Bilikli, savadl\u0131 c\u0259miyy\u0259td\u0259 he\u00e7 bir xo\u015fag\u0259lm\u0259z t\u0259sirin \u0259h\u0259miyy\u0259ti olmayacaqd\u0131r. \u00c7\u00fcnki biz g\u00f6r\u00fcr\u00fck ki, bu g\u00fcn d\u00fcnyada b\u0259zi hallarda ideoloji m\u00fcharib\u0259l\u0259r gedir, \u0259sas\u0259n d\u0259 g\u0259ncl\u0259rl\u0259 ba\u011fl\u0131 x\u00fcsusi proqramlar icra edilir. Qloballa\u015fma ad\u0131 il\u0259 m\u00fcxt\u0259lif \u00f6lk\u0259l\u0259rd\u0259 m\u00fc\u0259yy\u0259n t\u0259dbirl\u0259r g\u00f6r\u00fcl\u00fcr. N\u0259tic\u0259 etibaril\u0259 bu, \u00f6lk\u0259l\u0259rd\u0259 probleml\u0259r\u0259 g\u0259tirib \u00e7\u0131xar\u0131r. Biz \u00e7al\u0131\u015fmal\u0131y\u0131q ki, Az\u0259rbaycan\u0131n dayan\u0131ql\u0131, u\u011furlu inki\u015faf\u0131n\u0131 \u0259b\u0259di ed\u0259k. \u00c7\u00fcnki biz bu g\u00fcn d\u00fcnyada inki\u015fafla ba\u011fl\u0131 \u00f6z modelimizi ortaya qoymu\u015fuq. Bu g\u00fcn&hellip;<\/p>\n","protected":false},"author":2,"featured_media":20408,"comment_status":"closed","ping_status":"closed","sticky":false,"template":"","format":"standard","meta":{"om_disable_all_campaigns":false,"_monsterinsights_skip_tracking":false,"_monsterinsights_sitenote_active":false,"_monsterinsights_sitenote_note":"","_monsterinsights_sitenote_category":0},"categories":[4],"tags":[],"aioseo_notices":[],"gutentor_comment":0,"rttpg_featured_image_url":{"full":["https:\/\/arantv.az\/wp-content\/uploads\/2018\/10\/0jk701smopdpqgfhaglnqft3b6kit.jpg",462,315,false],"landscape":["https:\/\/arantv.az\/wp-content\/uploads\/2018\/10\/0jk701smopdpqgfhaglnqft3b6kit.jpg",462,315,false],"portraits":["https:\/\/arantv.az\/wp-content\/uploads\/2018\/10\/0jk701smopdpqgfhaglnqft3b6kit.jpg",462,315,false],"thumbnail":["https:\/\/arantv.az\/wp-content\/uploads\/2018\/10\/0jk701smopdpqgfhaglnqft3b6kit-150x150.jpg",150,150,true],"medium":["https:\/\/arantv.az\/wp-content\/uploads\/2018\/10\/0jk701smopdpqgfhaglnqft3b6kit-300x205.jpg",300,205,true],"large":["https:\/\/arantv.az\/wp-content\/uploads\/2018\/10\/0jk701smopdpqgfhaglnqft3b6kit.jpg",462,315,false],"1536x1536":["https:\/\/arantv.az\/wp-content\/uploads\/2018\/10\/0jk701smopdpqgfhaglnqft3b6kit.jpg",462,315,false],"2048x2048":["https:\/\/arantv.az\/wp-content\/uploads\/2018\/10\/0jk701smopdpqgfhaglnqft3b6kit.jpg",462,315,false],"post-thumbnail":["https:\/\/arantv.az\/wp-content\/uploads\/2018\/10\/0jk701smopdpqgfhaglnqft3b6kit-240x172.jpg",240,172,true],"advps-thumb-one":["https:\/\/arantv.az\/wp-content\/uploads\/2018\/10\/0jk701smopdpqgfhaglnqft3b6kit.jpg",462,315,false]},"rttpg_author":{"display_name":"V\u00fcsal Rafiqo\u011flu","author_link":"https:\/\/arantv.az\/?author=2"},"rttpg_comment":0,"rttpg_category":"<a href=\"https:\/\/arantv.az\/?cat=4\" rel=\"category\">Siyas\u0259t<\/a>","rttpg_excerpt":"ARANTV.AZ x\u0259b\u0259r verir ki, bizim g\u0259ncl\u0259rimiz bilikli, savadl\u0131 olmal\u0131d\u0131rlar ki, h\u0259yatda \u00f6zl\u0259rin\u0259 layiqli yer tutsunlar v\u0259 eyni zamanda, \u00f6lk\u0259mizin \u00fcmumi inki\u015faf\u0131na da t\u00f6hf\u0259l\u0259rini versinl\u0259r. Bilikli, savadl\u0131 c\u0259miyy\u0259td\u0259 he\u00e7 bir xo\u015fag\u0259lm\u0259z t\u0259sirin \u0259h\u0259miyy\u0259ti olmayacaqd\u0131r. \u00c7\u00fcnki biz g\u00f6r\u00fcr\u00fck ki, bu g\u00fcn d\u00fcnyada b\u0259zi hallarda ideoloji m\u00fcharib\u0259l\u0259r gedir, \u0259sas\u0259n d\u0259 g\u0259ncl\u0259rl\u0259 ba\u011fl\u0131 x\u00fcsusi proqramlar icra edilir. Qloballa\u015fma ad\u0131&hellip;","_links":{"self":[{"href":"https:\/\/arantv.az\/index.php?rest_route=\/wp\/v2\/posts\/20407"}],"collection":[{"href":"https:\/\/arantv.az\/index.php?rest_route=\/wp\/v2\/posts"}],"about":[{"href":"https:\/\/arantv.az\/index.php?rest_route=\/wp\/v2\/types\/post"}],"author":[{"embeddable":true,"href":"https:\/\/arantv.az\/index.php?rest_route=\/wp\/v2\/users\/2"}],"replies":[{"embeddable":true,"href":"https:\/\/arantv.az\/index.php?rest_route=%2Fwp%2Fv2%2Fcomments&post=20407"}],"version-history":[{"count":0,"href":"https:\/\/arantv.az\/index.php?rest_route=\/wp\/v2\/posts\/20407\/revisions"}],"wp:featuredmedia":[{"embeddable":true,"href":"https:\/\/arantv.az\/index.php?rest_route=\/wp\/v2\/media\/20408"}],"wp:attachment":[{"href":"https:\/\/arantv.az\/index.php?rest_route=%2Fwp%2Fv2%2Fmedia&parent=20407"}],"wp:term":[{"taxonomy":"category","embeddable":true,"href":"https:\/\/arantv.az\/index.php?rest_route=%2Fwp%2Fv2%2Fcategories&post=20407"},{"taxonomy":"post_tag","embeddable":true,"href":"https:\/\/arantv.az\/index.php?rest_route=%2Fwp%2Fv2%2Ftags&post=20407"}],"curies":[{"name":"wp","href":"https:\/\/api.w.org\/{rel}","templated":true}]}}