{"id":20425,"date":"2018-10-22T09:53:13","date_gmt":"2018-10-22T06:53:13","guid":{"rendered":"http:\/\/arantv.az\/?p=20425"},"modified":"2018-10-22T09:53:13","modified_gmt":"2018-10-22T06:53:13","slug":"abs-da-s%c9%99n%c9%99dl%c9%99rd%c9%99-cinsi-d%c9%99yism%c9%99k-qadagan-edil%c9%99c%c9%99k","status":"publish","type":"post","link":"https:\/\/arantv.az\/?p=20425","title":{"rendered":"AB\u015e-da s\u0259n\u0259dl\u0259rd\u0259 cinsi d\u0259yi\u015fm\u0259k qada\u011fan edil\u0259c\u0259k"},"content":{"rendered":"<p>AB\u015e prezidenti\u00a0<strong>Donald Tramp<\/strong>\u00a0administrasiyas\u0131 s\u0259n\u0259dl\u0259rd\u0259 cinsi d\u0259yi\u015fm\u0259yi qada\u011fan etm\u0259k niyy\u0259tind\u0259dir.<\/p>\n<p><b>ARANTV.AZ\u00a0<\/b>x\u0259b\u0259r verir ki, bununla ba\u011fl\u0131 \u201cThe New York Times\u201d m\u0259lumat yay\u0131b.<\/p>\n<p>Qeyd edilib ki, AB\u015e d\u00f6vl\u0259t strukturlar\u0131 bununla cinsiyy\u0259tin m\u00fc\u0259yy\u0259n olunmas\u0131na ayd\u0131nl\u0131q g\u0259tirm\u0259k ist\u0259yir. Bildirilib ki, cinsiyy\u0259t qad\u0131n v\u0259 ki\u015fi olaraq, iki hiss\u0259y\u0259 ayr\u0131lacaq v\u0259 do\u011fum zaman\u0131 m\u00fc\u0259yy\u0259n olunacaq.<\/p>\n<p>Bununla yana\u015f\u0131, b\u00fct\u00fcn fikir m\u00fcxt\u0259liflikl\u0259ri genetik m\u00fcayin\u0259l\u0259rl\u0259 m\u00fc\u0259yy\u0259n olunacaq.<\/p>\n<p>\u018fg\u0259r bu q\u0259rar q\u00fcvv\u0259y\u0259 mins\u0259, AB\u015e-da 1,4 milyondan \u00e7ox insan\u0131n federal s\u0259viyy\u0259d\u0259 genderl\u0259rinin tan\u0131nmas\u0131 l\u0259\u011fv edil\u0259c\u0259k.oxu.az<\/p>\n","protected":false},"excerpt":{"rendered":"<p>AB\u015e prezidenti\u00a0Donald Tramp\u00a0administrasiyas\u0131 s\u0259n\u0259dl\u0259rd\u0259 cinsi d\u0259yi\u015fm\u0259yi qada\u011fan etm\u0259k niyy\u0259tind\u0259dir. ARANTV.AZ\u00a0x\u0259b\u0259r verir ki, bununla ba\u011fl\u0131 \u201cThe New York Times\u201d m\u0259lumat yay\u0131b. Qeyd edilib ki, AB\u015e d\u00f6vl\u0259t strukturlar\u0131 bununla cinsiyy\u0259tin m\u00fc\u0259yy\u0259n olunmas\u0131na ayd\u0131nl\u0131q g\u0259tirm\u0259k ist\u0259yir. Bildirilib ki, cinsiyy\u0259t qad\u0131n v\u0259 ki\u015fi olaraq, iki hiss\u0259y\u0259 ayr\u0131lacaq v\u0259 do\u011fum zaman\u0131 m\u00fc\u0259yy\u0259n olunacaq. Bununla yana\u015f\u0131, b\u00fct\u00fcn fikir m\u00fcxt\u0259liflikl\u0259ri genetik m\u00fcayin\u0259l\u0259rl\u0259 m\u00fc\u0259yy\u0259n olunacaq. \u018fg\u0259r bu q\u0259rar q\u00fcvv\u0259y\u0259 mins\u0259, AB\u015e-da 1,4 milyondan \u00e7ox insan\u0131n federal s\u0259viyy\u0259d\u0259 genderl\u0259rinin tan\u0131nmas\u0131 l\u0259\u011fv edil\u0259c\u0259k.oxu.az<\/p>\n","protected":false},"author":2,"featured_media":20426,"comment_status":"closed","ping_status":"closed","sticky":false,"template":"","format":"standard","meta":{"om_disable_all_campaigns":false,"_monsterinsights_skip_tracking":false,"_monsterinsights_sitenote_active":false,"_monsterinsights_sitenote_note":"","_monsterinsights_sitenote_category":0},"categories":[7],"tags":[],"aioseo_notices":[],"gutentor_comment":0,"rttpg_featured_image_url":{"full":["https:\/\/arantv.az\/wp-content\/uploads\/2018\/10\/famel.jpg",620,383,false],"landscape":["https:\/\/arantv.az\/wp-content\/uploads\/2018\/10\/famel.jpg",620,383,false],"portraits":["https:\/\/arantv.az\/wp-content\/uploads\/2018\/10\/famel.jpg",620,383,false],"thumbnail":["https:\/\/arantv.az\/wp-content\/uploads\/2018\/10\/famel-150x150.jpg",150,150,true],"medium":["https:\/\/arantv.az\/wp-content\/uploads\/2018\/10\/famel-300x185.jpg",300,185,true],"large":["https:\/\/arantv.az\/wp-content\/uploads\/2018\/10\/famel.jpg",620,383,false],"1536x1536":["https:\/\/arantv.az\/wp-content\/uploads\/2018\/10\/famel.jpg",620,383,false],"2048x2048":["https:\/\/arantv.az\/wp-content\/uploads\/2018\/10\/famel.jpg",620,383,false],"post-thumbnail":["https:\/\/arantv.az\/wp-content\/uploads\/2018\/10\/famel-240x172.jpg",240,172,true],"advps-thumb-one":["https:\/\/arantv.az\/wp-content\/uploads\/2018\/10\/famel.jpg",620,383,false]},"rttpg_author":{"display_name":"V\u00fcsal Rafiqo\u011flu","author_link":"https:\/\/arantv.az\/?author=2"},"rttpg_comment":0,"rttpg_category":"<a href=\"https:\/\/arantv.az\/?cat=7\" rel=\"category\">D\u00fcnya<\/a>","rttpg_excerpt":"AB\u015e prezidenti\u00a0Donald Tramp\u00a0administrasiyas\u0131 s\u0259n\u0259dl\u0259rd\u0259 cinsi d\u0259yi\u015fm\u0259yi qada\u011fan etm\u0259k niyy\u0259tind\u0259dir. ARANTV.AZ\u00a0x\u0259b\u0259r verir ki, bununla ba\u011fl\u0131 \u201cThe New York Times\u201d m\u0259lumat yay\u0131b. Qeyd edilib ki, AB\u015e d\u00f6vl\u0259t strukturlar\u0131 bununla cinsiyy\u0259tin m\u00fc\u0259yy\u0259n olunmas\u0131na ayd\u0131nl\u0131q g\u0259tirm\u0259k ist\u0259yir. Bildirilib ki, cinsiyy\u0259t qad\u0131n v\u0259 ki\u015fi olaraq, iki hiss\u0259y\u0259 ayr\u0131lacaq v\u0259 do\u011fum zaman\u0131 m\u00fc\u0259yy\u0259n olunacaq. Bununla yana\u015f\u0131, b\u00fct\u00fcn fikir m\u00fcxt\u0259liflikl\u0259ri genetik m\u00fcayin\u0259l\u0259rl\u0259&hellip;","_links":{"self":[{"href":"https:\/\/arantv.az\/index.php?rest_route=\/wp\/v2\/posts\/20425"}],"collection":[{"href":"https:\/\/arantv.az\/index.php?rest_route=\/wp\/v2\/posts"}],"about":[{"href":"https:\/\/arantv.az\/index.php?rest_route=\/wp\/v2\/types\/post"}],"author":[{"embeddable":true,"href":"https:\/\/arantv.az\/index.php?rest_route=\/wp\/v2\/users\/2"}],"replies":[{"embeddable":true,"href":"https:\/\/arantv.az\/index.php?rest_route=%2Fwp%2Fv2%2Fcomments&post=20425"}],"version-history":[{"count":0,"href":"https:\/\/arantv.az\/index.php?rest_route=\/wp\/v2\/posts\/20425\/revisions"}],"wp:featuredmedia":[{"embeddable":true,"href":"https:\/\/arantv.az\/index.php?rest_route=\/wp\/v2\/media\/20426"}],"wp:attachment":[{"href":"https:\/\/arantv.az\/index.php?rest_route=%2Fwp%2Fv2%2Fmedia&parent=20425"}],"wp:term":[{"taxonomy":"category","embeddable":true,"href":"https:\/\/arantv.az\/index.php?rest_route=%2Fwp%2Fv2%2Fcategories&post=20425"},{"taxonomy":"post_tag","embeddable":true,"href":"https:\/\/arantv.az\/index.php?rest_route=%2Fwp%2Fv2%2Ftags&post=20425"}],"curies":[{"name":"wp","href":"https:\/\/api.w.org\/{rel}","templated":true}]}}