{"id":20437,"date":"2018-10-22T10:01:06","date_gmt":"2018-10-22T07:01:06","guid":{"rendered":"http:\/\/arantv.az\/?p=20437"},"modified":"2018-10-22T10:01:06","modified_gmt":"2018-10-22T07:01:06","slug":"az%c9%99rbaycanin-dovl%c9%99t-must%c9%99qilliyi-gunu-londonda-qeyd-olunub","status":"publish","type":"post","link":"https:\/\/arantv.az\/?p=20437","title":{"rendered":"Az\u0259rbaycan\u0131n D\u00f6vl\u0259t M\u00fcst\u0259qilliyi G\u00fcn\u00fc Londonda qeyd olunub"},"content":{"rendered":"<p><strong>ARANTV.AZ<\/strong> x\u0259b\u0259r verir ki, B\u00f6y\u00fck Britaniyan\u0131n paytaxt\u0131 Londonda Az\u0259rbaycan\u0131n D\u00f6vl\u0259t M\u00fcst\u0259qilliyi G\u00fcn\u00fc m\u00fcnasib\u0259til\u0259 t\u0259dbir ke\u00e7irilib.<\/p>\n<p>Az\u0259rbaycan Evind\u0259 ke\u00e7iril\u0259n t\u0259dbird\u0259 \u0259vv\u0259lc\u0259 \u015f\u0259hidl\u0259rin xatir\u0259si bir d\u0259qiq\u0259lik s\u00fckutla yad edilib.<\/p>\n<p>Sonra Az\u0259rbaycan\u0131n d\u00f6vl\u0259t himni s\u0259sl\u0259ndirilib v\u0259 \u201cAz\u0259rbaycan\u0131n m\u00fcst\u0259qillik yolu\u201d adl\u0131 video\u00e7arx n\u00fcmayi\u015f etdirilib.<\/p>\n<p>T\u0259dbiri a\u00e7an Az\u0259rbaycan Evi M\u0259d\u0259niyy\u0259t v\u0259 Dostuq M\u0259rk\u0259zinin yarad\u0131c\u0131s\u0131 v\u0259 r\u0259hb\u0259ri \u018fli T\u0259kin Atalar qonaqlara Az\u0259rbaycan\u0131n m\u00fcst\u0259qillik g\u00fcn\u00fcn\u00fcn tarixind\u0259n dan\u0131\u015f\u0131b. O deyib ki, m\u00fcst\u0259qil Az\u0259rbaycan Respublikas\u0131 1918-1920-ci ill\u0259rd\u0259 f\u0259aliyy\u0259t g\u00f6st\u0259rmi\u015f Az\u0259rbaycan Xalq C\u00fcmhuriyy\u0259tinin varisidir.<\/p>\n<p>Daha sonra g\u00fcrc\u00fc \u0259silli antropoloq v\u0259 etnoqraf, \u0130ngilt\u0259r\u0259nin \u0259n m\u0259\u015fhur universitetl\u0259rind\u0259 d\u0259rs demi\u015f Tamara Draqadze \u00e7\u0131x\u0131\u015f edib. O, Az\u0259rbaycan\u0131n m\u00fcst\u0259qilliyini b\u0259rpa etm\u0259sind\u0259n, o d\u00f6vrd\u0259 ya\u015fanm\u0131\u015f probleml\u0259rd\u0259n dan\u0131\u015f\u0131b v\u0259 qonaqlar\u0131n suallar\u0131n\u0131 cavabland\u0131r\u0131b.<\/p>\n<p>T\u0259dbird\u0259 Az\u0259rbaycan\u0131n B\u00f6y\u00fck Britaniyadak\u0131 s\u0259firliyinin \u0259m\u0259kda\u015flar\u0131 G\u00fcnel S\u0259limova v\u0259 Ramin \u018fl\u0259kb\u0259rov, h\u0259m\u00e7inin London Universitet Kollecinin m\u0259zunu Turan Qafarl\u0131 m\u00fcst\u0259qillik g\u00fcn\u00fc il\u0259 ba\u011fl\u0131 fikirl\u0259rini b\u00f6l\u00fc\u015f\u00fcbl\u0259r.<\/p>\n","protected":false},"excerpt":{"rendered":"<p>ARANTV.AZ x\u0259b\u0259r verir ki, B\u00f6y\u00fck Britaniyan\u0131n paytaxt\u0131 Londonda Az\u0259rbaycan\u0131n D\u00f6vl\u0259t M\u00fcst\u0259qilliyi G\u00fcn\u00fc m\u00fcnasib\u0259til\u0259 t\u0259dbir ke\u00e7irilib. Az\u0259rbaycan Evind\u0259 ke\u00e7iril\u0259n t\u0259dbird\u0259 \u0259vv\u0259lc\u0259 \u015f\u0259hidl\u0259rin xatir\u0259si bir d\u0259qiq\u0259lik s\u00fckutla yad edilib. Sonra Az\u0259rbaycan\u0131n d\u00f6vl\u0259t himni s\u0259sl\u0259ndirilib v\u0259 \u201cAz\u0259rbaycan\u0131n m\u00fcst\u0259qillik yolu\u201d adl\u0131 video\u00e7arx n\u00fcmayi\u015f etdirilib. T\u0259dbiri a\u00e7an Az\u0259rbaycan Evi M\u0259d\u0259niyy\u0259t v\u0259 Dostuq M\u0259rk\u0259zinin yarad\u0131c\u0131s\u0131 v\u0259 r\u0259hb\u0259ri \u018fli T\u0259kin Atalar qonaqlara Az\u0259rbaycan\u0131n m\u00fcst\u0259qillik g\u00fcn\u00fcn\u00fcn tarixind\u0259n dan\u0131\u015f\u0131b. O deyib ki, m\u00fcst\u0259qil Az\u0259rbaycan Respublikas\u0131 1918-1920-ci ill\u0259rd\u0259 f\u0259aliyy\u0259t g\u00f6st\u0259rmi\u015f Az\u0259rbaycan Xalq C\u00fcmhuriyy\u0259tinin varisidir. Daha sonra g\u00fcrc\u00fc \u0259silli antropoloq v\u0259 etnoqraf, \u0130ngilt\u0259r\u0259nin \u0259n m\u0259\u015fhur universitetl\u0259rind\u0259 d\u0259rs demi\u015f Tamara Draqadze \u00e7\u0131x\u0131\u015f&hellip;<\/p>\n","protected":false},"author":2,"featured_media":20438,"comment_status":"closed","ping_status":"closed","sticky":false,"template":"","format":"standard","meta":{"om_disable_all_campaigns":false,"_monsterinsights_skip_tracking":false,"_monsterinsights_sitenote_active":false,"_monsterinsights_sitenote_note":"","_monsterinsights_sitenote_category":0},"categories":[4],"tags":[],"aioseo_notices":[],"gutentor_comment":0,"rttpg_featured_image_url":{"full":["https:\/\/arantv.az\/wp-content\/uploads\/2018\/10\/0jk701smopdpqgfhaglnqft3b6lon.jpg",910,669,false],"landscape":["https:\/\/arantv.az\/wp-content\/uploads\/2018\/10\/0jk701smopdpqgfhaglnqft3b6lon.jpg",910,669,false],"portraits":["https:\/\/arantv.az\/wp-content\/uploads\/2018\/10\/0jk701smopdpqgfhaglnqft3b6lon.jpg",910,669,false],"thumbnail":["https:\/\/arantv.az\/wp-content\/uploads\/2018\/10\/0jk701smopdpqgfhaglnqft3b6lon-150x150.jpg",150,150,true],"medium":["https:\/\/arantv.az\/wp-content\/uploads\/2018\/10\/0jk701smopdpqgfhaglnqft3b6lon-300x221.jpg",300,221,true],"large":["https:\/\/arantv.az\/wp-content\/uploads\/2018\/10\/0jk701smopdpqgfhaglnqft3b6lon.jpg",640,471,false],"1536x1536":["https:\/\/arantv.az\/wp-content\/uploads\/2018\/10\/0jk701smopdpqgfhaglnqft3b6lon.jpg",910,669,false],"2048x2048":["https:\/\/arantv.az\/wp-content\/uploads\/2018\/10\/0jk701smopdpqgfhaglnqft3b6lon.jpg",910,669,false],"post-thumbnail":["https:\/\/arantv.az\/wp-content\/uploads\/2018\/10\/0jk701smopdpqgfhaglnqft3b6lon-240x172.jpg",240,172,true],"advps-thumb-one":["https:\/\/arantv.az\/wp-content\/uploads\/2018\/10\/0jk701smopdpqgfhaglnqft3b6lon-910x620.jpg",910,620,true]},"rttpg_author":{"display_name":"V\u00fcsal Rafiqo\u011flu","author_link":"https:\/\/arantv.az\/?author=2"},"rttpg_comment":0,"rttpg_category":"<a href=\"https:\/\/arantv.az\/?cat=4\" rel=\"category\">Siyas\u0259t<\/a>","rttpg_excerpt":"ARANTV.AZ x\u0259b\u0259r verir ki, B\u00f6y\u00fck Britaniyan\u0131n paytaxt\u0131 Londonda Az\u0259rbaycan\u0131n D\u00f6vl\u0259t M\u00fcst\u0259qilliyi G\u00fcn\u00fc m\u00fcnasib\u0259til\u0259 t\u0259dbir ke\u00e7irilib. Az\u0259rbaycan Evind\u0259 ke\u00e7iril\u0259n t\u0259dbird\u0259 \u0259vv\u0259lc\u0259 \u015f\u0259hidl\u0259rin xatir\u0259si bir d\u0259qiq\u0259lik s\u00fckutla yad edilib. Sonra Az\u0259rbaycan\u0131n d\u00f6vl\u0259t himni s\u0259sl\u0259ndirilib v\u0259 \u201cAz\u0259rbaycan\u0131n m\u00fcst\u0259qillik yolu\u201d adl\u0131 video\u00e7arx n\u00fcmayi\u015f etdirilib. T\u0259dbiri a\u00e7an Az\u0259rbaycan Evi M\u0259d\u0259niyy\u0259t v\u0259 Dostuq M\u0259rk\u0259zinin yarad\u0131c\u0131s\u0131 v\u0259 r\u0259hb\u0259ri \u018fli T\u0259kin Atalar qonaqlara&hellip;","_links":{"self":[{"href":"https:\/\/arantv.az\/index.php?rest_route=\/wp\/v2\/posts\/20437"}],"collection":[{"href":"https:\/\/arantv.az\/index.php?rest_route=\/wp\/v2\/posts"}],"about":[{"href":"https:\/\/arantv.az\/index.php?rest_route=\/wp\/v2\/types\/post"}],"author":[{"embeddable":true,"href":"https:\/\/arantv.az\/index.php?rest_route=\/wp\/v2\/users\/2"}],"replies":[{"embeddable":true,"href":"https:\/\/arantv.az\/index.php?rest_route=%2Fwp%2Fv2%2Fcomments&post=20437"}],"version-history":[{"count":0,"href":"https:\/\/arantv.az\/index.php?rest_route=\/wp\/v2\/posts\/20437\/revisions"}],"wp:featuredmedia":[{"embeddable":true,"href":"https:\/\/arantv.az\/index.php?rest_route=\/wp\/v2\/media\/20438"}],"wp:attachment":[{"href":"https:\/\/arantv.az\/index.php?rest_route=%2Fwp%2Fv2%2Fmedia&parent=20437"}],"wp:term":[{"taxonomy":"category","embeddable":true,"href":"https:\/\/arantv.az\/index.php?rest_route=%2Fwp%2Fv2%2Fcategories&post=20437"},{"taxonomy":"post_tag","embeddable":true,"href":"https:\/\/arantv.az\/index.php?rest_route=%2Fwp%2Fv2%2Ftags&post=20437"}],"curies":[{"name":"wp","href":"https:\/\/api.w.org\/{rel}","templated":true}]}}