{"id":20446,"date":"2018-10-22T10:17:56","date_gmt":"2018-10-22T07:17:56","guid":{"rendered":"http:\/\/arantv.az\/?p=20446"},"modified":"2018-10-22T10:17:56","modified_gmt":"2018-10-22T07:17:56","slug":"az%c9%99rbaycanda-yeni-ana-olan-26-yasli-qadin-kuc%c9%99d%c9%99-oldu-t%c9%99f%c9%99rruat","status":"publish","type":"post","link":"https:\/\/arantv.az\/?p=20446","title":{"rendered":"Az\u0259rbaycanda yeni ana olan 26 ya\u015fl\u0131 qad\u0131n k\u00fc\u00e7\u0259d\u0259 \u00f6ld\u00fc &#8211; T\u018fF\u018fRR\u00dcAT"},"content":{"rendered":"<p><strong>Balak\u0259n rayonunda m\u0259rk\u0259zi x\u0259st\u0259xanan\u0131n \u0259m\u0259kda\u015f\u0131 olan 26 ya\u015fl\u0131 qad\u0131n\u0131n k\u00fc\u00e7\u0259d\u0259 q\u0259fil \u00f6l\u00fcm\u00fc il\u0259 ba\u011fl\u0131 b\u0259zi m\u0259qamlar \u00fcz\u0259 \u00e7\u0131x\u0131b.<\/strong><\/p>\n<p><b>ARANTV.AZ\u00a0<\/b>x\u0259b\u0259r verir ki, Balak\u0259n \u015f\u0259h\u0259ri Heyd\u0259r \u018fliyev prospektind\u0259 hal\u0131 pisl\u0259\u015f\u0259r\u0259k q\u0259fil v\u0259fat ed\u0259n 1992-ci il t\u0259v\u0259ll\u00fcdl\u00fc \u015eibliyeva Ayg\u00fcn \u0130lqar q\u0131z\u0131 hadis\u0259d\u0259n 10 g\u00fcn \u0259vv\u0259l ana olubmu\u015f. Bel\u0259 ki, oktyabr\u0131n 9-da A.\u015eibliyeva m\u0259rk\u0259zi x\u0259st\u0259xanan\u0131n do\u011fum \u015f\u00f6b\u0259sin\u0259 yerl\u0259\u015fdirilib v\u0259 t\u0259bii yolla o\u011flan usa\u011f\u0131 d\u00fcnyaya g\u0259tirib. Oktyabr\u0131n 15-d\u0259 o, x\u0259st\u0259xanadan ev\u0259 burax\u0131l\u0131b. 5 g\u00fcn sonra is\u0259 dayanacaqda mar\u015frut g\u00f6zl\u0259y\u0259n zaman q\u0259fild\u0259n onun hal\u0131 pisl\u0259\u015f\u0259r\u0259k y\u0131x\u0131l\u0131b. 26 ya\u015fl\u0131 Ayg\u00fcn x\u0259st\u0259xanaya \u00e7atd\u0131r\u0131lsa da, onun h\u0259yat\u0131n\u0131 xilas etm\u0259k m\u00fcmk\u00fcn olmay\u0131b.<\/p>\n<p>Bildirili ki, g\u0259nc qad\u0131n do\u011fu\u015fdan sonra b\u0259rpa prosesini yax\u015f\u0131 ke\u00e7irm\u0259yib. O, do\u011fu\u015fdan bir h\u0259ft\u0259 sonra i\u015f\u0259 \u00e7\u0131xma\u011fa ba\u015flay\u0131b.<\/p>\n<div id=\"AdributorNativeVideo0\" class=\"AdributorNativeVideo\"><\/div>\n<p>Faktla ba\u011fl\u0131 ara\u015fd\u0131rmalar davam etdirilir.<\/p>\n<p>publika.az<\/p>\n","protected":false},"excerpt":{"rendered":"<p>Balak\u0259n rayonunda m\u0259rk\u0259zi x\u0259st\u0259xanan\u0131n \u0259m\u0259kda\u015f\u0131 olan 26 ya\u015fl\u0131 qad\u0131n\u0131n k\u00fc\u00e7\u0259d\u0259 q\u0259fil \u00f6l\u00fcm\u00fc il\u0259 ba\u011fl\u0131 b\u0259zi m\u0259qamlar \u00fcz\u0259 \u00e7\u0131x\u0131b. ARANTV.AZ\u00a0x\u0259b\u0259r verir ki, Balak\u0259n \u015f\u0259h\u0259ri Heyd\u0259r \u018fliyev prospektind\u0259 hal\u0131 pisl\u0259\u015f\u0259r\u0259k q\u0259fil v\u0259fat ed\u0259n 1992-ci il t\u0259v\u0259ll\u00fcdl\u00fc \u015eibliyeva Ayg\u00fcn \u0130lqar q\u0131z\u0131 hadis\u0259d\u0259n 10 g\u00fcn \u0259vv\u0259l ana olubmu\u015f. Bel\u0259 ki, oktyabr\u0131n 9-da A.\u015eibliyeva m\u0259rk\u0259zi x\u0259st\u0259xanan\u0131n do\u011fum \u015f\u00f6b\u0259sin\u0259 yerl\u0259\u015fdirilib v\u0259 t\u0259bii yolla o\u011flan usa\u011f\u0131 d\u00fcnyaya g\u0259tirib. Oktyabr\u0131n 15-d\u0259 o, x\u0259st\u0259xanadan ev\u0259 burax\u0131l\u0131b. 5 g\u00fcn sonra is\u0259 dayanacaqda mar\u015frut g\u00f6zl\u0259y\u0259n zaman q\u0259fild\u0259n onun hal\u0131 pisl\u0259\u015f\u0259r\u0259k y\u0131x\u0131l\u0131b. 26 ya\u015fl\u0131 Ayg\u00fcn x\u0259st\u0259xanaya \u00e7atd\u0131r\u0131lsa da, onun h\u0259yat\u0131n\u0131 xilas etm\u0259k&hellip;<\/p>\n","protected":false},"author":2,"featured_media":20447,"comment_status":"closed","ping_status":"closed","sticky":false,"template":"","format":"standard","meta":{"om_disable_all_campaigns":false,"_monsterinsights_skip_tracking":false,"_monsterinsights_sitenote_active":false,"_monsterinsights_sitenote_note":"","_monsterinsights_sitenote_category":0},"categories":[5],"tags":[],"aioseo_notices":[],"gutentor_comment":0,"rttpg_featured_image_url":{"full":["https:\/\/arantv.az\/wp-content\/uploads\/2018\/10\/tecili.jpg",800,450,false],"landscape":["https:\/\/arantv.az\/wp-content\/uploads\/2018\/10\/tecili.jpg",800,450,false],"portraits":["https:\/\/arantv.az\/wp-content\/uploads\/2018\/10\/tecili.jpg",800,450,false],"thumbnail":["https:\/\/arantv.az\/wp-content\/uploads\/2018\/10\/tecili-150x150.jpg",150,150,true],"medium":["https:\/\/arantv.az\/wp-content\/uploads\/2018\/10\/tecili-300x169.jpg",300,169,true],"large":["https:\/\/arantv.az\/wp-content\/uploads\/2018\/10\/tecili.jpg",640,360,false],"1536x1536":["https:\/\/arantv.az\/wp-content\/uploads\/2018\/10\/tecili.jpg",800,450,false],"2048x2048":["https:\/\/arantv.az\/wp-content\/uploads\/2018\/10\/tecili.jpg",800,450,false],"post-thumbnail":["https:\/\/arantv.az\/wp-content\/uploads\/2018\/10\/tecili-240x172.jpg",240,172,true],"advps-thumb-one":["https:\/\/arantv.az\/wp-content\/uploads\/2018\/10\/tecili.jpg",800,450,false]},"rttpg_author":{"display_name":"V\u00fcsal Rafiqo\u011flu","author_link":"https:\/\/arantv.az\/?author=2"},"rttpg_comment":0,"rttpg_category":"<a href=\"https:\/\/arantv.az\/?cat=5\" rel=\"category\">Hadis\u0259<\/a>","rttpg_excerpt":"Balak\u0259n rayonunda m\u0259rk\u0259zi x\u0259st\u0259xanan\u0131n \u0259m\u0259kda\u015f\u0131 olan 26 ya\u015fl\u0131 qad\u0131n\u0131n k\u00fc\u00e7\u0259d\u0259 q\u0259fil \u00f6l\u00fcm\u00fc il\u0259 ba\u011fl\u0131 b\u0259zi m\u0259qamlar \u00fcz\u0259 \u00e7\u0131x\u0131b. ARANTV.AZ\u00a0x\u0259b\u0259r verir ki, Balak\u0259n \u015f\u0259h\u0259ri Heyd\u0259r \u018fliyev prospektind\u0259 hal\u0131 pisl\u0259\u015f\u0259r\u0259k q\u0259fil v\u0259fat ed\u0259n 1992-ci il t\u0259v\u0259ll\u00fcdl\u00fc \u015eibliyeva Ayg\u00fcn \u0130lqar q\u0131z\u0131 hadis\u0259d\u0259n 10 g\u00fcn \u0259vv\u0259l ana olubmu\u015f. Bel\u0259 ki, oktyabr\u0131n 9-da A.\u015eibliyeva m\u0259rk\u0259zi x\u0259st\u0259xanan\u0131n do\u011fum \u015f\u00f6b\u0259sin\u0259 yerl\u0259\u015fdirilib v\u0259&hellip;","_links":{"self":[{"href":"https:\/\/arantv.az\/index.php?rest_route=\/wp\/v2\/posts\/20446"}],"collection":[{"href":"https:\/\/arantv.az\/index.php?rest_route=\/wp\/v2\/posts"}],"about":[{"href":"https:\/\/arantv.az\/index.php?rest_route=\/wp\/v2\/types\/post"}],"author":[{"embeddable":true,"href":"https:\/\/arantv.az\/index.php?rest_route=\/wp\/v2\/users\/2"}],"replies":[{"embeddable":true,"href":"https:\/\/arantv.az\/index.php?rest_route=%2Fwp%2Fv2%2Fcomments&post=20446"}],"version-history":[{"count":0,"href":"https:\/\/arantv.az\/index.php?rest_route=\/wp\/v2\/posts\/20446\/revisions"}],"wp:featuredmedia":[{"embeddable":true,"href":"https:\/\/arantv.az\/index.php?rest_route=\/wp\/v2\/media\/20447"}],"wp:attachment":[{"href":"https:\/\/arantv.az\/index.php?rest_route=%2Fwp%2Fv2%2Fmedia&parent=20446"}],"wp:term":[{"taxonomy":"category","embeddable":true,"href":"https:\/\/arantv.az\/index.php?rest_route=%2Fwp%2Fv2%2Fcategories&post=20446"},{"taxonomy":"post_tag","embeddable":true,"href":"https:\/\/arantv.az\/index.php?rest_route=%2Fwp%2Fv2%2Ftags&post=20446"}],"curies":[{"name":"wp","href":"https:\/\/api.w.org\/{rel}","templated":true}]}}