{"id":205105,"date":"2020-08-14T16:38:19","date_gmt":"2020-08-14T13:38:19","guid":{"rendered":"http:\/\/arantv.az\/?p=205105"},"modified":"2020-08-14T16:38:19","modified_gmt":"2020-08-14T13:38:19","slug":"din-d%c9%99n-asura-gunu-il%c9%99-bagli-x%c9%99b%c9%99rdarliq","status":"publish","type":"post","link":"https:\/\/arantv.az\/?p=205105","title":{"rendered":"D\u0130N-d\u0259n \u201cA\u015fura\u201d g\u00fcn\u00fc il\u0259 ba\u011fl\u0131 X\u018fB\u018fRDARLIQ"},"content":{"rendered":"<p>M\u0259lum oldu\u011fu kimi, Az\u0259rbaycan Respublikas\u0131 Nazirl\u0259r Kabinetinin Q\u0259rar\u0131 il\u0259 2020-ci il avqust ay\u0131n\u0131n 31-d\u0259k \u00f6lk\u0259 \u0259razisind\u0259 t\u0259tbiq edil\u0259n x\u00fcsusi karantin rejimi d\u00f6vr\u00fcnd\u0259 b\u00fct\u00fcn k\u00fctl\u0259vi t\u0259dbirl\u0259r, o c\u00fcml\u0259d\u0259n dini ayinl\u0259rin ke\u00e7irilm\u0259si, ictimai v\u0259 dig\u0259r yerl\u0259rd\u0259 \u015f\u0259xsl\u0259rin 5-10 n\u0259f\u0259rd\u0259n art\u0131q qruplarda c\u0259ml\u0259\u015fm\u0259si qada\u011fan edilmi\u015f, m\u0259scidl\u0259rin f\u0259aliyy\u0259ti dayand\u0131r\u0131l\u0131b.<\/p>\n<div id=\"AdviadNativeVideo0\" class=\"AdviadNativeVideo\"><\/div>\n<p>Daxili \u0130\u015fl\u0259r Nazirliyind\u0259n bildirilib ki, cari il avqust ay\u0131n\u0131n 21-d\u0259n ba\u015flayan M\u0259h\u0259rr\u0259m ay\u0131 il\u0259 \u0259laq\u0259dar, o c\u00fcml\u0259d\u0259n \u201cA\u015fura\u201d g\u00fcn\u00fcnd\u0259 m\u0259scidl\u0259rd\u0259, ziyar\u0259tgahlarda v\u0259 dig\u0259r ibad\u0259t yerl\u0259rind\u0259, el\u0259c\u0259 d\u0259 ayr\u0131-ayr\u0131 evl\u0259rd\u0259 topla\u015fmaq yolverilm\u0259zdir:<\/p>\n<p>\u201cH\u0259r bir k\u0259si bu m\u00fcraci\u0259ti anlay\u0131\u015fla qar\u015f\u0131lama\u011fa v\u0259 x\u00fcsusi karantin rejiminin t\u0259l\u0259bl\u0259rin\u0259 ciddi \u0259m\u0259l etm\u0259y\u0259 \u00e7a\u011f\u0131r\u0131r\u0131q\u201d.<\/p>\n","protected":false},"excerpt":{"rendered":"<p>M\u0259lum oldu\u011fu kimi, Az\u0259rbaycan Respublikas\u0131 Nazirl\u0259r Kabinetinin Q\u0259rar\u0131 il\u0259 2020-ci il avqust ay\u0131n\u0131n 31-d\u0259k \u00f6lk\u0259 \u0259razisind\u0259 t\u0259tbiq edil\u0259n x\u00fcsusi karantin rejimi d\u00f6vr\u00fcnd\u0259 b\u00fct\u00fcn k\u00fctl\u0259vi t\u0259dbirl\u0259r, o c\u00fcml\u0259d\u0259n dini ayinl\u0259rin ke\u00e7irilm\u0259si, ictimai v\u0259 dig\u0259r yerl\u0259rd\u0259 \u015f\u0259xsl\u0259rin 5-10 n\u0259f\u0259rd\u0259n art\u0131q qruplarda c\u0259ml\u0259\u015fm\u0259si qada\u011fan edilmi\u015f, m\u0259scidl\u0259rin f\u0259aliyy\u0259ti dayand\u0131r\u0131l\u0131b. Daxili \u0130\u015fl\u0259r Nazirliyind\u0259n bildirilib ki, cari il avqust ay\u0131n\u0131n 21-d\u0259n ba\u015flayan M\u0259h\u0259rr\u0259m ay\u0131 il\u0259 \u0259laq\u0259dar, o c\u00fcml\u0259d\u0259n \u201cA\u015fura\u201d g\u00fcn\u00fcnd\u0259 m\u0259scidl\u0259rd\u0259, ziyar\u0259tgahlarda v\u0259 dig\u0259r ibad\u0259t yerl\u0259rind\u0259, el\u0259c\u0259 d\u0259 ayr\u0131-ayr\u0131 evl\u0259rd\u0259 topla\u015fmaq yolverilm\u0259zdir: \u201cH\u0259r bir k\u0259si bu m\u00fcraci\u0259ti anlay\u0131\u015fla qar\u015f\u0131lama\u011fa v\u0259 x\u00fcsusi karantin rejiminin t\u0259l\u0259bl\u0259rin\u0259 ciddi \u0259m\u0259l&hellip;<\/p>\n","protected":false},"author":2,"featured_media":205106,"comment_status":"closed","ping_status":"closed","sticky":false,"template":"","format":"standard","meta":{"om_disable_all_campaigns":false,"_monsterinsights_skip_tracking":false,"_monsterinsights_sitenote_active":false,"_monsterinsights_sitenote_note":"","_monsterinsights_sitenote_category":0},"categories":[19],"tags":[],"aioseo_notices":[],"gutentor_comment":0,"rttpg_featured_image_url":{"full":["https:\/\/arantv.az\/wp-content\/uploads\/2020\/08\/din.jpg",620,413,false],"landscape":["https:\/\/arantv.az\/wp-content\/uploads\/2020\/08\/din.jpg",620,413,false],"portraits":["https:\/\/arantv.az\/wp-content\/uploads\/2020\/08\/din.jpg",620,413,false],"thumbnail":["https:\/\/arantv.az\/wp-content\/uploads\/2020\/08\/din-150x150.jpg",150,150,true],"medium":["https:\/\/arantv.az\/wp-content\/uploads\/2020\/08\/din-300x200.jpg",300,200,true],"large":["https:\/\/arantv.az\/wp-content\/uploads\/2020\/08\/din.jpg",620,413,false],"1536x1536":["https:\/\/arantv.az\/wp-content\/uploads\/2020\/08\/din.jpg",620,413,false],"2048x2048":["https:\/\/arantv.az\/wp-content\/uploads\/2020\/08\/din.jpg",620,413,false],"post-thumbnail":["https:\/\/arantv.az\/wp-content\/uploads\/2020\/08\/din-240x172.jpg",240,172,true],"advps-thumb-one":["https:\/\/arantv.az\/wp-content\/uploads\/2020\/08\/din.jpg",620,413,false]},"rttpg_author":{"display_name":"V\u00fcsal Rafiqo\u011flu","author_link":"https:\/\/arantv.az\/?author=2"},"rttpg_comment":0,"rttpg_category":"<a href=\"https:\/\/arantv.az\/?cat=19\" rel=\"category\">G\u00fcnd\u0259m<\/a>","rttpg_excerpt":"M\u0259lum oldu\u011fu kimi, Az\u0259rbaycan Respublikas\u0131 Nazirl\u0259r Kabinetinin Q\u0259rar\u0131 il\u0259 2020-ci il avqust ay\u0131n\u0131n 31-d\u0259k \u00f6lk\u0259 \u0259razisind\u0259 t\u0259tbiq edil\u0259n x\u00fcsusi karantin rejimi d\u00f6vr\u00fcnd\u0259 b\u00fct\u00fcn k\u00fctl\u0259vi t\u0259dbirl\u0259r, o c\u00fcml\u0259d\u0259n dini ayinl\u0259rin ke\u00e7irilm\u0259si, ictimai v\u0259 dig\u0259r yerl\u0259rd\u0259 \u015f\u0259xsl\u0259rin 5-10 n\u0259f\u0259rd\u0259n art\u0131q qruplarda c\u0259ml\u0259\u015fm\u0259si qada\u011fan edilmi\u015f, m\u0259scidl\u0259rin f\u0259aliyy\u0259ti dayand\u0131r\u0131l\u0131b. Daxili \u0130\u015fl\u0259r Nazirliyind\u0259n bildirilib ki, cari il avqust ay\u0131n\u0131n 21-d\u0259n&hellip;","_links":{"self":[{"href":"https:\/\/arantv.az\/index.php?rest_route=\/wp\/v2\/posts\/205105"}],"collection":[{"href":"https:\/\/arantv.az\/index.php?rest_route=\/wp\/v2\/posts"}],"about":[{"href":"https:\/\/arantv.az\/index.php?rest_route=\/wp\/v2\/types\/post"}],"author":[{"embeddable":true,"href":"https:\/\/arantv.az\/index.php?rest_route=\/wp\/v2\/users\/2"}],"replies":[{"embeddable":true,"href":"https:\/\/arantv.az\/index.php?rest_route=%2Fwp%2Fv2%2Fcomments&post=205105"}],"version-history":[{"count":0,"href":"https:\/\/arantv.az\/index.php?rest_route=\/wp\/v2\/posts\/205105\/revisions"}],"wp:featuredmedia":[{"embeddable":true,"href":"https:\/\/arantv.az\/index.php?rest_route=\/wp\/v2\/media\/205106"}],"wp:attachment":[{"href":"https:\/\/arantv.az\/index.php?rest_route=%2Fwp%2Fv2%2Fmedia&parent=205105"}],"wp:term":[{"taxonomy":"category","embeddable":true,"href":"https:\/\/arantv.az\/index.php?rest_route=%2Fwp%2Fv2%2Fcategories&post=205105"},{"taxonomy":"post_tag","embeddable":true,"href":"https:\/\/arantv.az\/index.php?rest_route=%2Fwp%2Fv2%2Ftags&post=205105"}],"curies":[{"name":"wp","href":"https:\/\/api.w.org\/{rel}","templated":true}]}}