{"id":205113,"date":"2020-08-14T16:39:58","date_gmt":"2020-08-14T13:39:58","guid":{"rendered":"http:\/\/arantv.az\/?p=205113"},"modified":"2020-08-14T16:39:58","modified_gmt":"2020-08-14T13:39:58","slug":"az%c9%99rbaycan-h%c9%99qiq%c9%99tl%c9%99rinin-dunyaya-catdirilmasinda-g%c9%99ncl%c9%99rin-rolu-movzusunda-forum-kecirilib-foto","status":"publish","type":"post","link":"https:\/\/arantv.az\/?p=205113","title":{"rendered":"\u201cAz\u0259rbaycan h\u0259qiq\u0259tl\u0259rinin d\u00fcnyaya \u00e7atd\u0131r\u0131lmas\u0131nda g\u0259ncl\u0259rin rolu\u201d m\u00f6vzusunda forum ke\u00e7irilib &#8211; FOTO"},"content":{"rendered":"<article class=\"news\">\n<div class=\"news-inner\">\n<p>Bu g\u00fcn Az\u0259rbaycan Respublikas\u0131n\u0131n G\u0259ncl\u0259r Fondunun t\u0259\u015fkilat\u00e7\u0131l\u0131\u011f\u0131 il\u0259 \u201cErm\u0259nistan\u0131n Az\u0259rbaycana h\u0259rbi t\u0259cav\u00fcz\u00fc v\u0259 erm\u0259ni t\u0259xribat\u0131, Az\u0259rbaycan h\u0259qiq\u0259tl\u0259rinin d\u00fcnyaya \u00e7atd\u0131r\u0131lmas\u0131nda g\u0259ncl\u0259rin rolu\u201d m\u00f6vzusunda onlayn forum ke\u00e7irilib.<\/p>\n<p>Forumda Az\u0259rbaycan Respublikas\u0131n\u0131n T\u00fcrkiy\u0259 Respublikas\u0131ndak\u0131 f\u00f6vq\u0259lad\u0259 v\u0259 s\u0259lahiyy\u0259tli s\u0259firi X\u0259z\u0259r \u0130brahim, Az\u0259rbaycan\u0131n Los-Ancelesd\u0259ki ba\u015f konsulu N\u0259simi A\u011fayev, Az\u0259rbaycan Respublikas\u0131n\u0131n G\u0259ncl\u0259r Fondunun icra\u00e7\u0131 direktoru F\u0259rid C\u0259f\u0259rov v\u0259 Az\u0259rbaycan Respublikas\u0131n\u0131n Xarici \u0130\u015fl\u0259r Nazirliyinin m\u0259tbuat xidm\u0259ti idar\u0259sinin r\u0259isi Leyla Abdullayeva \u00e7\u0131x\u0131\u015f edibl\u0259r.<\/p>\n<div id=\"AdviadNativeVideo0\" class=\"AdviadNativeVideo\"><\/div>\n<p>G\u0259ncl\u0259r Fondunun r\u0259smi &#8220;facebook&#8221; s\u0259hif\u0259si vasit\u0259sil\u0259 canl\u0131 yay\u0131mlanan g\u00f6r\u00fc\u015fd\u0259 i\u015ftirak ed\u0259n r\u0259smil\u0259r g\u0259ncl\u0259rin \u015f\u0259rhl\u0259r\u0259 yazd\u0131qlar\u0131 suallar\u0131 cavablayaraq, Az\u0259rbaycan h\u0259qiq\u0259tl\u0259rinin g\u0259ncl\u0259r t\u0259r\u0259find\u0259n d\u00fcnyaya \u00e7atd\u0131r\u0131lmas\u0131ndak\u0131 m\u00fch\u00fcm rolu, g\u0259ncl\u0259rin bu sah\u0259d\u0259 f\u0259aliyy\u0259tl\u0259rini d\u00fczg\u00fcn qurmalar\u0131n\u0131n \u0259h\u0259miyy\u0259ti v\u0259 d\u00fcnyan\u0131n h\u0259r yerind\u0259 ya\u015fayan g\u0259ncl\u0259rimizin \u015f\u0259b\u0259k\u0259l\u0259\u015f\u0259r\u0259k vahid amal u\u011frunda birl\u0259\u015fm\u0259l\u0259rinin vacibliyin\u0259 toxunublar.<\/p>\n<p>Eyni zamanda, r\u0259smil\u0259r \u00f6z \u00e7\u0131x\u0131\u015flar\u0131nda xaricd\u0259 ya\u015fayan soyda\u015flar\u0131m\u0131z\u0131n Az\u0259rbaycan ordusuna d\u0259st\u0259k m\u0259qs\u0259dil\u0259 ke\u00e7irdikl\u0259ri aksiyalar\u0131n \u0259h\u0259miyy\u0259tini vur\u011fulay\u0131blar. Eyni zamanda, m\u00fcasir g\u0259ncliyimizin v\u0259t\u0259np\u0259rv\u0259rlik anlay\u0131\u015f\u0131n\u0131n geni\u015f olmas\u0131n\u0131, ald\u0131qlar\u0131 t\u0259hsil\u00a0v\u0259 f\u0259rdi inki\u015faf\u00a0vasit\u0259sil\u0259 v\u0259t\u0259n\u0259 xeyir verm\u0259y\u0259 \u00e7al\u0131\u015fd\u0131qlar\u0131n\u0131 t\u0259qdir\u0259layiq hal kimi d\u0259y\u0259rl\u0259ndiribl\u0259r.<\/p>\n<div class=\"gallery\">\n<div class=\"gallery-i\"><img src=\"https:\/\/cdn.oxu.az\/uploads\/W1siZiIsIjIwMjAvMDgvMTQvMTYvMTcvNTUvZjA4NTA5MzctOTY5ZC00MmY3LTgyYjEtM2YwZmViOGQzYjA1L2Y1LmpwZyJdLFsicCIsImVuY29kZSIsImpwZyIsIi1xdWFsaXR5IDgwIl0sWyJwIiwidGh1bWIiLCI1OTB4NTkwXHUwMDNlIl1d?sha=4a91642e3badb6a9\" alt=\"\" \/><\/p>\n<div class=\"gallery-i-caption\"><\/div>\n<\/div>\n<div class=\"gallery-i\"><img src=\"https:\/\/cdn.oxu.az\/uploads\/W1siZiIsIjIwMjAvMDgvMTQvMTYvMTcvNTUvYTU2OTI0YjgtMTNiYy00MTQzLWE0NTMtMmM1ODIwMDFkMjY5L2Y0LmpwZyJdLFsicCIsImVuY29kZSIsImpwZyIsIi1xdWFsaXR5IDgwIl0sWyJwIiwidGh1bWIiLCI1OTB4NTkwXHUwMDNlIl1d?sha=acd65d82b1a76da0\" alt=\"\" \/><\/p>\n<div class=\"gallery-i-caption\"><\/div>\n<\/div>\n<div class=\"gallery-i\"><img src=\"https:\/\/cdn.oxu.az\/uploads\/W1siZiIsIjIwMjAvMDgvMTQvMTYvMTcvNTUvNWJjMTljOTEtNmY4My00M2RjLThhOGUtMWI5NTY3OThlNDgyL2YzLmpwZyJdLFsicCIsImVuY29kZSIsImpwZyIsIi1xdWFsaXR5IDgwIl0sWyJwIiwidGh1bWIiLCI1OTB4NTkwXHUwMDNlIl1d?sha=abe8a0b9f95d7492\" alt=\"\" \/><\/p>\n<div class=\"gallery-i-caption\"><\/div>\n<\/div>\n<div class=\"gallery-i\"><img src=\"https:\/\/cdn.oxu.az\/uploads\/W1siZiIsIjIwMjAvMDgvMTQvMTYvMTcvNTUvZjI1MzIyZWYtYjk5YS00MjkyLWIzNjctMzA0NWMxNTEyYjgwL2YyLmpwZyJdLFsicCIsImVuY29kZSIsImpwZyIsIi1xdWFsaXR5IDgwIl0sWyJwIiwidGh1bWIiLCI1OTB4NTkwXHUwMDNlIl1d?sha=5d6ecf04c1deedbd\" alt=\"\" \/><\/p>\n<div class=\"gallery-i-caption\"><\/div>\n<\/div>\n<div class=\"gallery-i\"><img src=\"https:\/\/cdn.oxu.az\/uploads\/W1siZiIsIjIwMjAvMDgvMTQvMTYvMTcvNTYvNGM5NTVlN2YtZTdkOS00N2QxLWFiN2QtNDEzOWU0MjA4N2FkL2YxLmpwZyJdLFsicCIsImVuY29kZSIsImpwZyIsIi1xdWFsaXR5IDgwIl0sWyJwIiwidGh1bWIiLCI1OTB4NTkwXHUwMDNlIl1d?sha=d9efd1d65c80ee5a\" alt=\"\" \/><\/p>\n<div class=\"gallery-i-caption\"><\/div>\n<\/div>\n<\/div>\n<\/div>\n<\/article>\n","protected":false},"excerpt":{"rendered":"<p>Bu g\u00fcn Az\u0259rbaycan Respublikas\u0131n\u0131n G\u0259ncl\u0259r Fondunun t\u0259\u015fkilat\u00e7\u0131l\u0131\u011f\u0131 il\u0259 \u201cErm\u0259nistan\u0131n Az\u0259rbaycana h\u0259rbi t\u0259cav\u00fcz\u00fc v\u0259 erm\u0259ni t\u0259xribat\u0131, Az\u0259rbaycan h\u0259qiq\u0259tl\u0259rinin d\u00fcnyaya \u00e7atd\u0131r\u0131lmas\u0131nda g\u0259ncl\u0259rin rolu\u201d m\u00f6vzusunda onlayn forum ke\u00e7irilib. Forumda Az\u0259rbaycan Respublikas\u0131n\u0131n T\u00fcrkiy\u0259 Respublikas\u0131ndak\u0131 f\u00f6vq\u0259lad\u0259 v\u0259 s\u0259lahiyy\u0259tli s\u0259firi X\u0259z\u0259r \u0130brahim, Az\u0259rbaycan\u0131n Los-Ancelesd\u0259ki ba\u015f konsulu N\u0259simi A\u011fayev, Az\u0259rbaycan Respublikas\u0131n\u0131n G\u0259ncl\u0259r Fondunun icra\u00e7\u0131 direktoru F\u0259rid C\u0259f\u0259rov v\u0259 Az\u0259rbaycan Respublikas\u0131n\u0131n Xarici \u0130\u015fl\u0259r Nazirliyinin m\u0259tbuat xidm\u0259ti idar\u0259sinin r\u0259isi Leyla Abdullayeva \u00e7\u0131x\u0131\u015f edibl\u0259r. G\u0259ncl\u0259r Fondunun r\u0259smi &#8220;facebook&#8221; s\u0259hif\u0259si vasit\u0259sil\u0259 canl\u0131 yay\u0131mlanan g\u00f6r\u00fc\u015fd\u0259 i\u015ftirak ed\u0259n r\u0259smil\u0259r g\u0259ncl\u0259rin \u015f\u0259rhl\u0259r\u0259 yazd\u0131qlar\u0131 suallar\u0131 cavablayaraq, Az\u0259rbaycan h\u0259qiq\u0259tl\u0259rinin g\u0259ncl\u0259r t\u0259r\u0259find\u0259n d\u00fcnyaya \u00e7atd\u0131r\u0131lmas\u0131ndak\u0131 m\u00fch\u00fcm rolu, g\u0259ncl\u0259rin&hellip;<\/p>\n","protected":false},"author":2,"featured_media":205114,"comment_status":"closed","ping_status":"closed","sticky":false,"template":"","format":"standard","meta":{"om_disable_all_campaigns":false,"_monsterinsights_skip_tracking":false,"_monsterinsights_sitenote_active":false,"_monsterinsights_sitenote_note":"","_monsterinsights_sitenote_category":0},"categories":[24],"tags":[],"aioseo_notices":[],"gutentor_comment":0,"rttpg_featured_image_url":{"full":["https:\/\/arantv.az\/wp-content\/uploads\/2020\/08\/FotoJet-1-6.jpg",620,413,false],"landscape":["https:\/\/arantv.az\/wp-content\/uploads\/2020\/08\/FotoJet-1-6.jpg",620,413,false],"portraits":["https:\/\/arantv.az\/wp-content\/uploads\/2020\/08\/FotoJet-1-6.jpg",620,413,false],"thumbnail":["https:\/\/arantv.az\/wp-content\/uploads\/2020\/08\/FotoJet-1-6-150x150.jpg",150,150,true],"medium":["https:\/\/arantv.az\/wp-content\/uploads\/2020\/08\/FotoJet-1-6-300x200.jpg",300,200,true],"large":["https:\/\/arantv.az\/wp-content\/uploads\/2020\/08\/FotoJet-1-6.jpg",620,413,false],"1536x1536":["https:\/\/arantv.az\/wp-content\/uploads\/2020\/08\/FotoJet-1-6.jpg",620,413,false],"2048x2048":["https:\/\/arantv.az\/wp-content\/uploads\/2020\/08\/FotoJet-1-6.jpg",620,413,false],"post-thumbnail":["https:\/\/arantv.az\/wp-content\/uploads\/2020\/08\/FotoJet-1-6-240x172.jpg",240,172,true],"advps-thumb-one":["https:\/\/arantv.az\/wp-content\/uploads\/2020\/08\/FotoJet-1-6.jpg",620,413,false]},"rttpg_author":{"display_name":"V\u00fcsal Rafiqo\u011flu","author_link":"https:\/\/arantv.az\/?author=2"},"rttpg_comment":0,"rttpg_category":"<a href=\"https:\/\/arantv.az\/?cat=24\" rel=\"category\">Maraql\u0131<\/a>","rttpg_excerpt":"Bu g\u00fcn Az\u0259rbaycan Respublikas\u0131n\u0131n G\u0259ncl\u0259r Fondunun t\u0259\u015fkilat\u00e7\u0131l\u0131\u011f\u0131 il\u0259 \u201cErm\u0259nistan\u0131n Az\u0259rbaycana h\u0259rbi t\u0259cav\u00fcz\u00fc v\u0259 erm\u0259ni t\u0259xribat\u0131, Az\u0259rbaycan h\u0259qiq\u0259tl\u0259rinin d\u00fcnyaya \u00e7atd\u0131r\u0131lmas\u0131nda g\u0259ncl\u0259rin rolu\u201d m\u00f6vzusunda onlayn forum ke\u00e7irilib. Forumda Az\u0259rbaycan Respublikas\u0131n\u0131n T\u00fcrkiy\u0259 Respublikas\u0131ndak\u0131 f\u00f6vq\u0259lad\u0259 v\u0259 s\u0259lahiyy\u0259tli s\u0259firi X\u0259z\u0259r \u0130brahim, Az\u0259rbaycan\u0131n Los-Ancelesd\u0259ki ba\u015f konsulu N\u0259simi A\u011fayev, Az\u0259rbaycan Respublikas\u0131n\u0131n G\u0259ncl\u0259r Fondunun icra\u00e7\u0131 direktoru F\u0259rid C\u0259f\u0259rov v\u0259 Az\u0259rbaycan Respublikas\u0131n\u0131n Xarici \u0130\u015fl\u0259r&hellip;","_links":{"self":[{"href":"https:\/\/arantv.az\/index.php?rest_route=\/wp\/v2\/posts\/205113"}],"collection":[{"href":"https:\/\/arantv.az\/index.php?rest_route=\/wp\/v2\/posts"}],"about":[{"href":"https:\/\/arantv.az\/index.php?rest_route=\/wp\/v2\/types\/post"}],"author":[{"embeddable":true,"href":"https:\/\/arantv.az\/index.php?rest_route=\/wp\/v2\/users\/2"}],"replies":[{"embeddable":true,"href":"https:\/\/arantv.az\/index.php?rest_route=%2Fwp%2Fv2%2Fcomments&post=205113"}],"version-history":[{"count":0,"href":"https:\/\/arantv.az\/index.php?rest_route=\/wp\/v2\/posts\/205113\/revisions"}],"wp:featuredmedia":[{"embeddable":true,"href":"https:\/\/arantv.az\/index.php?rest_route=\/wp\/v2\/media\/205114"}],"wp:attachment":[{"href":"https:\/\/arantv.az\/index.php?rest_route=%2Fwp%2Fv2%2Fmedia&parent=205113"}],"wp:term":[{"taxonomy":"category","embeddable":true,"href":"https:\/\/arantv.az\/index.php?rest_route=%2Fwp%2Fv2%2Fcategories&post=205113"},{"taxonomy":"post_tag","embeddable":true,"href":"https:\/\/arantv.az\/index.php?rest_route=%2Fwp%2Fv2%2Ftags&post=205113"}],"curies":[{"name":"wp","href":"https:\/\/api.w.org\/{rel}","templated":true}]}}