{"id":205140,"date":"2020-08-15T07:54:51","date_gmt":"2020-08-15T04:54:51","guid":{"rendered":"http:\/\/arantv.az\/?p=205140"},"modified":"2020-08-15T07:54:51","modified_gmt":"2020-08-15T04:54:51","slug":"az%c9%99rbaycanda-cay-istehsalinin-60-faizi-bu-rayonun-payina-dusur","status":"publish","type":"post","link":"https:\/\/arantv.az\/?p=205140","title":{"rendered":"Az\u0259rbaycanda \u00e7ay istehsal\u0131n\u0131n 60 faizi bu rayonun pay\u0131na d\u00fc\u015f\u00fcr"},"content":{"rendered":"<p>Astara rayonunda \u00e7ay\u00e7\u0131l\u0131q k\u0259nd t\u0259s\u0259rr\u00fcfat\u0131n\u0131n \u0259n\u0259n\u0259vi v\u0259 g\u0259lirli sah\u0259l\u0259rind\u0259ndir. Rayonda \u00e7ay\u00e7\u0131l\u0131\u011f\u0131n inki\u015faf etdirilm\u0259si prioritet m\u0259s\u0259l\u0259 kimi qar\u015f\u0131ya qoyulub.<\/p>\n<p>\u00c7ay\u00e7\u0131l\u0131\u011f\u0131n inki\u015faf etdirilm\u0259si, \u00e7ay m\u0259hsullar\u0131na t\u0259l\u0259bat\u0131n yerli istehsal hesab\u0131na t\u0259min olunmas\u0131, \u00e7ay\u00e7\u0131l\u0131\u011f\u0131n ixrac potensial\u0131n\u0131n art\u0131r\u0131lmas\u0131, k\u0259nd \u0259halisinin m\u0259\u015f\u011fullu\u011funun v\u0259 maddi rifah\u0131n\u0131n y\u00fcks\u0259ldilm\u0259si m\u0259qs\u0259dil\u0259 &#8220;Az\u0259rbaycan Respublikas\u0131nda 2018-2027-ci ill\u0259rd\u0259 \u00e7ay\u00e7\u0131l\u0131\u011f\u0131n inki\u015faf\u0131na dair D\u00f6vl\u0259t Proqram\u0131&#8221; q\u0259bul edilib. D\u00f6vl\u0259t Proqram\u0131n\u0131n h\u0259yata ke\u00e7irilm\u0259si n\u0259tic\u0259sind\u0259 Astarada \u00e7ay\u00e7\u0131l\u0131\u011f\u0131n inki\u015faf etdirilm\u0259si il\u0259 ba\u011fl\u0131 g\u00f6r\u00fcl\u0259n i\u015fl\u0259r s\u00fcr\u0259tl\u0259nib, \u00e7ay plantasiyalar\u0131n\u0131n \u0259kin sah\u0259si geni\u015fl\u0259ndirilib.<\/p>\n<p>\u00d6lk\u0259mizd\u0259 m\u00f6vcud \u00e7ay plantasiyalar\u0131n\u0131n t\u0259xmin\u0259n 26,4 faizi, \u00e7ay istehsal\u0131n\u0131n is\u0259 60 faizi Astara rayonunun pay\u0131na d\u00fc\u015f\u00fcr.<\/p>\n<p><strong>ARANTV.AZ<\/strong>\u00a0<a href=\"http:\/\/azertag.az\/\" target=\"_blank\" rel=\"noopener\">AZ\u018fRTAC<\/a>-a istinad\u0259n bildirir ki, bu bar\u0259d\u0259 Astara Rayon Statistika \u0130dar\u0259sinin r\u0259isi Vasif H\u0259s\u0259nov m\u0259lumat verib.<\/p>\n<p>Bildirilib ki, haz\u0131rda rayonda 272,5 hektar \u00e7ay sah\u0259si var v\u0259 bu sah\u0259l\u0259rd\u0259n 2020-ci il 1 avqust v\u0259ziyy\u0259tin\u0259 393,3 ton v\u0259 ya \u00f6t\u0259n ilin m\u00fcvafiq d\u00f6vr\u00fcn\u0259 nisb\u0259t\u0259n 128,5 ton (48,5 faiz) \u00e7ox m\u0259hsul y\u0131\u011f\u0131l\u0131b. M\u0259hsuldarl\u0131q is\u0259 hektardan 9,4 sentner artaraq 28,7 sentner\u0259 \u00e7atd\u0131r\u0131l\u0131b.<\/p>\n<p>Diqq\u0259t\u0259 \u00e7atd\u0131r\u0131l\u0131b ki, Astarada \u00e7ay\u00e7\u0131l\u0131qla 5 k\u0259nd t\u0259s\u0259rr\u00fcfat\u0131 m\u00fc\u0259ssis\u0259si m\u0259\u015f\u011fuldur. Bu ilin yeddi ay\u0131nda h\u0259min m\u00fc\u0259ssis\u0259l\u0259r t\u0259r\u0259find\u0259n 143,2 ton v\u0259 ya 81,5 faiz \u00e7ox ya\u015f\u0131l \u00e7ay yarpa\u011f\u0131 istehsal edil\u0259r\u0259k fabrikl\u0259r\u0259 t\u0259hvil verilib. M\u0259hsuldarl\u0131q is\u0259 6,9 sentner artaraq 15,4 sentner olub.<\/p>\n<div>\n<div id=\"AdviadNativeVideo0\" class=\"AdviadNativeVideo\"><\/div>\n<\/div>\n<p>\u018fhali t\u0259s\u0259rr\u00fcfatlar\u0131 t\u0259r\u0259find\u0259n is\u0259 250,1 ton v\u0259 ya \u00f6t\u0259n ilin m\u00fcvafiq d\u00f6vr\u00fcn\u0259 nisb\u0259t\u0259n 34,5 faiz \u00e7ox m\u0259hsul y\u0131\u011f\u0131l\u0131b.<\/p>\n<p>Haz\u0131rda Astarada \u00e7ay y\u0131\u011f\u0131m\u0131 davam edir.<\/p>\n","protected":false},"excerpt":{"rendered":"<p>Astara rayonunda \u00e7ay\u00e7\u0131l\u0131q k\u0259nd t\u0259s\u0259rr\u00fcfat\u0131n\u0131n \u0259n\u0259n\u0259vi v\u0259 g\u0259lirli sah\u0259l\u0259rind\u0259ndir. Rayonda \u00e7ay\u00e7\u0131l\u0131\u011f\u0131n inki\u015faf etdirilm\u0259si prioritet m\u0259s\u0259l\u0259 kimi qar\u015f\u0131ya qoyulub. \u00c7ay\u00e7\u0131l\u0131\u011f\u0131n inki\u015faf etdirilm\u0259si, \u00e7ay m\u0259hsullar\u0131na t\u0259l\u0259bat\u0131n yerli istehsal hesab\u0131na t\u0259min olunmas\u0131, \u00e7ay\u00e7\u0131l\u0131\u011f\u0131n ixrac potensial\u0131n\u0131n art\u0131r\u0131lmas\u0131, k\u0259nd \u0259halisinin m\u0259\u015f\u011fullu\u011funun v\u0259 maddi rifah\u0131n\u0131n y\u00fcks\u0259ldilm\u0259si m\u0259qs\u0259dil\u0259 &#8220;Az\u0259rbaycan Respublikas\u0131nda 2018-2027-ci ill\u0259rd\u0259 \u00e7ay\u00e7\u0131l\u0131\u011f\u0131n inki\u015faf\u0131na dair D\u00f6vl\u0259t Proqram\u0131&#8221; q\u0259bul edilib. D\u00f6vl\u0259t Proqram\u0131n\u0131n h\u0259yata ke\u00e7irilm\u0259si n\u0259tic\u0259sind\u0259 Astarada \u00e7ay\u00e7\u0131l\u0131\u011f\u0131n inki\u015faf etdirilm\u0259si il\u0259 ba\u011fl\u0131 g\u00f6r\u00fcl\u0259n i\u015fl\u0259r s\u00fcr\u0259tl\u0259nib, \u00e7ay plantasiyalar\u0131n\u0131n \u0259kin sah\u0259si geni\u015fl\u0259ndirilib. \u00d6lk\u0259mizd\u0259 m\u00f6vcud \u00e7ay plantasiyalar\u0131n\u0131n t\u0259xmin\u0259n 26,4 faizi, \u00e7ay istehsal\u0131n\u0131n is\u0259 60 faizi Astara rayonunun pay\u0131na d\u00fc\u015f\u00fcr. ARANTV.AZ\u00a0AZ\u018fRTAC-a istinad\u0259n bildirir&hellip;<\/p>\n","protected":false},"author":2,"featured_media":205141,"comment_status":"closed","ping_status":"closed","sticky":false,"template":"","format":"standard","meta":{"om_disable_all_campaigns":false,"_monsterinsights_skip_tracking":false,"_monsterinsights_sitenote_active":false,"_monsterinsights_sitenote_note":"","_monsterinsights_sitenote_category":0},"categories":[19],"tags":[],"aioseo_notices":[],"gutentor_comment":0,"rttpg_featured_image_url":{"full":["https:\/\/arantv.az\/wp-content\/uploads\/2020\/08\/cay-1.jpg",800,600,false],"landscape":["https:\/\/arantv.az\/wp-content\/uploads\/2020\/08\/cay-1.jpg",800,600,false],"portraits":["https:\/\/arantv.az\/wp-content\/uploads\/2020\/08\/cay-1.jpg",800,600,false],"thumbnail":["https:\/\/arantv.az\/wp-content\/uploads\/2020\/08\/cay-1-150x150.jpg",150,150,true],"medium":["https:\/\/arantv.az\/wp-content\/uploads\/2020\/08\/cay-1-300x225.jpg",300,225,true],"large":["https:\/\/arantv.az\/wp-content\/uploads\/2020\/08\/cay-1.jpg",640,480,false],"1536x1536":["https:\/\/arantv.az\/wp-content\/uploads\/2020\/08\/cay-1.jpg",800,600,false],"2048x2048":["https:\/\/arantv.az\/wp-content\/uploads\/2020\/08\/cay-1.jpg",800,600,false],"post-thumbnail":["https:\/\/arantv.az\/wp-content\/uploads\/2020\/08\/cay-1-240x172.jpg",240,172,true],"advps-thumb-one":["https:\/\/arantv.az\/wp-content\/uploads\/2020\/08\/cay-1.jpg",800,600,false]},"rttpg_author":{"display_name":"V\u00fcsal Rafiqo\u011flu","author_link":"https:\/\/arantv.az\/?author=2"},"rttpg_comment":0,"rttpg_category":"<a href=\"https:\/\/arantv.az\/?cat=19\" rel=\"category\">G\u00fcnd\u0259m<\/a>","rttpg_excerpt":"Astara rayonunda \u00e7ay\u00e7\u0131l\u0131q k\u0259nd t\u0259s\u0259rr\u00fcfat\u0131n\u0131n \u0259n\u0259n\u0259vi v\u0259 g\u0259lirli sah\u0259l\u0259rind\u0259ndir. Rayonda \u00e7ay\u00e7\u0131l\u0131\u011f\u0131n inki\u015faf etdirilm\u0259si prioritet m\u0259s\u0259l\u0259 kimi qar\u015f\u0131ya qoyulub. \u00c7ay\u00e7\u0131l\u0131\u011f\u0131n inki\u015faf etdirilm\u0259si, \u00e7ay m\u0259hsullar\u0131na t\u0259l\u0259bat\u0131n yerli istehsal hesab\u0131na t\u0259min olunmas\u0131, \u00e7ay\u00e7\u0131l\u0131\u011f\u0131n ixrac potensial\u0131n\u0131n art\u0131r\u0131lmas\u0131, k\u0259nd \u0259halisinin m\u0259\u015f\u011fullu\u011funun v\u0259 maddi rifah\u0131n\u0131n y\u00fcks\u0259ldilm\u0259si m\u0259qs\u0259dil\u0259 &#8220;Az\u0259rbaycan Respublikas\u0131nda 2018-2027-ci ill\u0259rd\u0259 \u00e7ay\u00e7\u0131l\u0131\u011f\u0131n inki\u015faf\u0131na dair D\u00f6vl\u0259t Proqram\u0131&#8221; q\u0259bul edilib. D\u00f6vl\u0259t Proqram\u0131n\u0131n h\u0259yata&hellip;","_links":{"self":[{"href":"https:\/\/arantv.az\/index.php?rest_route=\/wp\/v2\/posts\/205140"}],"collection":[{"href":"https:\/\/arantv.az\/index.php?rest_route=\/wp\/v2\/posts"}],"about":[{"href":"https:\/\/arantv.az\/index.php?rest_route=\/wp\/v2\/types\/post"}],"author":[{"embeddable":true,"href":"https:\/\/arantv.az\/index.php?rest_route=\/wp\/v2\/users\/2"}],"replies":[{"embeddable":true,"href":"https:\/\/arantv.az\/index.php?rest_route=%2Fwp%2Fv2%2Fcomments&post=205140"}],"version-history":[{"count":0,"href":"https:\/\/arantv.az\/index.php?rest_route=\/wp\/v2\/posts\/205140\/revisions"}],"wp:featuredmedia":[{"embeddable":true,"href":"https:\/\/arantv.az\/index.php?rest_route=\/wp\/v2\/media\/205141"}],"wp:attachment":[{"href":"https:\/\/arantv.az\/index.php?rest_route=%2Fwp%2Fv2%2Fmedia&parent=205140"}],"wp:term":[{"taxonomy":"category","embeddable":true,"href":"https:\/\/arantv.az\/index.php?rest_route=%2Fwp%2Fv2%2Fcategories&post=205140"},{"taxonomy":"post_tag","embeddable":true,"href":"https:\/\/arantv.az\/index.php?rest_route=%2Fwp%2Fv2%2Ftags&post=205140"}],"curies":[{"name":"wp","href":"https:\/\/api.w.org\/{rel}","templated":true}]}}