{"id":20570,"date":"2018-10-22T16:17:36","date_gmt":"2018-10-22T13:17:36","guid":{"rendered":"http:\/\/arantv.az\/?p=20570"},"modified":"2018-10-22T16:17:36","modified_gmt":"2018-10-22T13:17:36","slug":"vuqar-r%c9%99himzad%c9%99-star-neft-emali-zavodu-birliyimizi-daha-da-mohk%c9%99ml%c9%99ndirir","status":"publish","type":"post","link":"https:\/\/arantv.az\/?p=20570","title":{"rendered":"V\u00fcqar R\u0259himzad\u0259: \u201cStar\u201d neft emal\u0131 zavodu birliyimizi daha da m\u00f6hk\u0259ml\u0259ndirir&#8221;"},"content":{"rendered":"<p><strong>&#8220;\u00d6lk\u0259mizin v\u0259 qarda\u015f T\u00fcrkiy\u0259nin t\u0259\u015f\u0259bb\u00fcskar\u0131 olduqlar\u0131 b\u00fct\u00fcn layih\u0259l\u0259r u\u011furla realla\u015fd\u0131r\u0131l\u0131r v\u0259 xalqlar\u0131m\u0131z\u0131n, d\u00f6vl\u0259tl\u0259rimizin inki\u015faf\u0131na, g\u0259l\u0259c\u0259k rifah\u0131na xidm\u0259t edir. Bu bax\u0131mdan \u201cStar\u201d neft emal\u0131 zavodunun istifad\u0259y\u0259 verilm\u0259si onu dem\u0259y\u0259 \u0259sas verir ki, Az\u0259rbaycan v\u0259 T\u00fcrkiy\u0259 qar\u015f\u0131da duran b\u00fct\u00fcn h\u0259d\u0259fl\u0259r\u0259 u\u011furla \u00e7at\u0131rlar\u201d.<\/strong><\/p>\n<p><b>ARANTV.AZ\u00a0<\/b>x\u0259b\u0259r verir ki, bu fikirl\u0259ri Yeni Az\u0259rbaycan Partiyas\u0131 Siyasi \u015euras\u0131n\u0131n \u00fczv\u00fc, \u201c\u0130ki sahil\u201d q\u0259zetinin ba\u015f redaktoru V\u00fcqar R\u0259himzad\u0259 Star\u201d neft emal\u0131 zavodunun a\u00e7\u0131l\u0131\u015f\u0131ndan dan\u0131\u015fark\u0259n bildirib.<\/p>\n<p>M\u0259hz 2011-ci il oktyabr\u0131n 25-d\u0259 Az\u0259rbaycan v\u0259 T\u00fcrkiy\u0259 d\u00f6vl\u0259t ba\u015f\u00e7\u0131lar\u0131n\u0131n i\u015ftirak\u0131 il\u0259 bu zavodun t\u0259m\u0259li qoyulma\u011f\u0131na toxunan V. R\u0259himzad\u0259 qeyd edib ki, Az\u0259rbaycan Prezidentinin \u201cStar\u201d neft emal\u0131 zavodunun a\u00e7\u0131l\u0131\u015f m\u0259rasimind\u0259 s\u0259sl\u0259ndirdiyi fikirl\u0259r bir daha bu \u0259minliyi ifad\u0259 edir ki, bel\u0259 n\u0259h\u0259ng layih\u0259l\u0259rin icras\u0131nda \u00f6lk\u0259l\u0259rimizin liderl\u0259rinin g\u00fccl\u00fc siyasi irad\u0259si, eyni zamanda, dostluq, qarda\u015fl\u0131q amill\u0259ri x\u00fcsusi yer tutur: \u201cStar Rafineri\u201dnin a\u00e7\u0131l\u0131\u015f\u0131 timsal\u0131nda biz birliyimizin, h\u0259mr\u0259yliyimizin, dostlu\u011fumuzun \u0259lam\u0259tini g\u00f6r\u00fcr\u00fck. \u018fmin\u0259m ki, bundan sonra da T\u00fcrkiy\u0259 v\u0259 Az\u0259rbaycan yaln\u0131z u\u011furlar yolu il\u0259 ged\u0259c\u0259k\u201d dey\u0259n m\u00f6ht\u0259r\u0259m Prezidentimiz vur\u011fulay\u0131b ki, T\u00fcrkiy\u0259 v\u0259 Az\u0259rbaycan birg\u0259 s\u0259yl\u0259rl\u0259 g\u00fccl\u00fc siyasi irad\u0259 n\u00fcmayi\u015f etdir\u0259r\u0259k Avrasiyan\u0131n enerji v\u0259 n\u0259qliyyat x\u0259rit\u0259sini yenid\u0259n c\u0131z\u0131r. S\u00f6zs\u00fcz ki, biz bunu Bak\u0131-Tbilisi-Ceyhan, \u201cC\u0259nub Qaz D\u0259hlizi\u201d, o c\u00fcml\u0259d\u0259n TANAP layih\u0259l\u0259rind\u0259 d\u0259 g\u00f6r\u00fcr\u00fck. Do\u011frudan da bel\u0259 qlobal layih\u0259l\u0259r region \u00f6lk\u0259ri \u00fc\u00e7\u00fcn b\u00f6y\u00fck fayda g\u0259tirm\u0259kl\u0259 yana\u015f\u0131, Avropan\u0131n enerji x\u0259rit\u0259sini yenid\u0259n t\u0259rtib edir.\u201d<\/p>\n<div id=\"AdributorNativeVideo0\" class=\"AdributorNativeVideo\"><\/div>\n<p>\u201c\u0130ki sahil\u201d q\u0259zetinin ba\u015f redaktoru \u0259lav\u0259 edib ki, bu layih\u0259l\u0259rin ger\u00e7\u0259kl\u0259\u015fm\u0259sind\u0259 SOCAR-\u0131n b\u00f6y\u00fck rolu var: \u201cM\u00f6ht\u0259r\u0259m Prezidentimizin tap\u015f\u0131r\u0131\u011f\u0131na uy\u011fun olaraq SOCAR \u00f6z s\u0259m\u0259r\u0259li v\u0259 \u00e7ox\u015fax\u0259li f\u0259aliyy\u0259ti il\u0259 art\u0131q beyn\u0259lxalq \u015firk\u0259t\u0259 \u00e7evrilib. \u015eirk\u0259t \u00f6lk\u0259 daxili il\u0259 yana\u015f\u0131, xaricd\u0259 d\u0259 m\u00fch\u00fcm investisiya layih\u0259l\u0259ri ger\u00e7\u0259kl\u0259\u015fdirir. T\u0259bii ki, bu s\u0131rada T\u00fcrkiy\u0259 x\u00fcsusi yer tutur. El\u0259 bunun n\u0259tic\u0259sidir ki, bu g\u00fcn SOCAR T\u00fcrkiy\u0259nin \u0259n b\u00f6y\u00fck investoruna \u00e7evrilib\u201d<\/p>\n<p>V.R\u0259himzad\u0259 onu da \u0259lav\u0259 edib ki, Az\u0259rbaycan- T\u00fcrkiy\u0259 \u0259laq\u0259l\u0259ri bu g\u00fcn \u0259n y\u00fcks\u0259k s\u0259viyy\u0259d\u0259dir: \u201cBu birlik \u0259b\u0259didir, sars\u0131lmazd\u0131r. \u00d6lk\u0259l\u0259rimiz d\u00fcnya miqyas\u0131nda dostluq, qarda\u015fl\u0131q n\u00fcmun\u0259si n\u00fcmayi\u015f etdirirl\u0259r. Hesab edir\u0259m ki, \u201cStar\u201d neft emal\u0131 zavodu kimi b\u00f6y\u00fck layih\u0259l\u0259r g\u00fcc\u00fcm\u00fcz\u0259 g\u00fcc qat\u0131r, birliyimizi daha da m\u00f6hk\u0259ml\u0259ndirir.\u201dpublika.az<\/p>\n","protected":false},"excerpt":{"rendered":"<p>&#8220;\u00d6lk\u0259mizin v\u0259 qarda\u015f T\u00fcrkiy\u0259nin t\u0259\u015f\u0259bb\u00fcskar\u0131 olduqlar\u0131 b\u00fct\u00fcn layih\u0259l\u0259r u\u011furla realla\u015fd\u0131r\u0131l\u0131r v\u0259 xalqlar\u0131m\u0131z\u0131n, d\u00f6vl\u0259tl\u0259rimizin inki\u015faf\u0131na, g\u0259l\u0259c\u0259k rifah\u0131na xidm\u0259t edir. Bu bax\u0131mdan \u201cStar\u201d neft emal\u0131 zavodunun istifad\u0259y\u0259 verilm\u0259si onu dem\u0259y\u0259 \u0259sas verir ki, Az\u0259rbaycan v\u0259 T\u00fcrkiy\u0259 qar\u015f\u0131da duran b\u00fct\u00fcn h\u0259d\u0259fl\u0259r\u0259 u\u011furla \u00e7at\u0131rlar\u201d. ARANTV.AZ\u00a0x\u0259b\u0259r verir ki, bu fikirl\u0259ri Yeni Az\u0259rbaycan Partiyas\u0131 Siyasi \u015euras\u0131n\u0131n \u00fczv\u00fc, \u201c\u0130ki sahil\u201d q\u0259zetinin ba\u015f redaktoru V\u00fcqar R\u0259himzad\u0259 Star\u201d neft emal\u0131 zavodunun a\u00e7\u0131l\u0131\u015f\u0131ndan dan\u0131\u015fark\u0259n bildirib. M\u0259hz 2011-ci il oktyabr\u0131n 25-d\u0259 Az\u0259rbaycan v\u0259 T\u00fcrkiy\u0259 d\u00f6vl\u0259t ba\u015f\u00e7\u0131lar\u0131n\u0131n i\u015ftirak\u0131 il\u0259 bu zavodun t\u0259m\u0259li qoyulma\u011f\u0131na toxunan V. R\u0259himzad\u0259 qeyd edib ki, Az\u0259rbaycan Prezidentinin \u201cStar\u201d&hellip;<\/p>\n","protected":false},"author":2,"featured_media":20571,"comment_status":"closed","ping_status":"closed","sticky":false,"template":"","format":"standard","meta":{"om_disable_all_campaigns":false,"_monsterinsights_skip_tracking":false,"_monsterinsights_sitenote_active":false,"_monsterinsights_sitenote_note":"","_monsterinsights_sitenote_category":0},"categories":[19],"tags":[],"aioseo_notices":[],"gutentor_comment":0,"rttpg_featured_image_url":{"full":["https:\/\/arantv.az\/wp-content\/uploads\/2018\/10\/vuqar1.jpg",800,450,false],"landscape":["https:\/\/arantv.az\/wp-content\/uploads\/2018\/10\/vuqar1.jpg",800,450,false],"portraits":["https:\/\/arantv.az\/wp-content\/uploads\/2018\/10\/vuqar1.jpg",800,450,false],"thumbnail":["https:\/\/arantv.az\/wp-content\/uploads\/2018\/10\/vuqar1-150x150.jpg",150,150,true],"medium":["https:\/\/arantv.az\/wp-content\/uploads\/2018\/10\/vuqar1-300x169.jpg",300,169,true],"large":["https:\/\/arantv.az\/wp-content\/uploads\/2018\/10\/vuqar1.jpg",640,360,false],"1536x1536":["https:\/\/arantv.az\/wp-content\/uploads\/2018\/10\/vuqar1.jpg",800,450,false],"2048x2048":["https:\/\/arantv.az\/wp-content\/uploads\/2018\/10\/vuqar1.jpg",800,450,false],"post-thumbnail":["https:\/\/arantv.az\/wp-content\/uploads\/2018\/10\/vuqar1-240x172.jpg",240,172,true],"advps-thumb-one":["https:\/\/arantv.az\/wp-content\/uploads\/2018\/10\/vuqar1.jpg",800,450,false]},"rttpg_author":{"display_name":"V\u00fcsal Rafiqo\u011flu","author_link":"https:\/\/arantv.az\/?author=2"},"rttpg_comment":0,"rttpg_category":"<a href=\"https:\/\/arantv.az\/?cat=19\" rel=\"category\">G\u00fcnd\u0259m<\/a>","rttpg_excerpt":"&#8220;\u00d6lk\u0259mizin v\u0259 qarda\u015f T\u00fcrkiy\u0259nin t\u0259\u015f\u0259bb\u00fcskar\u0131 olduqlar\u0131 b\u00fct\u00fcn layih\u0259l\u0259r u\u011furla realla\u015fd\u0131r\u0131l\u0131r v\u0259 xalqlar\u0131m\u0131z\u0131n, d\u00f6vl\u0259tl\u0259rimizin inki\u015faf\u0131na, g\u0259l\u0259c\u0259k rifah\u0131na xidm\u0259t edir. Bu bax\u0131mdan \u201cStar\u201d neft emal\u0131 zavodunun istifad\u0259y\u0259 verilm\u0259si onu dem\u0259y\u0259 \u0259sas verir ki, Az\u0259rbaycan v\u0259 T\u00fcrkiy\u0259 qar\u015f\u0131da duran b\u00fct\u00fcn h\u0259d\u0259fl\u0259r\u0259 u\u011furla \u00e7at\u0131rlar\u201d. ARANTV.AZ\u00a0x\u0259b\u0259r verir ki, bu fikirl\u0259ri Yeni Az\u0259rbaycan Partiyas\u0131 Siyasi \u015euras\u0131n\u0131n \u00fczv\u00fc, \u201c\u0130ki sahil\u201d q\u0259zetinin ba\u015f&hellip;","_links":{"self":[{"href":"https:\/\/arantv.az\/index.php?rest_route=\/wp\/v2\/posts\/20570"}],"collection":[{"href":"https:\/\/arantv.az\/index.php?rest_route=\/wp\/v2\/posts"}],"about":[{"href":"https:\/\/arantv.az\/index.php?rest_route=\/wp\/v2\/types\/post"}],"author":[{"embeddable":true,"href":"https:\/\/arantv.az\/index.php?rest_route=\/wp\/v2\/users\/2"}],"replies":[{"embeddable":true,"href":"https:\/\/arantv.az\/index.php?rest_route=%2Fwp%2Fv2%2Fcomments&post=20570"}],"version-history":[{"count":0,"href":"https:\/\/arantv.az\/index.php?rest_route=\/wp\/v2\/posts\/20570\/revisions"}],"wp:featuredmedia":[{"embeddable":true,"href":"https:\/\/arantv.az\/index.php?rest_route=\/wp\/v2\/media\/20571"}],"wp:attachment":[{"href":"https:\/\/arantv.az\/index.php?rest_route=%2Fwp%2Fv2%2Fmedia&parent=20570"}],"wp:term":[{"taxonomy":"category","embeddable":true,"href":"https:\/\/arantv.az\/index.php?rest_route=%2Fwp%2Fv2%2Fcategories&post=20570"},{"taxonomy":"post_tag","embeddable":true,"href":"https:\/\/arantv.az\/index.php?rest_route=%2Fwp%2Fv2%2Ftags&post=20570"}],"curies":[{"name":"wp","href":"https:\/\/api.w.org\/{rel}","templated":true}]}}