{"id":20582,"date":"2018-10-22T16:34:08","date_gmt":"2018-10-22T13:34:08","guid":{"rendered":"http:\/\/arantv.az\/?p=20582"},"modified":"2018-10-22T16:34:08","modified_gmt":"2018-10-22T13:34:08","slug":"milli-m%c9%99clisin-%c9%99n-g%c9%99nc-v%c9%99-qocaman-deputatlari-siyahifotolar","status":"publish","type":"post","link":"https:\/\/arantv.az\/?p=20582","title":{"rendered":"Milli M\u0259clisin \u0259n g\u0259nc v\u0259 qocaman deputatlar\u0131 &#8211; S\u0130YAHI+FOTOLAR"},"content":{"rendered":"<p>Milli M\u0259clisin deputatlar\u0131n\u0131n \u015f\u0259xsi h\u0259yatlar\u0131, ail\u0259 t\u0259rkibl\u0259ri, ya\u015f g\u00f6st\u0259ricil\u0259ri, h\u0259tta geyiml\u0259ri, t\u0259rzl\u0259ri, z\u00f6vql\u0259ri, hobbil\u0259ri insanlar\u0131n, median\u0131n daim maraq dair\u0259sind\u0259dir.<\/p>\n<p><b>ARANTV.AZ\u00a0<\/b>oxu.az -a istinad\u0259n MM-in \u0259n g\u0259nc v\u0259 \u0259n ya\u015fl\u0131, \u0259n qocaman deputatlar\u0131n\u0131 t\u0259qdim edir.<\/p>\n<p>Parlamentin \u0259n ya\u015fl\u0131, \u0259n t\u0259cr\u00fcb\u0259li v\u0259 \u0259n \u00e7ox se\u00e7il\u0259n \u00fczv\u00fc b\u00f6y\u00fck s\u0259n\u0259tkar\u0131m\u0131z, SSR\u0130 Xalq artisti, \u201c\u0130stiqlal\u201d ordenli Zeyn\u0259b Xanlarovad\u0131r.<\/p>\n<p><img class=\"imgbcodecent\" src=\"https:\/\/upload.az\/foto\/arxiv\/17-zeynab.jpg\" alt=\"Milli M\u0259clisin \u0259n g\u0259nc v\u0259 qocaman deputatlar\u0131 - S\u0130YAHI+FOTOLAR\" \/><\/p>\n<p>O, 1936-c\u0131 ilin dekabr ay\u0131nda Bak\u0131 \u015f\u0259h\u0259rind\u0259 sad\u0259 bir ail\u0259d\u0259 d\u00fcnyaya g\u0259lib. Sovetl\u0259r d\u00f6n\u0259mind\u0259 iki d\u0259f\u0259, 1986 v\u0259 1990-c\u0131 ill\u0259rd\u0259 Az\u0259rbaycan SSR Ali Sovetinin (XI-XII \u00e7a\u011f\u0131r\u0131\u015f) \u00fczv\u00fc se\u00e7ilib. H\u0259m\u00e7inin, 1995-ci ild\u0259n indiy\u0259d\u0259k MM-in be\u015f \u00e7a\u011f\u0131r\u0131\u015f \u00fczv\u00fcd\u00fcr. Haz\u0131rda MM-in M\u0259d\u0259niyy\u0259t komit\u0259sind\u0259 t\u0259msil olunur, h\u0259m\u00e7inin, Az\u0259rbaycan-Hindistan parlamentl\u0259raras\u0131 Dostluq Qrupunun r\u0259hb\u0259ridir. \u0130ki o\u011flu, bir ne\u00e7\u0259 n\u0259v\u0259si var.<\/p>\n<p>Parlamentin ya\u015fca ikinci qocaman deputat\u0131 A\u011facan Abiyevdir ki, o, 1937-ci ild\u0259 Bak\u0131 \u015f\u0259h\u0259rind\u0259, B\u00fclb\u00fcl\u0259 q\u0259s\u0259b\u0259sind\u0259 anadan olub.<br \/>\n<img class=\"imgbcodecent\" src=\"https:\/\/upload.az\/foto\/arxiv\/agacan_1.jpg\" alt=\"Milli M\u0259clisin \u0259n g\u0259nc v\u0259 qocaman deputatlar\u0131 - S\u0130YAHI+FOTOLAR\" \/><\/p>\n<p>Noyabr ay\u0131n\u0131n 24-d\u0259 81 ya\u015f\u0131 tamam olacaq. Uzun ill\u0259r D\u00f6vl\u0259t B\u0259d\u0259n T\u0259rbiy\u0259si v\u0259 \u0130dman Akademiyas\u0131na r\u0259hb\u0259rlik edib. \u00dc\u00e7 \u00e7a\u011f\u0131r\u0131\u015fd\u0131r ki, MM-in \u00fczv\u00fcd\u00fcr. H\u0259m\u00e7inin, MM-in \u0130ntizam komissiyas\u0131n\u0131n s\u0259dridir. Ail\u0259lidir, \u00f6vladlar\u0131, n\u0259v\u0259l\u0259ri var.<\/p>\n<p>Parlamentin \u00fc\u00e7\u00fcnc\u00fc qocaman \u00fczv\u00fc Az\u0259rbaycan A\u011fsaqqallar \u015euras\u0131n\u0131n s\u0259dri F\u0259ttah Heyd\u0259rovdur.<\/p>\n<p><img class=\"imgbcodecent\" src=\"https:\/\/upload.az\/foto\/arxiv\/22-1_71540202365.jpg\" alt=\"Milli M\u0259clisin \u0259n g\u0259nc v\u0259 qocaman deputatlar\u0131 - S\u0130YAHI+FOTOLAR\" \/><\/p>\n<p>Onun 80 ya\u015f\u0131 var, 1938-ci ild\u0259 Nax\u00e7\u0131van Muxtar Respublikas\u0131n\u0131n Bab\u0259k rayonun \u00c7e\u015fm\u0259basar k\u0259ndind\u0259 anadan olub. 1990-1995\u2013ci ill\u0259rd\u0259 Nax\u00e7\u0131van MR Ali Sovetinin deputat\u0131 olub. 1995-ci ild\u0259n is\u0259 be\u015f \u00e7a\u011f\u0131r\u0131\u015fd\u0131r ki, Q\u0259b\u0259l\u0259 rayonunu parlamentd\u0259 t\u0259msil edir. Haz\u0131rda MM-in Hesablay\u0131c\u0131 komissiyas\u0131n\u0131n s\u0259dri, Regional m\u0259s\u0259l\u0259l\u0259r komit\u0259sinin s\u0259dr m\u00fcavinidir. Be\u015f \u00f6vlad\u0131, n\u0259v\u0259-n\u0259tic\u0259l\u0259ri var.<\/p>\n<p>Mill\u0259t v\u0259kill\u0259ri aras\u0131nda 80 ya\u015f\u0131 haqlamaq \u00fczr\u0259 olan akademikimiz Yaqub Mahmudov ya\u015fca d\u00f6rd\u00fcnc\u00fc qocaman deputatd\u0131r.<\/p>\n<p><img class=\"imgbcodecent\" src=\"https:\/\/upload.az\/foto\/arxiv\/yaqub.jpg\" alt=\"Milli M\u0259clisin \u0259n g\u0259nc v\u0259 qocaman deputatlar\u0131 - S\u0130YAHI+FOTOLAR\" \/><br \/>\nO, 1939-cu ilin fevral ay\u0131n\u0131n 10-da anadan olub v\u0259 g\u0259l\u0259n il 80 ya\u015f\u0131 tamam olacaq. 2000-ci ild\u0259n, y\u0259ni, d\u00f6rd \u00e7a\u011f\u0131r\u0131\u015fd\u0131r ki, MM-in \u00fczv\u00fcd\u00fcr, \u015e\u0259kini t\u0259msil ed\u0259n mill\u0259t v\u0259kill\u0259rind\u0259ndir. Ail\u0259lidir. Bir o\u011flu, iki q\u0131z\u0131, be\u015f n\u0259v\u0259si var. Bir q\u0131z\u0131 &#8211; G\u00fclnur Mahmud filologiya elml\u0259ri doktorudur.<\/p>\n<p>Be\u015finci qocaman mill\u0259t v\u0259kili is\u0259 tan\u0131nm\u0131\u015f ziyal\u0131, akademik Ziyad S\u0259m\u0259dzad\u0259dir.<\/p>\n<p><img class=\"imgbcodecent\" src=\"https:\/\/upload.az\/foto\/arxiv\/800px-Ziyad_Semedzade.jpg\" alt=\"Milli M\u0259clisin \u0259n g\u0259nc v\u0259 qocaman deputatlar\u0131 - S\u0130YAHI+FOTOLAR\" \/><\/p>\n<div id=\"AdributorNativeVideo0\" class=\"AdributorNativeVideo\"><\/div>\n<p>1940-c\u0131 ilin iyun ay\u0131n\u0131n 25-d\u0259 Bak\u0131n\u0131n Buzovna q\u0259s\u0259b\u0259sind\u0259 anadan olan Ziyad m\u00fc\u0259llimin 78 ya\u015f\u0131 var. Uzun ill\u0259r, cavan ya\u015flar\u0131ndan b\u00f6y\u00fck v\u0259zif\u0259l\u0259rd\u0259 i\u015fl\u0259yib, AKP MK-n\u0131n \u015f\u00f6b\u0259 m\u00fcdiri, birinci vitse-spiker v\u0259 birinci vitse-premyer olub.<\/p>\n<p>Az\u0259rbaycan SSR Ali Sovetinin sonuncu \u00e7a\u011f\u0131r\u0131\u015f\u0131n\u0131n deputat\u0131 olub, 2005-ci ild\u0259n \u00fc\u00e7 \u00e7a\u011f\u0131r\u0131\u015fd\u0131r ki, Bak\u0131n\u0131 MM-d\u0259 t\u0259msil ed\u0259n mill\u0259t v\u0259kill\u0259rind\u0259ndir. MM-in \u0130qtisadi siyas\u0259t, s\u0259naye v\u0259 sahibkarl\u0131q komit\u0259sinin s\u0259dridir. \u0130ki q\u0131z\u0131, bir o\u011flu, n\u0259v\u0259l\u0259ri v\u0259 n\u0259tic\u0259si var.<\/p>\n<p>Xalq artisti Ayg\u00fcn S\u0259m\u0259dzad\u0259nin atas\u0131d\u0131r.<\/p>\n<p>Ya\u015f\u0131 h\u0259m\u00e7inin 70-80 ya\u015flar aras\u0131nda olan mill\u0259t v\u0259kill\u0259ri aras\u0131nda Arif R\u0259himzad\u0259, Mixail Zabelin, Hadi R\u0259c\u0259bli, Eldar \u0130brahimov, Xanh\u00fcseyn Kaz\u0131ml\u0131, Valeh \u018fl\u0259sg\u0259rov, Vahid \u018fhm\u0259dov, F\u0259zail A\u011famal\u0131 da var.<\/p>\n<p>Onlar da bir ne\u00e7\u0259 \u00e7a\u011f\u0131r\u0131\u015fd\u0131r ki, MM-in \u00fczvl\u0259ridir. H\u0259m\u00e7inin, Eldar \u0130brahimov, Arif R\u0259himzad\u0259, Mixail Zabelin v\u0259 Hadi R\u0259c\u0259bli zaman\u0131nda Az\u0259rbaycan SSR Ali Sovetinin deputatlar\u0131 olub.<\/p>\n<p>MM-in \u0259n g\u0259nc \u00fczv\u00fcn\u0259 g\u0259linc\u0259, bu, 81 sayl\u0131 Beyl\u0259qan se\u00e7ki dair\u0259sind\u0259n se\u00e7il\u0259n mill\u0259t v\u0259kili \u015eahin \u0130smay\u0131lovdur.<br \/>\n<img class=\"imgbcodecent\" src=\"https:\/\/upload.az\/foto\/arxiv\/sahin_21540202463.jpg\" alt=\"Milli M\u0259clisin \u0259n g\u0259nc v\u0259 qocaman deputatlar\u0131 - S\u0130YAHI+FOTOLAR\" \/><br \/>\nC\u0259mi 29 ya\u015f\u0131nda deputat olan \u0130smay\u0131lov 1986-c\u0131 ild\u0259 anadan olub. Haz\u0131rda parlamentin G\u0259ncl\u0259r v\u0259 idman komit\u0259sind\u0259 t\u0259msil olunur. Ail\u0259lidir, iki \u00f6vlad atas\u0131d\u0131r.<\/p>\n<p>MM-in ikinci \u0259n g\u0259nc \u00fczv\u00fc 38 sayl\u0131 Nizami ikinci (G\u0259nc\u0259) se\u00e7ki dair\u0259sini t\u0259msil ed\u0259n Naqif H\u0259mz\u0259yevdir.<\/p>\n<p><img class=\"imgbcodecent\" src=\"https:\/\/upload.az\/foto\/arxiv\/naqifffffff.jpg\" alt=\"Milli M\u0259clisin \u0259n g\u0259nc v\u0259 qocaman deputatlar\u0131 - S\u0130YAHI+FOTOLAR\" \/><br \/>\n1983-c\u00fc t\u0259v\u0259ll\u00fcdl\u00fc olan Naqif H\u0259mz\u0259yev 32 ya\u015f\u0131nda mill\u0259t v\u0259kili se\u00e7ilib. Ail\u0259lidir.<\/p>\n<p>Deputatlar aras\u0131nda \u00fc\u00e7\u00fcnc\u00fc \u0259n g\u0259nc mill\u0259t v\u0259kili 1982-il t\u0259vll\u00fcdl\u00fc \u00dclviyy\u0259 xan\u0131m H\u0259mz\u0259yevad\u0131r.<\/p>\n<p><img class=\"imgbcodecent\" src=\"https:\/\/upload.az\/foto\/arxiv\/ulviyya.jpg\" alt=\"Milli M\u0259clisin \u0259n g\u0259nc v\u0259 qocaman deputatlar\u0131 - S\u0130YAHI+FOTOLAR\" \/><br \/>\nO, 2015-ci ild\u0259 6 sayl\u0131 Culfa-Bab\u0259k se\u00e7ki dair\u0259sind\u0259n 5-ci \u00e7a\u011f\u0131r\u0131\u015f MM-in \u00fczv\u00fc se\u00e7ilib. H\u0259min vaxt onun c\u0259mi 33 ya\u015f\u0131 olub. Bab\u0259k rayonunun \u015e\u0259k\u0259rabad k\u0259ndind\u0259 anadan olan \u00dclviyy\u0259 H\u0259mz\u0259yeva MM-in M\u0259d\u0259niyy\u0259t komit\u0259sinin \u00fczv\u00fcd\u00fcr.<\/p>\n<p>MM-in dig\u0259r g\u0259nc \u00fczvl\u0259ri aras\u0131nda d\u00f6rd\u00fcnc\u00fc v\u0259 be\u015finci yerl\u0259ri 1980-ci il do\u011fumlu mill\u0259t v\u0259kill\u0259ri M\u00fcsl\u00fcm M\u0259mm\u0259dovla Cavid Osmanov tutur.<\/p>\n<p>Cavid Osmanov 90 sayl\u0131 A\u011fda\u015f, M\u00fcsl\u00fcm M\u0259mm\u0259dov is\u0259 57 sayl\u0131 K\u00fcrd\u0259mir se\u00e7ki dair\u0259sini parlamentd\u0259 t\u0259msil edirl\u0259r.<\/p>\n<p>H\u0259r ikisi ail\u0259lidir.<\/p>\n","protected":false},"excerpt":{"rendered":"<p>Milli M\u0259clisin deputatlar\u0131n\u0131n \u015f\u0259xsi h\u0259yatlar\u0131, ail\u0259 t\u0259rkibl\u0259ri, ya\u015f g\u00f6st\u0259ricil\u0259ri, h\u0259tta geyiml\u0259ri, t\u0259rzl\u0259ri, z\u00f6vql\u0259ri, hobbil\u0259ri insanlar\u0131n, median\u0131n daim maraq dair\u0259sind\u0259dir. ARANTV.AZ\u00a0oxu.az -a istinad\u0259n MM-in \u0259n g\u0259nc v\u0259 \u0259n ya\u015fl\u0131, \u0259n qocaman deputatlar\u0131n\u0131 t\u0259qdim edir. Parlamentin \u0259n ya\u015fl\u0131, \u0259n t\u0259cr\u00fcb\u0259li v\u0259 \u0259n \u00e7ox se\u00e7il\u0259n \u00fczv\u00fc b\u00f6y\u00fck s\u0259n\u0259tkar\u0131m\u0131z, SSR\u0130 Xalq artisti, \u201c\u0130stiqlal\u201d ordenli Zeyn\u0259b Xanlarovad\u0131r. O, 1936-c\u0131 ilin dekabr ay\u0131nda Bak\u0131 \u015f\u0259h\u0259rind\u0259 sad\u0259 bir ail\u0259d\u0259 d\u00fcnyaya g\u0259lib. Sovetl\u0259r d\u00f6n\u0259mind\u0259 iki d\u0259f\u0259, 1986 v\u0259 1990-c\u0131 ill\u0259rd\u0259 Az\u0259rbaycan SSR Ali Sovetinin (XI-XII \u00e7a\u011f\u0131r\u0131\u015f) \u00fczv\u00fc se\u00e7ilib. H\u0259m\u00e7inin, 1995-ci ild\u0259n indiy\u0259d\u0259k MM-in be\u015f \u00e7a\u011f\u0131r\u0131\u015f \u00fczv\u00fcd\u00fcr. Haz\u0131rda MM-in&hellip;<\/p>\n","protected":false},"author":2,"featured_media":20583,"comment_status":"closed","ping_status":"closed","sticky":false,"template":"","format":"standard","meta":{"om_disable_all_campaigns":false,"_monsterinsights_skip_tracking":false,"_monsterinsights_sitenote_active":false,"_monsterinsights_sitenote_note":"","_monsterinsights_sitenote_category":0},"categories":[19],"tags":[],"aioseo_notices":[],"gutentor_comment":0,"rttpg_featured_image_url":{"full":["https:\/\/arantv.az\/wp-content\/uploads\/2018\/10\/BeFunky_Collage_71540202679.jpg",649,401,false],"landscape":["https:\/\/arantv.az\/wp-content\/uploads\/2018\/10\/BeFunky_Collage_71540202679.jpg",649,401,false],"portraits":["https:\/\/arantv.az\/wp-content\/uploads\/2018\/10\/BeFunky_Collage_71540202679.jpg",649,401,false],"thumbnail":["https:\/\/arantv.az\/wp-content\/uploads\/2018\/10\/BeFunky_Collage_71540202679-150x150.jpg",150,150,true],"medium":["https:\/\/arantv.az\/wp-content\/uploads\/2018\/10\/BeFunky_Collage_71540202679-300x185.jpg",300,185,true],"large":["https:\/\/arantv.az\/wp-content\/uploads\/2018\/10\/BeFunky_Collage_71540202679.jpg",640,395,false],"1536x1536":["https:\/\/arantv.az\/wp-content\/uploads\/2018\/10\/BeFunky_Collage_71540202679.jpg",649,401,false],"2048x2048":["https:\/\/arantv.az\/wp-content\/uploads\/2018\/10\/BeFunky_Collage_71540202679.jpg",649,401,false],"post-thumbnail":["https:\/\/arantv.az\/wp-content\/uploads\/2018\/10\/BeFunky_Collage_71540202679-240x172.jpg",240,172,true],"advps-thumb-one":["https:\/\/arantv.az\/wp-content\/uploads\/2018\/10\/BeFunky_Collage_71540202679.jpg",649,401,false]},"rttpg_author":{"display_name":"V\u00fcsal Rafiqo\u011flu","author_link":"https:\/\/arantv.az\/?author=2"},"rttpg_comment":0,"rttpg_category":"<a href=\"https:\/\/arantv.az\/?cat=19\" rel=\"category\">G\u00fcnd\u0259m<\/a>","rttpg_excerpt":"Milli M\u0259clisin deputatlar\u0131n\u0131n \u015f\u0259xsi h\u0259yatlar\u0131, ail\u0259 t\u0259rkibl\u0259ri, ya\u015f g\u00f6st\u0259ricil\u0259ri, h\u0259tta geyiml\u0259ri, t\u0259rzl\u0259ri, z\u00f6vql\u0259ri, hobbil\u0259ri insanlar\u0131n, median\u0131n daim maraq dair\u0259sind\u0259dir. ARANTV.AZ\u00a0oxu.az -a istinad\u0259n MM-in \u0259n g\u0259nc v\u0259 \u0259n ya\u015fl\u0131, \u0259n qocaman deputatlar\u0131n\u0131 t\u0259qdim edir. Parlamentin \u0259n ya\u015fl\u0131, \u0259n t\u0259cr\u00fcb\u0259li v\u0259 \u0259n \u00e7ox se\u00e7il\u0259n \u00fczv\u00fc b\u00f6y\u00fck s\u0259n\u0259tkar\u0131m\u0131z, SSR\u0130 Xalq artisti, \u201c\u0130stiqlal\u201d ordenli Zeyn\u0259b Xanlarovad\u0131r. O, 1936-c\u0131 ilin&hellip;","_links":{"self":[{"href":"https:\/\/arantv.az\/index.php?rest_route=\/wp\/v2\/posts\/20582"}],"collection":[{"href":"https:\/\/arantv.az\/index.php?rest_route=\/wp\/v2\/posts"}],"about":[{"href":"https:\/\/arantv.az\/index.php?rest_route=\/wp\/v2\/types\/post"}],"author":[{"embeddable":true,"href":"https:\/\/arantv.az\/index.php?rest_route=\/wp\/v2\/users\/2"}],"replies":[{"embeddable":true,"href":"https:\/\/arantv.az\/index.php?rest_route=%2Fwp%2Fv2%2Fcomments&post=20582"}],"version-history":[{"count":0,"href":"https:\/\/arantv.az\/index.php?rest_route=\/wp\/v2\/posts\/20582\/revisions"}],"wp:featuredmedia":[{"embeddable":true,"href":"https:\/\/arantv.az\/index.php?rest_route=\/wp\/v2\/media\/20583"}],"wp:attachment":[{"href":"https:\/\/arantv.az\/index.php?rest_route=%2Fwp%2Fv2%2Fmedia&parent=20582"}],"wp:term":[{"taxonomy":"category","embeddable":true,"href":"https:\/\/arantv.az\/index.php?rest_route=%2Fwp%2Fv2%2Fcategories&post=20582"},{"taxonomy":"post_tag","embeddable":true,"href":"https:\/\/arantv.az\/index.php?rest_route=%2Fwp%2Fv2%2Ftags&post=20582"}],"curies":[{"name":"wp","href":"https:\/\/api.w.org\/{rel}","templated":true}]}}