{"id":20585,"date":"2018-10-22T16:37:38","date_gmt":"2018-10-22T13:37:38","guid":{"rendered":"http:\/\/arantv.az\/?p=20585"},"modified":"2018-10-22T16:37:38","modified_gmt":"2018-10-22T13:37:38","slug":"deputatlarin-statusu-il%c9%99-bagli-qanun-d%c9%99yisdirilir","status":"publish","type":"post","link":"https:\/\/arantv.az\/?p=20585","title":{"rendered":"Deputatlar\u0131n statusu il\u0259 ba\u011fl\u0131 qanun d\u0259yi\u015fdirilir"},"content":{"rendered":"<p>Bu g\u00fcn Milli M\u0259clisin (MM) H\u00fcquq siyas\u0259ti v\u0259 d\u00f6vl\u0259t quruculu\u011fu komit\u0259sinin iclas\u0131 olub.<\/p>\n<p><strong>ARANTV.AZ<\/strong>-\u0131n x\u0259b\u0259rin\u0259 g\u00f6r\u0259,\u00a0ad\u0131\u00e7\u0259kil\u0259n komit\u0259nin s\u0259dri\u00a0<strong>\u018fli H\u00fcseynli<\/strong>\u00a0bildirib ki, g\u00fcnd\u0259liy\u0259 daxil olan be\u015f m\u0259s\u0259l\u0259d\u0259n \u00fc\u00e7\u00fc vaxtil\u0259 bu komit\u0259d\u0259 haz\u0131rlanm\u0131\u015f v\u0259 \u0130\u015f\u00e7i qrupu il\u0259 birg\u0259 m\u00fczakir\u0259 edilmi\u015f qanun layih\u0259l\u0259ridir.<\/p>\n<p>\u018f.H\u00fcseynli \u00f6nc\u0259 \u201cAz\u0259rbaycan Respublikas\u0131 Milli M\u0259clisi deputat\u0131n\u0131n etik davran\u0131\u015f qaydalar\u0131 haqq\u0131nda\u201d qanunda d\u0259yi\u015fiklikl\u0259r edilm\u0259si bar\u0259d\u0259 s\u0259n\u0259di t\u0259qdim edib.<\/p>\n<p>O, qanun layih\u0259sind\u0259 h\u0259diyy\u0259 alma il\u0259 \u0259laq\u0259dar m\u0259hdudiyy\u0259tl\u0259r\u0259 dair 10-cu v\u0259 maraqlar toqqu\u015fmas\u0131n\u0131n qar\u015f\u0131s\u0131n\u0131n al\u0131nmas\u0131na dair 11-ci madd\u0259l\u0259r\u0259 t\u0259klif olunan d\u0259yi\u015fiklikl\u0259ri \u0259trafl\u0131 \u015f\u0259rh edib.<\/p>\n<p>Geni\u015f m\u00fczakir\u0259d\u0259\u00a0<strong>Azay Quliyev, Q\u00fcdr\u0259t H\u0259s\u0259nquliyev, F\u0259zail A\u011famal\u0131, M\u0259lah\u0259t \u0130brahimq\u0131z\u0131, \u00c7ingiz Q\u0259nizad\u0259, Sabir Hac\u0131yev<\/strong>\u00a0r\u0259y v\u0259 t\u0259klifl\u0259rini diqq\u0259t\u0259 \u00e7atd\u0131r\u0131blar.<\/p>\n<p>G\u00fcnd\u0259likd\u0259ki ikinci v\u0259 \u00fc\u00e7\u00fcnc\u00fc m\u0259s\u0259l\u0259ni iclasda Milli M\u0259clis Aparat\u0131n\u0131n D\u00f6vl\u0259t quruculu\u011fu \u00fczr\u0259 qanunvericilik \u015f\u00f6b\u0259sinin m\u00fcdiri\u00a0<strong>Mirh\u0259\u015fim Seyid<\/strong>t\u0259qdim edib.<\/p>\n<p>O bildirib ki, \u201cAz\u0259rbaycan Respublikas\u0131 Milli M\u0259clisi deputat\u0131n\u0131n statusu haqq\u0131nda\u201d qanunun 9-cu, 16-c\u0131 v\u0259 17-ci madd\u0259l\u0259rin\u0259 d\u0259yi\u015fiklikl\u0259r edilm\u0259si \u201cNormativ h\u00fcquqi aktlar haqq\u0131nda\u201d Konstitusiya qanununun v\u0259 \u201cAz\u0259rbaycan Respublikas\u0131 Milli M\u0259clisi deputat\u0131n\u0131n etik davran\u0131\u015f qaydalar\u0131 haqq\u0131nda\u201d qanunun t\u0259tbiqi il\u0259 \u0259laq\u0259dard\u0131r.<\/p>\n<p>Qeyd olunub ki, bu qanun layih\u0259l\u0259ri Milli M\u0259clisd\u0259 \u00fc\u00e7 oxunu\u015fdan ke\u00e7\u0259c\u0259k.<\/p>\n<p>M\u00fczakir\u0259d\u0259 s\u0259sl\u0259nmi\u015f yeni t\u0259klifl\u0259r \u0130\u015f\u00e7i qrupu il\u0259 birg\u0259 m\u00fczakir\u0259 olunaraq ayr\u0131ca layih\u0259 haz\u0131rlanacaq. Q\u0259rara al\u0131n\u0131b ki, komit\u0259d\u0259 bax\u0131lan h\u0259r \u00fc\u00e7 qanun layih\u0259si birinci oxunu\u015fda parlamentin plenar iclas\u0131na t\u0259qdim edilsin.<\/p>\n<p>Sonra \u201c\u018fdliyy\u0259 orqanlar\u0131nda qulluq ke\u00e7m\u0259 haqq\u0131nda\u201d, \u201cProkurorluq orqanlar\u0131nda qulluq ke\u00e7m\u0259 haqq\u0131nda\u201d, \u201cF\u00f6vq\u0259lad\u0259 hallar orqanlar\u0131nda xidm\u0259t ke\u00e7m\u0259 haqq\u0131nda\u201d qanunlarda v\u0259 \u0130nzibati X\u0259talar M\u0259c\u0259ll\u0259sind\u0259 d\u0259yi\u015fiklik edilm\u0259si bar\u0259d\u0259 m\u0259s\u0259l\u0259y\u0259 d\u0259 bax\u0131l\u0131b v\u0259 plenar iclasa t\u00f6vsiy\u0259 olunub.<\/p>\n<p>Deputatlar g\u00f6mr\u00fck v\u0259 miqrasiya orqanlar\u0131nda qulluq ke\u00e7m\u0259,\u00a0d\u00f6vl\u0259t vergi v\u0259 daxili i\u015fl\u0259r orqanlar\u0131nda xidm\u0259t ke\u00e7m\u0259 haqq\u0131nda \u018fsasnam\u0259l\u0259rd\u0259 d\u0259yi\u015fiklik edilm\u0259sini n\u0259z\u0259rd\u0259 tutan qanun layih\u0259sini d\u0259\u00a0MM-in plenar iclas\u0131na t\u00f6vsiy\u0259 edibl\u0259r.oxu.az<\/p>\n","protected":false},"excerpt":{"rendered":"<p>Bu g\u00fcn Milli M\u0259clisin (MM) H\u00fcquq siyas\u0259ti v\u0259 d\u00f6vl\u0259t quruculu\u011fu komit\u0259sinin iclas\u0131 olub. ARANTV.AZ-\u0131n x\u0259b\u0259rin\u0259 g\u00f6r\u0259,\u00a0ad\u0131\u00e7\u0259kil\u0259n komit\u0259nin s\u0259dri\u00a0\u018fli H\u00fcseynli\u00a0bildirib ki, g\u00fcnd\u0259liy\u0259 daxil olan be\u015f m\u0259s\u0259l\u0259d\u0259n \u00fc\u00e7\u00fc vaxtil\u0259 bu komit\u0259d\u0259 haz\u0131rlanm\u0131\u015f v\u0259 \u0130\u015f\u00e7i qrupu il\u0259 birg\u0259 m\u00fczakir\u0259 edilmi\u015f qanun layih\u0259l\u0259ridir. \u018f.H\u00fcseynli \u00f6nc\u0259 \u201cAz\u0259rbaycan Respublikas\u0131 Milli M\u0259clisi deputat\u0131n\u0131n etik davran\u0131\u015f qaydalar\u0131 haqq\u0131nda\u201d qanunda d\u0259yi\u015fiklikl\u0259r edilm\u0259si bar\u0259d\u0259 s\u0259n\u0259di t\u0259qdim edib. O, qanun layih\u0259sind\u0259 h\u0259diyy\u0259 alma il\u0259 \u0259laq\u0259dar m\u0259hdudiyy\u0259tl\u0259r\u0259 dair 10-cu v\u0259 maraqlar toqqu\u015fmas\u0131n\u0131n qar\u015f\u0131s\u0131n\u0131n al\u0131nmas\u0131na dair 11-ci madd\u0259l\u0259r\u0259 t\u0259klif olunan d\u0259yi\u015fiklikl\u0259ri \u0259trafl\u0131 \u015f\u0259rh edib. Geni\u015f m\u00fczakir\u0259d\u0259\u00a0Azay Quliyev, Q\u00fcdr\u0259t H\u0259s\u0259nquliyev, F\u0259zail A\u011famal\u0131, M\u0259lah\u0259t \u0130brahimq\u0131z\u0131,&hellip;<\/p>\n","protected":false},"author":2,"featured_media":20586,"comment_status":"closed","ping_status":"closed","sticky":false,"template":"","format":"standard","meta":{"om_disable_all_campaigns":false,"_monsterinsights_skip_tracking":false,"_monsterinsights_sitenote_active":false,"_monsterinsights_sitenote_note":"","_monsterinsights_sitenote_category":0},"categories":[4],"tags":[],"aioseo_notices":[],"gutentor_comment":0,"rttpg_featured_image_url":{"full":["https:\/\/arantv.az\/wp-content\/uploads\/2018\/10\/meclis-oxu.jpg",620,378,false],"landscape":["https:\/\/arantv.az\/wp-content\/uploads\/2018\/10\/meclis-oxu.jpg",620,378,false],"portraits":["https:\/\/arantv.az\/wp-content\/uploads\/2018\/10\/meclis-oxu.jpg",620,378,false],"thumbnail":["https:\/\/arantv.az\/wp-content\/uploads\/2018\/10\/meclis-oxu-150x150.jpg",150,150,true],"medium":["https:\/\/arantv.az\/wp-content\/uploads\/2018\/10\/meclis-oxu-300x183.jpg",300,183,true],"large":["https:\/\/arantv.az\/wp-content\/uploads\/2018\/10\/meclis-oxu.jpg",620,378,false],"1536x1536":["https:\/\/arantv.az\/wp-content\/uploads\/2018\/10\/meclis-oxu.jpg",620,378,false],"2048x2048":["https:\/\/arantv.az\/wp-content\/uploads\/2018\/10\/meclis-oxu.jpg",620,378,false],"post-thumbnail":["https:\/\/arantv.az\/wp-content\/uploads\/2018\/10\/meclis-oxu-240x172.jpg",240,172,true],"advps-thumb-one":["https:\/\/arantv.az\/wp-content\/uploads\/2018\/10\/meclis-oxu.jpg",620,378,false]},"rttpg_author":{"display_name":"V\u00fcsal Rafiqo\u011flu","author_link":"https:\/\/arantv.az\/?author=2"},"rttpg_comment":0,"rttpg_category":"<a href=\"https:\/\/arantv.az\/?cat=4\" rel=\"category\">Siyas\u0259t<\/a>","rttpg_excerpt":"Bu g\u00fcn Milli M\u0259clisin (MM) H\u00fcquq siyas\u0259ti v\u0259 d\u00f6vl\u0259t quruculu\u011fu komit\u0259sinin iclas\u0131 olub. ARANTV.AZ-\u0131n x\u0259b\u0259rin\u0259 g\u00f6r\u0259,\u00a0ad\u0131\u00e7\u0259kil\u0259n komit\u0259nin s\u0259dri\u00a0\u018fli H\u00fcseynli\u00a0bildirib ki, g\u00fcnd\u0259liy\u0259 daxil olan be\u015f m\u0259s\u0259l\u0259d\u0259n \u00fc\u00e7\u00fc vaxtil\u0259 bu komit\u0259d\u0259 haz\u0131rlanm\u0131\u015f v\u0259 \u0130\u015f\u00e7i qrupu il\u0259 birg\u0259 m\u00fczakir\u0259 edilmi\u015f qanun layih\u0259l\u0259ridir. \u018f.H\u00fcseynli \u00f6nc\u0259 \u201cAz\u0259rbaycan Respublikas\u0131 Milli M\u0259clisi deputat\u0131n\u0131n etik davran\u0131\u015f qaydalar\u0131 haqq\u0131nda\u201d qanunda d\u0259yi\u015fiklikl\u0259r edilm\u0259si bar\u0259d\u0259 s\u0259n\u0259di&hellip;","_links":{"self":[{"href":"https:\/\/arantv.az\/index.php?rest_route=\/wp\/v2\/posts\/20585"}],"collection":[{"href":"https:\/\/arantv.az\/index.php?rest_route=\/wp\/v2\/posts"}],"about":[{"href":"https:\/\/arantv.az\/index.php?rest_route=\/wp\/v2\/types\/post"}],"author":[{"embeddable":true,"href":"https:\/\/arantv.az\/index.php?rest_route=\/wp\/v2\/users\/2"}],"replies":[{"embeddable":true,"href":"https:\/\/arantv.az\/index.php?rest_route=%2Fwp%2Fv2%2Fcomments&post=20585"}],"version-history":[{"count":0,"href":"https:\/\/arantv.az\/index.php?rest_route=\/wp\/v2\/posts\/20585\/revisions"}],"wp:featuredmedia":[{"embeddable":true,"href":"https:\/\/arantv.az\/index.php?rest_route=\/wp\/v2\/media\/20586"}],"wp:attachment":[{"href":"https:\/\/arantv.az\/index.php?rest_route=%2Fwp%2Fv2%2Fmedia&parent=20585"}],"wp:term":[{"taxonomy":"category","embeddable":true,"href":"https:\/\/arantv.az\/index.php?rest_route=%2Fwp%2Fv2%2Fcategories&post=20585"},{"taxonomy":"post_tag","embeddable":true,"href":"https:\/\/arantv.az\/index.php?rest_route=%2Fwp%2Fv2%2Ftags&post=20585"}],"curies":[{"name":"wp","href":"https:\/\/api.w.org\/{rel}","templated":true}]}}