{"id":20588,"date":"2018-10-22T16:39:15","date_gmt":"2018-10-22T13:39:15","guid":{"rendered":"http:\/\/arantv.az\/?p=20588"},"modified":"2018-10-22T16:39:15","modified_gmt":"2018-10-22T13:39:15","slug":"az%c9%99rbaycan-xin-fransali-merin-adi-arzu-olunmayan-s%c9%99xsl%c9%99r-siyahisina-daxil-edil%c9%99c%c9%99k","status":"publish","type":"post","link":"https:\/\/arantv.az\/?p=20588","title":{"rendered":"Az\u0259rbaycan X\u0130N: &#8220;Fransal\u0131 merin ad\u0131 arzu olunmayan \u015f\u0259xsl\u0259r siyah\u0131s\u0131na daxil edil\u0259c\u0259k&#8221;"},"content":{"rendered":"<p>Az\u0259rbaycan qanunvericiliyini pozaraq \u00f6lk\u0259mizin i\u015f\u011fal edilmi\u015f Da\u011fl\u0131q Qaraba\u011f b\u00f6lg\u0259sin\u0259 s\u0259f\u0259r etdiyi \u00fc\u00e7\u00fcn Fransa v\u0259t\u0259nda\u015f\u0131 Qael Perdrionun ad\u0131 \u00f6lk\u0259y\u0259 giri\u015fi arzu olunmayan \u015f\u0259xsl\u0259r siyah\u0131s\u0131na daxil edil\u0259c\u0259k.<\/p>\n<p><strong>ARANTV.AZ\u00a0<\/strong> x\u0259b\u0259r verir ki, bu bar\u0259d\u0259 Fransan\u0131n Sent Etyen \u015f\u0259h\u0259rinin merinin \u00f6lk\u0259mizin i\u015f\u011fal olunmu\u015f Da\u011fl\u0131q Qaraba\u011f \u0259razisin\u0259 s\u0259f\u0259rin\u0259 dair Az\u0259rbaycan X\u0130N-in M\u0259tbuat xidm\u0259tinin \u015f\u0259rhind\u0259 deyilir.<\/p>\n<p><strong>Nazirlik bildirir:<\/strong><\/p>\n<p>&#8220;Fransan\u0131n Sent Etyen \u015f\u0259h\u0259rinin meri Qael Perdrionun \u00f6lk\u0259mizin i\u015f\u011fal edilmi\u015f \u015eu\u015fa \u015f\u0259h\u0259rin\u0259 qanunsuz s\u0259f\u0259rini q\u0259tiyy\u0259tl\u0259 pisl\u0259yirik.<\/p>\n<p>Fransan\u0131n yerli \u00f6z\u00fcn\u00fcidar\u0259etm\u0259 orqan\u0131n\u0131n beyn\u0259lxalq h\u00fcququn norma v\u0259 prinsipl\u0259ri v\u0259 Az\u0259rbaycan qanunlar\u0131n\u0131 kobud \u015f\u0259kild\u0259 pozaraq, el\u0259c\u0259 d\u0259 Fransa milli qanunlar\u0131na zidd olaraq atd\u0131\u011f\u0131 bu add\u0131m Erm\u0259nistan\u0131n i\u015f\u011fal etdiyi Az\u0259rbaycan \u0259razil\u0259rind\u0259 yaratd\u0131\u011f\u0131 qondarma separat\u00e7\u0131 rejimin t\u0259\u015fviqin\u0259 xidm\u0259t edir. Bu qanunsuz s\u0259f\u0259rd\u0259 Sent Etiyen \u015f\u0259h\u0259rinin merini Az\u0259rbaycana qar\u015f\u0131 q\u0259r\u0259zli m\u00f6vqeyi il\u0259 se\u00e7il\u0259n v\u0259 Fransa erm\u0259ni lobbisinin t\u0259siri alt\u0131nda olan Fransua Ro\u015fbulan m\u00fc\u015fayi\u0259t edir.<\/p>\n<p>Fransan\u0131n xarici i\u015fl\u0259r v\u0259 Avropa \u00fczr\u0259 naziri v\u0259 daxili i\u015fl\u0259r nazirinin 2018-ci ilin 24 may tarixli yerli \u00f6z\u00fcn\u00fcidar\u0259etm\u0259 orqanlar\u0131n\u0131n xarici f\u0259aliyy\u0259tinin h\u00fcquqi \u00e7\u0259r\u00e7iv\u0259si \u00fczr\u0259 t\u0259mimi s\u0259n\u0259din\u0259 istinad edir v\u0259 yerli \u00f6z\u00fcn\u00fcidar\u0259etm\u0259 qurumlar\u0131na Fransa t\u0259r\u0259find\u0259n tan\u0131nmam\u0131\u015f \u0259razi vahidl\u0259rinin separat\u00e7\u0131 qurumlar\u0131 il\u0259 h\u0259r hans\u0131 \u015f\u0259kild\u0259 m\u00fcqavil\u0259l\u0259r ba\u011flamaq, s\u0259f\u0259rl\u0259r h\u0259yata ke\u00e7irm\u0259k v\u0259 birg\u0259 t\u0259dbirl\u0259r t\u0259\u015fkil etm\u0259yin qada\u011fan edildiyini xat\u0131rlad\u0131r\u0131q. Bu x\u00fcsusda vur\u011fulay\u0131r\u0131q ki, qanunsuz s\u0259f\u0259r \u00e7\u0259r\u00e7iv\u0259sind\u0259 imzaland\u0131\u011f\u0131 iddia edil\u0259n &#8220;Dostluq haqq\u0131nda B\u0259yannam\u0259&#8221; he\u00e7 bir h\u00fcquqi q\u00fcvv\u0259y\u0259 malik deyil.<\/p>\n<p>Fransa yerli \u00f6z\u00fcn\u00fcidar\u0259etm\u0259 orqanlar\u0131n\u0131n bu kimi qanunsuz add\u0131mlar\u0131 Fransan\u0131n da t\u0259msil olundu\u011fu AT\u018fT-in Minsk Qrupunun h\u0259ms\u0259drl\u0259rinin Erm\u0259nistan-Az\u0259rbaycan Da\u011fl\u0131q Qaraba\u011f m\u00fcnaqi\u015f\u0259sinin dan\u0131\u015f\u0131qlar yolu il\u0259 h\u0259lli s\u0259yl\u0259rin\u0259, h\u0259m\u00e7inin Fransan\u0131n vasit\u0259\u00e7i qismind\u0259 n\u00fcfuzuna ciddi x\u0259l\u0259l g\u0259tirir. Fransa h\u00f6kum\u0259tini \u00f6z yerli \u00f6z\u00fcn\u00fcidar\u0259etm\u0259 qurumlar\u0131n\u0131 \u00f6lk\u0259mizin \u0259razil\u0259rinin i\u015f\u011fal\u0131 n\u0259tic\u0259sind\u0259 yaranm\u0131\u015f status-quo v\u0259ziyy\u0259tinin m\u00f6hl\u0259ml\u0259ndirilm\u0259sin\u0259 xidm\u0259t ed\u0259n qanunsuz \u0259m\u0259ll\u0259rd\u0259n \u00e7\u0259kindir\u0259c\u0259k v\u0259 \u00f6z qanunvericiliyinin qeyd-\u015f\u0259rtsiz yerin\u0259 yetirilm\u0259sini t\u0259min ed\u0259c\u0259k add\u0131mlar atma\u011fa \u00e7a\u011f\u0131r\u0131r\u0131q&#8221;.milli.az<\/p>\n","protected":false},"excerpt":{"rendered":"<p>Az\u0259rbaycan qanunvericiliyini pozaraq \u00f6lk\u0259mizin i\u015f\u011fal edilmi\u015f Da\u011fl\u0131q Qaraba\u011f b\u00f6lg\u0259sin\u0259 s\u0259f\u0259r etdiyi \u00fc\u00e7\u00fcn Fransa v\u0259t\u0259nda\u015f\u0131 Qael Perdrionun ad\u0131 \u00f6lk\u0259y\u0259 giri\u015fi arzu olunmayan \u015f\u0259xsl\u0259r siyah\u0131s\u0131na daxil edil\u0259c\u0259k. ARANTV.AZ\u00a0 x\u0259b\u0259r verir ki, bu bar\u0259d\u0259 Fransan\u0131n Sent Etyen \u015f\u0259h\u0259rinin merinin \u00f6lk\u0259mizin i\u015f\u011fal olunmu\u015f Da\u011fl\u0131q Qaraba\u011f \u0259razisin\u0259 s\u0259f\u0259rin\u0259 dair Az\u0259rbaycan X\u0130N-in M\u0259tbuat xidm\u0259tinin \u015f\u0259rhind\u0259 deyilir. Nazirlik bildirir: &#8220;Fransan\u0131n Sent Etyen \u015f\u0259h\u0259rinin meri Qael Perdrionun \u00f6lk\u0259mizin i\u015f\u011fal edilmi\u015f \u015eu\u015fa \u015f\u0259h\u0259rin\u0259 qanunsuz s\u0259f\u0259rini q\u0259tiyy\u0259tl\u0259 pisl\u0259yirik. Fransan\u0131n yerli \u00f6z\u00fcn\u00fcidar\u0259etm\u0259 orqan\u0131n\u0131n beyn\u0259lxalq h\u00fcququn norma v\u0259 prinsipl\u0259ri v\u0259 Az\u0259rbaycan qanunlar\u0131n\u0131 kobud \u015f\u0259kild\u0259 pozaraq, el\u0259c\u0259 d\u0259 Fransa milli qanunlar\u0131na zidd olaraq&hellip;<\/p>\n","protected":false},"author":2,"featured_media":20589,"comment_status":"closed","ping_status":"closed","sticky":false,"template":"","format":"standard","meta":{"om_disable_all_campaigns":false,"_monsterinsights_skip_tracking":false,"_monsterinsights_sitenote_active":false,"_monsterinsights_sitenote_note":"","_monsterinsights_sitenote_category":0},"categories":[19],"tags":[],"aioseo_notices":[],"gutentor_comment":0,"rttpg_featured_image_url":{"full":["https:\/\/arantv.az\/wp-content\/uploads\/2018\/10\/azerbaycan_xin_004.jpg",800,600,false],"landscape":["https:\/\/arantv.az\/wp-content\/uploads\/2018\/10\/azerbaycan_xin_004.jpg",800,600,false],"portraits":["https:\/\/arantv.az\/wp-content\/uploads\/2018\/10\/azerbaycan_xin_004.jpg",800,600,false],"thumbnail":["https:\/\/arantv.az\/wp-content\/uploads\/2018\/10\/azerbaycan_xin_004-150x150.jpg",150,150,true],"medium":["https:\/\/arantv.az\/wp-content\/uploads\/2018\/10\/azerbaycan_xin_004-300x225.jpg",300,225,true],"large":["https:\/\/arantv.az\/wp-content\/uploads\/2018\/10\/azerbaycan_xin_004.jpg",640,480,false],"1536x1536":["https:\/\/arantv.az\/wp-content\/uploads\/2018\/10\/azerbaycan_xin_004.jpg",800,600,false],"2048x2048":["https:\/\/arantv.az\/wp-content\/uploads\/2018\/10\/azerbaycan_xin_004.jpg",800,600,false],"post-thumbnail":["https:\/\/arantv.az\/wp-content\/uploads\/2018\/10\/azerbaycan_xin_004-240x172.jpg",240,172,true],"advps-thumb-one":["https:\/\/arantv.az\/wp-content\/uploads\/2018\/10\/azerbaycan_xin_004.jpg",800,600,false]},"rttpg_author":{"display_name":"V\u00fcsal Rafiqo\u011flu","author_link":"https:\/\/arantv.az\/?author=2"},"rttpg_comment":0,"rttpg_category":"<a href=\"https:\/\/arantv.az\/?cat=19\" rel=\"category\">G\u00fcnd\u0259m<\/a>","rttpg_excerpt":"Az\u0259rbaycan qanunvericiliyini pozaraq \u00f6lk\u0259mizin i\u015f\u011fal edilmi\u015f Da\u011fl\u0131q Qaraba\u011f b\u00f6lg\u0259sin\u0259 s\u0259f\u0259r etdiyi \u00fc\u00e7\u00fcn Fransa v\u0259t\u0259nda\u015f\u0131 Qael Perdrionun ad\u0131 \u00f6lk\u0259y\u0259 giri\u015fi arzu olunmayan \u015f\u0259xsl\u0259r siyah\u0131s\u0131na daxil edil\u0259c\u0259k. ARANTV.AZ\u00a0 x\u0259b\u0259r verir ki, bu bar\u0259d\u0259 Fransan\u0131n Sent Etyen \u015f\u0259h\u0259rinin merinin \u00f6lk\u0259mizin i\u015f\u011fal olunmu\u015f Da\u011fl\u0131q Qaraba\u011f \u0259razisin\u0259 s\u0259f\u0259rin\u0259 dair Az\u0259rbaycan X\u0130N-in M\u0259tbuat xidm\u0259tinin \u015f\u0259rhind\u0259 deyilir. Nazirlik bildirir: &#8220;Fransan\u0131n Sent Etyen&hellip;","_links":{"self":[{"href":"https:\/\/arantv.az\/index.php?rest_route=\/wp\/v2\/posts\/20588"}],"collection":[{"href":"https:\/\/arantv.az\/index.php?rest_route=\/wp\/v2\/posts"}],"about":[{"href":"https:\/\/arantv.az\/index.php?rest_route=\/wp\/v2\/types\/post"}],"author":[{"embeddable":true,"href":"https:\/\/arantv.az\/index.php?rest_route=\/wp\/v2\/users\/2"}],"replies":[{"embeddable":true,"href":"https:\/\/arantv.az\/index.php?rest_route=%2Fwp%2Fv2%2Fcomments&post=20588"}],"version-history":[{"count":0,"href":"https:\/\/arantv.az\/index.php?rest_route=\/wp\/v2\/posts\/20588\/revisions"}],"wp:featuredmedia":[{"embeddable":true,"href":"https:\/\/arantv.az\/index.php?rest_route=\/wp\/v2\/media\/20589"}],"wp:attachment":[{"href":"https:\/\/arantv.az\/index.php?rest_route=%2Fwp%2Fv2%2Fmedia&parent=20588"}],"wp:term":[{"taxonomy":"category","embeddable":true,"href":"https:\/\/arantv.az\/index.php?rest_route=%2Fwp%2Fv2%2Fcategories&post=20588"},{"taxonomy":"post_tag","embeddable":true,"href":"https:\/\/arantv.az\/index.php?rest_route=%2Fwp%2Fv2%2Ftags&post=20588"}],"curies":[{"name":"wp","href":"https:\/\/api.w.org\/{rel}","templated":true}]}}