{"id":20610,"date":"2018-10-23T08:15:11","date_gmt":"2018-10-23T05:15:11","guid":{"rendered":"http:\/\/arantv.az\/?p=20610"},"modified":"2018-10-23T08:15:11","modified_gmt":"2018-10-23T05:15:11","slug":"fransa-xindagliq-qarabag-respublikasini-tanimiriq","status":"publish","type":"post","link":"https:\/\/arantv.az\/?p=20610","title":{"rendered":"Fransa X\u0130N:&#8221;&#8221;Da\u011fl\u0131q Qaraba\u011f Respublikas\u0131&#8221;n\u0131 tan\u0131m\u0131r\u0131q&#8221;"},"content":{"rendered":"<div class=\"spot\">Fransa d\u00f6vl\u0259ti Sent-Etyen \u015f\u0259h\u0259r b\u0259l\u0259diyy\u0259si il\u0259 qondarma \u201cDa\u011fl\u0131q Qaraba\u011f Respublikas\u0131\u201dndak\u0131 erm\u0259ni separat\u00e7\u0131lar\u0131 aras\u0131nda imzalanan \u201cDostluq xartiyas\u0131\u201dn\u0131 q\u0259bul etmir.<\/div>\n<p><strong>ARANTV.AZ<\/strong>\u00a0 Report-a istinad\u0259n\u00a0 x\u0259b\u0259r verir ki,\u00a0 bu bar\u0259d\u0259 Fransa Xarici \u0130\u015fl\u0259r Nazirliyind\u0259n (X\u0130N) bildirilib.<\/p>\n<div id=\"AdributorNativeVideo0\" class=\"AdributorNativeVideo\"><\/div>\n<p>\u201cFransa d\u00f6vl\u0259tinin bu m\u0259s\u0259l\u0259d\u0259 m\u00f6vqeyi ayd\u0131nd\u0131r. Fransa \u201cDa\u011fl\u0131q Qaraba\u011f Respublikas\u0131\u201dn\u0131 tan\u0131m\u0131r v\u0259 Sent-Etyen \u015f\u0259h\u0259ri il\u0259 &#8220;DQR&#8221; aras\u0131nda imzalanan \u201cDostluq Xartiyas\u0131n\u0131\u201d-n\u0131 q\u0259bul etmir, &#8211; dey\u0259 X\u0130N-d\u0259n \u0259lav\u0259 olunub.<\/p>\n","protected":false},"excerpt":{"rendered":"<p>Fransa d\u00f6vl\u0259ti Sent-Etyen \u015f\u0259h\u0259r b\u0259l\u0259diyy\u0259si il\u0259 qondarma \u201cDa\u011fl\u0131q Qaraba\u011f Respublikas\u0131\u201dndak\u0131 erm\u0259ni separat\u00e7\u0131lar\u0131 aras\u0131nda imzalanan \u201cDostluq xartiyas\u0131\u201dn\u0131 q\u0259bul etmir. ARANTV.AZ\u00a0 Report-a istinad\u0259n\u00a0 x\u0259b\u0259r verir ki,\u00a0 bu bar\u0259d\u0259 Fransa Xarici \u0130\u015fl\u0259r Nazirliyind\u0259n (X\u0130N) bildirilib. \u201cFransa d\u00f6vl\u0259tinin bu m\u0259s\u0259l\u0259d\u0259 m\u00f6vqeyi ayd\u0131nd\u0131r. Fransa \u201cDa\u011fl\u0131q Qaraba\u011f Respublikas\u0131\u201dn\u0131 tan\u0131m\u0131r v\u0259 Sent-Etyen \u015f\u0259h\u0259ri il\u0259 &#8220;DQR&#8221; aras\u0131nda imzalanan \u201cDostluq Xartiyas\u0131n\u0131\u201d-n\u0131 q\u0259bul etmir, &#8211; dey\u0259 X\u0130N-d\u0259n \u0259lav\u0259 olunub.<\/p>\n","protected":false},"author":2,"featured_media":20611,"comment_status":"closed","ping_status":"closed","sticky":false,"template":"","format":"standard","meta":{"om_disable_all_campaigns":false,"_monsterinsights_skip_tracking":false,"_monsterinsights_sitenote_active":false,"_monsterinsights_sitenote_note":"","_monsterinsights_sitenote_category":0},"categories":[4],"tags":[],"aioseo_notices":[],"gutentor_comment":0,"rttpg_featured_image_url":{"full":["https:\/\/arantv.az\/wp-content\/uploads\/2018\/10\/fransaxin.jpg",620,375,false],"landscape":["https:\/\/arantv.az\/wp-content\/uploads\/2018\/10\/fransaxin.jpg",620,375,false],"portraits":["https:\/\/arantv.az\/wp-content\/uploads\/2018\/10\/fransaxin.jpg",620,375,false],"thumbnail":["https:\/\/arantv.az\/wp-content\/uploads\/2018\/10\/fransaxin-150x150.jpg",150,150,true],"medium":["https:\/\/arantv.az\/wp-content\/uploads\/2018\/10\/fransaxin-300x181.jpg",300,181,true],"large":["https:\/\/arantv.az\/wp-content\/uploads\/2018\/10\/fransaxin.jpg",620,375,false],"1536x1536":["https:\/\/arantv.az\/wp-content\/uploads\/2018\/10\/fransaxin.jpg",620,375,false],"2048x2048":["https:\/\/arantv.az\/wp-content\/uploads\/2018\/10\/fransaxin.jpg",620,375,false],"post-thumbnail":["https:\/\/arantv.az\/wp-content\/uploads\/2018\/10\/fransaxin-240x172.jpg",240,172,true],"advps-thumb-one":["https:\/\/arantv.az\/wp-content\/uploads\/2018\/10\/fransaxin.jpg",620,375,false]},"rttpg_author":{"display_name":"V\u00fcsal Rafiqo\u011flu","author_link":"https:\/\/arantv.az\/?author=2"},"rttpg_comment":0,"rttpg_category":"<a href=\"https:\/\/arantv.az\/?cat=4\" rel=\"category\">Siyas\u0259t<\/a>","rttpg_excerpt":"Fransa d\u00f6vl\u0259ti Sent-Etyen \u015f\u0259h\u0259r b\u0259l\u0259diyy\u0259si il\u0259 qondarma \u201cDa\u011fl\u0131q Qaraba\u011f Respublikas\u0131\u201dndak\u0131 erm\u0259ni separat\u00e7\u0131lar\u0131 aras\u0131nda imzalanan \u201cDostluq xartiyas\u0131\u201dn\u0131 q\u0259bul etmir. ARANTV.AZ\u00a0 Report-a istinad\u0259n\u00a0 x\u0259b\u0259r verir ki,\u00a0 bu bar\u0259d\u0259 Fransa Xarici \u0130\u015fl\u0259r Nazirliyind\u0259n (X\u0130N) bildirilib. \u201cFransa d\u00f6vl\u0259tinin bu m\u0259s\u0259l\u0259d\u0259 m\u00f6vqeyi ayd\u0131nd\u0131r. Fransa \u201cDa\u011fl\u0131q Qaraba\u011f Respublikas\u0131\u201dn\u0131 tan\u0131m\u0131r v\u0259 Sent-Etyen \u015f\u0259h\u0259ri il\u0259 &#8220;DQR&#8221; aras\u0131nda imzalanan \u201cDostluq Xartiyas\u0131n\u0131\u201d-n\u0131 q\u0259bul etmir, &#8211;&hellip;","_links":{"self":[{"href":"https:\/\/arantv.az\/index.php?rest_route=\/wp\/v2\/posts\/20610"}],"collection":[{"href":"https:\/\/arantv.az\/index.php?rest_route=\/wp\/v2\/posts"}],"about":[{"href":"https:\/\/arantv.az\/index.php?rest_route=\/wp\/v2\/types\/post"}],"author":[{"embeddable":true,"href":"https:\/\/arantv.az\/index.php?rest_route=\/wp\/v2\/users\/2"}],"replies":[{"embeddable":true,"href":"https:\/\/arantv.az\/index.php?rest_route=%2Fwp%2Fv2%2Fcomments&post=20610"}],"version-history":[{"count":0,"href":"https:\/\/arantv.az\/index.php?rest_route=\/wp\/v2\/posts\/20610\/revisions"}],"wp:featuredmedia":[{"embeddable":true,"href":"https:\/\/arantv.az\/index.php?rest_route=\/wp\/v2\/media\/20611"}],"wp:attachment":[{"href":"https:\/\/arantv.az\/index.php?rest_route=%2Fwp%2Fv2%2Fmedia&parent=20610"}],"wp:term":[{"taxonomy":"category","embeddable":true,"href":"https:\/\/arantv.az\/index.php?rest_route=%2Fwp%2Fv2%2Fcategories&post=20610"},{"taxonomy":"post_tag","embeddable":true,"href":"https:\/\/arantv.az\/index.php?rest_route=%2Fwp%2Fv2%2Ftags&post=20610"}],"curies":[{"name":"wp","href":"https:\/\/api.w.org\/{rel}","templated":true}]}}