{"id":20624,"date":"2018-10-23T08:34:27","date_gmt":"2018-10-23T05:34:27","guid":{"rendered":"http:\/\/arantv.az\/?p=20624"},"modified":"2018-10-23T08:34:27","modified_gmt":"2018-10-23T05:34:27","slug":"turkiy%c9%99d%c9%99-bes-az%c9%99rbaycanli-qadin-saxlanildi","status":"publish","type":"post","link":"https:\/\/arantv.az\/?p=20624","title":{"rendered":"T\u00fcrkiy\u0259d\u0259 be\u015f az\u0259rbaycanl\u0131 qad\u0131n saxlan\u0131ld\u0131"},"content":{"rendered":"<p>T\u00fcrkiy\u0259nin Ni\u011fd\u0259 b\u00f6lg\u0259sind\u0259 polis yeddi\u00a0\u0259cn\u0259bi qad\u0131n\u0131 saxlay\u0131b.<\/p>\n<p><b>ARANTV.AZ <\/b>oxu.az-a istinad\u0259n x\u0259b\u0259r verir ki, \u0259m\u0259liyyat Bor rayonundak\u0131 \u0259yl\u0259nc\u0259 m\u0259kanlar\u0131ndan birind\u0259 h\u0259yata ke\u00e7irilib.<\/p>\n<p>Saxlan\u0131lanlardan be\u015fi Az\u0259rbaycan, biri \u00d6zb\u0259kistan, biri Q\u0131r\u011f\u0131z\u0131stan v\u0259t\u0259nda\u015f\u0131d\u0131r. Onlara qar\u015f\u0131 icaz\u0259siz \u0259m\u0259k f\u0259aliyy\u0259ti il\u0259 m\u0259\u015f\u011ful olma ittiham\u0131 ir\u0259li s\u00fcr\u00fcl\u00fcb.<\/p>\n<p>Bundan ba\u015fqa, iki\u00a0t\u00fcrkiy\u0259li qad\u0131n da saxlan\u0131l\u0131b. Polisd\u0259n veril\u0259n m\u0259lumata g\u00f6r\u0259, m\u0259kanda apar\u0131lan axtar\u0131\u015f zaman\u0131 bir\u00a0\u0259d\u0259d ov t\u00fcf\u0259ngi, bir\u00a0\u0259d\u0259d tapan\u00e7a v\u0259 xeyli sayda sursat a\u015fkar edilib.<\/p>\n<p>Saxlan\u0131lan \u0259cn\u0259bil\u0259rin deportasiya edil\u0259c\u0259yi bildirilib.<\/p>\n","protected":false},"excerpt":{"rendered":"<p>T\u00fcrkiy\u0259nin Ni\u011fd\u0259 b\u00f6lg\u0259sind\u0259 polis yeddi\u00a0\u0259cn\u0259bi qad\u0131n\u0131 saxlay\u0131b. ARANTV.AZ oxu.az-a istinad\u0259n x\u0259b\u0259r verir ki, \u0259m\u0259liyyat Bor rayonundak\u0131 \u0259yl\u0259nc\u0259 m\u0259kanlar\u0131ndan birind\u0259 h\u0259yata ke\u00e7irilib. Saxlan\u0131lanlardan be\u015fi Az\u0259rbaycan, biri \u00d6zb\u0259kistan, biri Q\u0131r\u011f\u0131z\u0131stan v\u0259t\u0259nda\u015f\u0131d\u0131r. Onlara qar\u015f\u0131 icaz\u0259siz \u0259m\u0259k f\u0259aliyy\u0259ti il\u0259 m\u0259\u015f\u011ful olma ittiham\u0131 ir\u0259li s\u00fcr\u00fcl\u00fcb. Bundan ba\u015fqa, iki\u00a0t\u00fcrkiy\u0259li qad\u0131n da saxlan\u0131l\u0131b. Polisd\u0259n veril\u0259n m\u0259lumata g\u00f6r\u0259, m\u0259kanda apar\u0131lan axtar\u0131\u015f zaman\u0131 bir\u00a0\u0259d\u0259d ov t\u00fcf\u0259ngi, bir\u00a0\u0259d\u0259d tapan\u00e7a v\u0259 xeyli sayda sursat a\u015fkar edilib. Saxlan\u0131lan \u0259cn\u0259bil\u0259rin deportasiya edil\u0259c\u0259yi bildirilib.<\/p>\n","protected":false},"author":2,"featured_media":20625,"comment_status":"closed","ping_status":"closed","sticky":false,"template":"","format":"standard","meta":{"om_disable_all_campaigns":false,"_monsterinsights_skip_tracking":false,"_monsterinsights_sitenote_active":false,"_monsterinsights_sitenote_note":"","_monsterinsights_sitenote_category":0},"categories":[1],"tags":[],"aioseo_notices":[],"gutentor_comment":0,"rttpg_featured_image_url":{"full":["https:\/\/arantv.az\/wp-content\/uploads\/2018\/10\/ec.jpg",606,340,false],"landscape":["https:\/\/arantv.az\/wp-content\/uploads\/2018\/10\/ec.jpg",606,340,false],"portraits":["https:\/\/arantv.az\/wp-content\/uploads\/2018\/10\/ec.jpg",606,340,false],"thumbnail":["https:\/\/arantv.az\/wp-content\/uploads\/2018\/10\/ec-150x150.jpg",150,150,true],"medium":["https:\/\/arantv.az\/wp-content\/uploads\/2018\/10\/ec-300x168.jpg",300,168,true],"large":["https:\/\/arantv.az\/wp-content\/uploads\/2018\/10\/ec.jpg",606,340,false],"1536x1536":["https:\/\/arantv.az\/wp-content\/uploads\/2018\/10\/ec.jpg",606,340,false],"2048x2048":["https:\/\/arantv.az\/wp-content\/uploads\/2018\/10\/ec.jpg",606,340,false],"post-thumbnail":["https:\/\/arantv.az\/wp-content\/uploads\/2018\/10\/ec-240x172.jpg",240,172,true],"advps-thumb-one":["https:\/\/arantv.az\/wp-content\/uploads\/2018\/10\/ec.jpg",606,340,false]},"rttpg_author":{"display_name":"V\u00fcsal Rafiqo\u011flu","author_link":"https:\/\/arantv.az\/?author=2"},"rttpg_comment":0,"rttpg_category":"<a href=\"https:\/\/arantv.az\/?cat=1\" rel=\"category\">C\u0259miyy\u0259t<\/a>","rttpg_excerpt":"T\u00fcrkiy\u0259nin Ni\u011fd\u0259 b\u00f6lg\u0259sind\u0259 polis yeddi\u00a0\u0259cn\u0259bi qad\u0131n\u0131 saxlay\u0131b. ARANTV.AZ oxu.az-a istinad\u0259n x\u0259b\u0259r verir ki, \u0259m\u0259liyyat Bor rayonundak\u0131 \u0259yl\u0259nc\u0259 m\u0259kanlar\u0131ndan birind\u0259 h\u0259yata ke\u00e7irilib. Saxlan\u0131lanlardan be\u015fi Az\u0259rbaycan, biri \u00d6zb\u0259kistan, biri Q\u0131r\u011f\u0131z\u0131stan v\u0259t\u0259nda\u015f\u0131d\u0131r. Onlara qar\u015f\u0131 icaz\u0259siz \u0259m\u0259k f\u0259aliyy\u0259ti il\u0259 m\u0259\u015f\u011ful olma ittiham\u0131 ir\u0259li s\u00fcr\u00fcl\u00fcb. Bundan ba\u015fqa, iki\u00a0t\u00fcrkiy\u0259li qad\u0131n da saxlan\u0131l\u0131b. Polisd\u0259n veril\u0259n m\u0259lumata g\u00f6r\u0259, m\u0259kanda apar\u0131lan axtar\u0131\u015f zaman\u0131 bir\u00a0\u0259d\u0259d&hellip;","_links":{"self":[{"href":"https:\/\/arantv.az\/index.php?rest_route=\/wp\/v2\/posts\/20624"}],"collection":[{"href":"https:\/\/arantv.az\/index.php?rest_route=\/wp\/v2\/posts"}],"about":[{"href":"https:\/\/arantv.az\/index.php?rest_route=\/wp\/v2\/types\/post"}],"author":[{"embeddable":true,"href":"https:\/\/arantv.az\/index.php?rest_route=\/wp\/v2\/users\/2"}],"replies":[{"embeddable":true,"href":"https:\/\/arantv.az\/index.php?rest_route=%2Fwp%2Fv2%2Fcomments&post=20624"}],"version-history":[{"count":0,"href":"https:\/\/arantv.az\/index.php?rest_route=\/wp\/v2\/posts\/20624\/revisions"}],"wp:featuredmedia":[{"embeddable":true,"href":"https:\/\/arantv.az\/index.php?rest_route=\/wp\/v2\/media\/20625"}],"wp:attachment":[{"href":"https:\/\/arantv.az\/index.php?rest_route=%2Fwp%2Fv2%2Fmedia&parent=20624"}],"wp:term":[{"taxonomy":"category","embeddable":true,"href":"https:\/\/arantv.az\/index.php?rest_route=%2Fwp%2Fv2%2Fcategories&post=20624"},{"taxonomy":"post_tag","embeddable":true,"href":"https:\/\/arantv.az\/index.php?rest_route=%2Fwp%2Fv2%2Ftags&post=20624"}],"curies":[{"name":"wp","href":"https:\/\/api.w.org\/{rel}","templated":true}]}}