{"id":20627,"date":"2018-10-23T08:35:55","date_gmt":"2018-10-23T05:35:55","guid":{"rendered":"http:\/\/arantv.az\/?p=20627"},"modified":"2018-10-23T08:35:55","modified_gmt":"2018-10-23T05:35:55","slug":"az%c9%99rbaycanin-rusiyadaki-s%c9%99firliyinin-t%c9%99skilatciligi-il%c9%99-moskvada-s%c9%99firlik-axsamlari-adli-t%c9%99dbir-kecirilib","status":"publish","type":"post","link":"https:\/\/arantv.az\/?p=20627","title":{"rendered":"Az\u0259rbaycan\u0131n Rusiyadak\u0131 s\u0259firliyinin t\u0259\u015fkilat\u00e7\u0131l\u0131\u011f\u0131 il\u0259 Moskvada \u201cS\u0259firlik ax\u015famlar\u0131\u201d adl\u0131 t\u0259dbir ke\u00e7irilib"},"content":{"rendered":"<p><strong>ARANTV.AZ<\/strong> x\u0259b\u0259r verir ki, Moskvadak\u0131 \u201cTsartsino\u201d Muzey-Qoru\u011funda \u00f6lk\u0259mizin Rusiyadak\u0131 s\u0259firi Polad B\u00fclb\u00fclo\u011flunun Moskvada akkredit\u0259 olunmu\u015f diplomatik korpusun duayeni se\u00e7ilm\u0259sin\u0259 h\u0259sr edil\u0259n \u201cS\u0259firlik ax\u015famlar\u0131\u201d adl\u0131 t\u0259dbir ke\u00e7irilib.<\/p>\n<p>Az\u0259rbaycan\u0131n Rusiyadak\u0131 s\u0259firliyinin v\u0259 Rusiya Milli M\u00fc\u0259llif H\u00fcquqlar\u0131n\u0131n M\u00fcdafi\u0259si Fondunun birg\u0259 t\u0259\u015fkilat\u00e7\u0131l\u0131\u011f\u0131 il\u0259 \u201c\u0130nc\u0259s\u0259n\u0259td\u0259n diplomatiyaya do\u011fru\u201d devizi alt\u0131nda ke\u00e7iril\u0259n t\u0259dbird\u0259 Moskvada akkredit\u0259 olunmu\u015f diplomatik korpusun n\u00fcmay\u0259nd\u0259l\u0259ri, ictimaiyy\u0259tin t\u0259msil\u00e7il\u0259ri, siyasi xadiml\u0259r i\u015ftirak edibl\u0259r.<\/p>\n<p>T\u0259dbird\u0259 Az\u0259rbaycana h\u0259sr olunmu\u015f film n\u00fcmayi\u015f etdirilib, h\u0259m\u00e7inin \u201cTsartsino\u201d Muzey-Qoru\u011funda saxlan\u0131lan Az\u0259rbaycana aid 300-d\u0259n \u00e7ox t\u0259tbiqi s\u0259n\u0259t n\u00fcmun\u0259l\u0259ri bar\u0259d\u0259 m\u0259lumat verilib.<\/p>\n<p>Muzey-Qoru\u011fun direktoru Yelizaveta Fokina bildirib ki, bu c\u00fcr t\u0259dbirin ke\u00e7irilm\u0259si \u00f6zl\u00fcy\u00fcnd\u0259 \u0259lam\u0259tdar bir hadis\u0259dir. M\u0259hz bel\u0259 t\u0259dbirl\u0259r \u00f6lk\u0259l\u0259rin tarixinin, m\u0259d\u0259niyy\u0259tinin tan\u0131d\u0131lmas\u0131 bax\u0131m\u0131ndan g\u00f6z\u0259l imkand\u0131r. O qeyd edib ki, bu g\u00fcn daha bir \u0259lam\u0259tdar hadis\u0259 is\u0259 Moskvadak\u0131 diplomatik korpusun duayeni funksiyas\u0131n\u0131n Az\u0259rbaycan\u0131n Rusiyadak\u0131 s\u0259firi Polad B\u00fclb\u00fclo\u011fluna ke\u00e7m\u0259sidir.<\/p>\n<p>Rusiya Federasiyas\u0131 Federal M\u0259clisi Federasiya \u015euras\u0131n\u0131n s\u0259dr m\u00fcavini \u0130lyas Umaxanov Az\u0259rbaycan s\u0259firi Polad B\u00fclb\u00fclo\u011flunun s\u0259m\u0259r\u0259li f\u0259aliyy\u0259tind\u0259n dan\u0131\u015f\u0131b, ona u\u011furlar arzulay\u0131b.<\/p>\n<p>Az\u0259rbaycan\u0131n son ill\u0259r s\u00fcr\u0259tl\u0259 inki\u015faf etdiyini, bir \u00e7ox qlobal \u0259h\u0259miyy\u0259tli beyn\u0259lxalq layih\u0259l\u0259ri u\u011furla h\u0259yata ke\u00e7irdiyini dey\u0259n \u0130.Umaxanov parlamentl\u0259raras\u0131 \u0259laq\u0259l\u0259rin d\u0259 y\u00fcks\u0259k s\u0259viyy\u0259d\u0259 oldu\u011funu diqq\u0259t\u0259 \u00e7atd\u0131r\u0131b.<\/p>\n<p>Az\u0259rbaycan\u0131n rusiyadak\u0131 s\u0259firi Polad B\u00fclb\u00fclo\u011flu f\u0259aliyy\u0259tin\u0259 veril\u0259n y\u00fcks\u0259k qiym\u0259t\u0259 v\u0259 g\u00f6st\u0259ril\u0259n diqq\u0259t\u0259 g\u00f6r\u0259 t\u0259\u015f\u0259kk\u00fcr\u00fcn\u00fc bildirib. S\u0259fir qeyd edib ki, bu g\u00fcnl\u0259rd\u0259 Moskvan\u0131n m\u0259rk\u0259zi Tver meydan\u0131nda Heyd\u0259r \u018fliyev Fondu t\u0259r\u0259find\u0259n u\u011furla t\u0259\u015fkil olunan \u201cAz\u0259rbaycan\u0131n pay\u0131z sovqatlar\u0131\u201d \u015f\u0259h\u0259rciyi \u00f6lk\u0259l\u0259rimiz aras\u0131nda mehriban qon\u015fuluq m\u00fcnasib\u0259tl\u0259rin\u0259 daha bir t\u00f6hf\u0259dir.<\/p>\n<p>Rusiya M\u00fc\u0259llif H\u00fcquqlar\u0131 Milli Fondunun n\u00fcmay\u0259nd\u0259si Vadim Breyev v\u0259 \u201cS\u0259firlik ax\u015famlar\u0131\u201d layih\u0259sinin r\u0259hb\u0259ri Anna Genina \u00e7\u0131x\u0131\u015f ed\u0259r\u0259k bildiribl\u0259r ki, bu c\u00fcr gec\u0259l\u0259rin ke\u00e7irilm\u0259sind\u0259 \u0259sas m\u0259qs\u0259d Az\u0259rbaycan\u0131n m\u00fcasir m\u0259d\u0259niyy\u0259tinin Rusiyada t\u0259bli\u011fin\u0259 v\u0259 humanitar m\u00fcst\u0259vid\u0259 m\u00fcnasib\u0259tl\u0259rin inki\u015faf\u0131na t\u0259kan verm\u0259kdir.<\/p>\n<p>T\u0259dbir Az\u0259rbaycan v\u0259 d\u00fcnya b\u0259st\u0259karlar\u0131n\u0131n musiqil\u0259rinin ifas\u0131 il\u0259 davam etdirilib.<\/p>\n","protected":false},"excerpt":{"rendered":"<p>ARANTV.AZ x\u0259b\u0259r verir ki, Moskvadak\u0131 \u201cTsartsino\u201d Muzey-Qoru\u011funda \u00f6lk\u0259mizin Rusiyadak\u0131 s\u0259firi Polad B\u00fclb\u00fclo\u011flunun Moskvada akkredit\u0259 olunmu\u015f diplomatik korpusun duayeni se\u00e7ilm\u0259sin\u0259 h\u0259sr edil\u0259n \u201cS\u0259firlik ax\u015famlar\u0131\u201d adl\u0131 t\u0259dbir ke\u00e7irilib. Az\u0259rbaycan\u0131n Rusiyadak\u0131 s\u0259firliyinin v\u0259 Rusiya Milli M\u00fc\u0259llif H\u00fcquqlar\u0131n\u0131n M\u00fcdafi\u0259si Fondunun birg\u0259 t\u0259\u015fkilat\u00e7\u0131l\u0131\u011f\u0131 il\u0259 \u201c\u0130nc\u0259s\u0259n\u0259td\u0259n diplomatiyaya do\u011fru\u201d devizi alt\u0131nda ke\u00e7iril\u0259n t\u0259dbird\u0259 Moskvada akkredit\u0259 olunmu\u015f diplomatik korpusun n\u00fcmay\u0259nd\u0259l\u0259ri, ictimaiyy\u0259tin t\u0259msil\u00e7il\u0259ri, siyasi xadiml\u0259r i\u015ftirak edibl\u0259r. T\u0259dbird\u0259 Az\u0259rbaycana h\u0259sr olunmu\u015f film n\u00fcmayi\u015f etdirilib, h\u0259m\u00e7inin \u201cTsartsino\u201d Muzey-Qoru\u011funda saxlan\u0131lan Az\u0259rbaycana aid 300-d\u0259n \u00e7ox t\u0259tbiqi s\u0259n\u0259t n\u00fcmun\u0259l\u0259ri bar\u0259d\u0259 m\u0259lumat verilib. Muzey-Qoru\u011fun direktoru Yelizaveta Fokina bildirib ki, bu c\u00fcr t\u0259dbirin ke\u00e7irilm\u0259si \u00f6zl\u00fcy\u00fcnd\u0259&hellip;<\/p>\n","protected":false},"author":2,"featured_media":20628,"comment_status":"closed","ping_status":"closed","sticky":false,"template":"","format":"standard","meta":{"om_disable_all_campaigns":false,"_monsterinsights_skip_tracking":false,"_monsterinsights_sitenote_active":false,"_monsterinsights_sitenote_note":"","_monsterinsights_sitenote_category":0},"categories":[4],"tags":[],"aioseo_notices":[],"gutentor_comment":0,"rttpg_featured_image_url":{"full":["https:\/\/arantv.az\/wp-content\/uploads\/2018\/10\/rb5diemh9apg2havp4fj19gsq6sef.jpg",1000,666,false],"landscape":["https:\/\/arantv.az\/wp-content\/uploads\/2018\/10\/rb5diemh9apg2havp4fj19gsq6sef.jpg",1000,666,false],"portraits":["https:\/\/arantv.az\/wp-content\/uploads\/2018\/10\/rb5diemh9apg2havp4fj19gsq6sef.jpg",1000,666,false],"thumbnail":["https:\/\/arantv.az\/wp-content\/uploads\/2018\/10\/rb5diemh9apg2havp4fj19gsq6sef-150x150.jpg",150,150,true],"medium":["https:\/\/arantv.az\/wp-content\/uploads\/2018\/10\/rb5diemh9apg2havp4fj19gsq6sef-300x200.jpg",300,200,true],"large":["https:\/\/arantv.az\/wp-content\/uploads\/2018\/10\/rb5diemh9apg2havp4fj19gsq6sef.jpg",640,426,false],"1536x1536":["https:\/\/arantv.az\/wp-content\/uploads\/2018\/10\/rb5diemh9apg2havp4fj19gsq6sef.jpg",1000,666,false],"2048x2048":["https:\/\/arantv.az\/wp-content\/uploads\/2018\/10\/rb5diemh9apg2havp4fj19gsq6sef.jpg",1000,666,false],"post-thumbnail":["https:\/\/arantv.az\/wp-content\/uploads\/2018\/10\/rb5diemh9apg2havp4fj19gsq6sef-240x172.jpg",240,172,true],"advps-thumb-one":["https:\/\/arantv.az\/wp-content\/uploads\/2018\/10\/rb5diemh9apg2havp4fj19gsq6sef-1000x620.jpg",1000,620,true]},"rttpg_author":{"display_name":"V\u00fcsal Rafiqo\u011flu","author_link":"https:\/\/arantv.az\/?author=2"},"rttpg_comment":0,"rttpg_category":"<a href=\"https:\/\/arantv.az\/?cat=4\" rel=\"category\">Siyas\u0259t<\/a>","rttpg_excerpt":"ARANTV.AZ x\u0259b\u0259r verir ki, Moskvadak\u0131 \u201cTsartsino\u201d Muzey-Qoru\u011funda \u00f6lk\u0259mizin Rusiyadak\u0131 s\u0259firi Polad B\u00fclb\u00fclo\u011flunun Moskvada akkredit\u0259 olunmu\u015f diplomatik korpusun duayeni se\u00e7ilm\u0259sin\u0259 h\u0259sr edil\u0259n \u201cS\u0259firlik ax\u015famlar\u0131\u201d adl\u0131 t\u0259dbir ke\u00e7irilib. Az\u0259rbaycan\u0131n Rusiyadak\u0131 s\u0259firliyinin v\u0259 Rusiya Milli M\u00fc\u0259llif H\u00fcquqlar\u0131n\u0131n M\u00fcdafi\u0259si Fondunun birg\u0259 t\u0259\u015fkilat\u00e7\u0131l\u0131\u011f\u0131 il\u0259 \u201c\u0130nc\u0259s\u0259n\u0259td\u0259n diplomatiyaya do\u011fru\u201d devizi alt\u0131nda ke\u00e7iril\u0259n t\u0259dbird\u0259 Moskvada akkredit\u0259 olunmu\u015f diplomatik korpusun n\u00fcmay\u0259nd\u0259l\u0259ri, ictimaiyy\u0259tin t\u0259msil\u00e7il\u0259ri, siyasi&hellip;","_links":{"self":[{"href":"https:\/\/arantv.az\/index.php?rest_route=\/wp\/v2\/posts\/20627"}],"collection":[{"href":"https:\/\/arantv.az\/index.php?rest_route=\/wp\/v2\/posts"}],"about":[{"href":"https:\/\/arantv.az\/index.php?rest_route=\/wp\/v2\/types\/post"}],"author":[{"embeddable":true,"href":"https:\/\/arantv.az\/index.php?rest_route=\/wp\/v2\/users\/2"}],"replies":[{"embeddable":true,"href":"https:\/\/arantv.az\/index.php?rest_route=%2Fwp%2Fv2%2Fcomments&post=20627"}],"version-history":[{"count":0,"href":"https:\/\/arantv.az\/index.php?rest_route=\/wp\/v2\/posts\/20627\/revisions"}],"wp:featuredmedia":[{"embeddable":true,"href":"https:\/\/arantv.az\/index.php?rest_route=\/wp\/v2\/media\/20628"}],"wp:attachment":[{"href":"https:\/\/arantv.az\/index.php?rest_route=%2Fwp%2Fv2%2Fmedia&parent=20627"}],"wp:term":[{"taxonomy":"category","embeddable":true,"href":"https:\/\/arantv.az\/index.php?rest_route=%2Fwp%2Fv2%2Fcategories&post=20627"},{"taxonomy":"post_tag","embeddable":true,"href":"https:\/\/arantv.az\/index.php?rest_route=%2Fwp%2Fv2%2Ftags&post=20627"}],"curies":[{"name":"wp","href":"https:\/\/api.w.org\/{rel}","templated":true}]}}