{"id":20640,"date":"2018-10-23T08:48:40","date_gmt":"2018-10-23T05:48:40","guid":{"rendered":"http:\/\/arantv.az\/?p=20640"},"modified":"2018-10-23T08:48:40","modified_gmt":"2018-10-23T05:48:40","slug":"balak%c9%99nd%c9%99-yol-q%c9%99zasi-olub-x%c9%99sar%c9%99t-alanlar-var","status":"publish","type":"post","link":"https:\/\/arantv.az\/?p=20640","title":{"rendered":"Balak\u0259nd\u0259 yol q\u0259zas\u0131 olub, x\u0259sar\u0259t alanlar var"},"content":{"rendered":"<p><strong>Balak\u0259nd\u0259 yol q\u0259zas\u0131 olub.<\/strong><\/p>\n<p><strong>ARANTV.AZ<\/strong>\u00a0 report-a istinad\u0259n x\u0259b\u0259\\r verir ki, hadis\u0259 oktyabr\u0131n 22-d\u0259n 23-\u0259 ke\u00e7\u0259n gec\u0259 Yevlax-Zaqatala-G\u00fcrc\u00fcstan s\u0259rh\u0259d magistral yolunun Balak\u0259n rayonu Po\u00e7tbin\u0259 k\u0259ndi \u0259razisind\u0259n ke\u00e7\u0259n hiss\u0259sind\u0259 ba\u015f verib.<\/p>\n<p>Balak\u0259n rayonu T\u00fcl\u00fc k\u0259nd sakini, 1991-ci il t\u0259v\u0259ll\u00fcdl\u00fc R\u0259\u015fad Kamil o\u011flu Lay\u0131cov idar\u0259 etdiyi &#8220;VAZ-2106&#8221; markal\u0131 minik avtomobili il\u0259 h\u0259r\u0259k\u0259td\u0259 olark\u0259n Po\u00e7tbin\u0259 k\u0259nd inzibati \u0259razisind\u0259n axan \u00e7ay\u0131n \u00fcz\u0259rind\u0259ki k\u00f6rp\u00fcy\u0259 \u00e7atan zamaan idar\u0259etm\u0259ni itirib. N\u0259tic\u0259d\u0259 ma\u015f\u0131n h\u00fcnd\u00fcrl\u00fckd\u0259n \u00e7aya d\u00fc\u015f\u00fcb. Q\u0259zadan sonra s\u00fcr\u00fcc\u00fc R. Lay\u0131cov, avtomobild\u0259 olan s\u0259rni\u015finl\u0259r &#8211; Balak\u0259n \u015f\u0259h\u0259r sakinl\u0259ri, 1989-cu il t\u0259v\u0259ll\u00fcdl\u00fc N\u0259simi F\u00fczuli o\u011flu Omarov, 1978-ci il t\u0259v\u0259ll\u00fcdl\u00fc Xan\u0131m \u018fs\u0259d q\u0131z\u0131 Balacayeva v\u0259 M\u0259lah\u0259t \u018fli q\u0131z\u0131 Sad\u0131qova m\u00fcxt\u0259lif d\u0259r\u0259c\u0259li b\u0259d\u0259n x\u0259sar\u0259tl\u0259ri il\u0259 Balak\u0259n Rayon M\u0259rk\u0259zi X\u0259st\u0259xanas\u0131na apar\u0131l\u0131blar.<\/p>\n<p>X\u0259st\u0259xanadan &#8220;Report&#8221;a bildirilib ki, yaral\u0131lardan R.Lay\u0131cov v\u0259 X.Balacayevan\u0131n x\u0259sar\u0259tl\u0259ri a\u011f\u0131r oldu\u011fundan m\u00fcalic\u0259l\u0259ri reanimasiya \u015f\u00f6b\u0259sind\u0259 apar\u0131l\u0131r. N.Omarovun m\u00fcalic\u0259si C\u0259rrahiy\u0259 \u015f\u00f6b\u0259sind\u0259 apar\u0131l\u0131r, v\u0259ziyy\u0259ti orta-a\u011f\u0131r qiym\u0259tl\u0259ndirlir. M.Sad\u0131qovan\u0131n x\u0259sar\u0259ti y\u00fcng\u00fcl oldu\u011fundan ona laz\u0131mi tibbi yard\u0131m g\u00f6st\u0259rilib v\u0259 ambulator m\u00fcalic\u0259 almaq \u015f\u0259rti il\u0259 ev\u0259 burax\u0131l\u0131b.<\/p>\n<p>Faktla ba\u011fl\u0131 ara\u015fd\u0131rma apar\u0131l\u0131r.<\/p>\n","protected":false},"excerpt":{"rendered":"<p>Balak\u0259nd\u0259 yol q\u0259zas\u0131 olub. ARANTV.AZ\u00a0 report-a istinad\u0259n x\u0259b\u0259\\r verir ki, hadis\u0259 oktyabr\u0131n 22-d\u0259n 23-\u0259 ke\u00e7\u0259n gec\u0259 Yevlax-Zaqatala-G\u00fcrc\u00fcstan s\u0259rh\u0259d magistral yolunun Balak\u0259n rayonu Po\u00e7tbin\u0259 k\u0259ndi \u0259razisind\u0259n ke\u00e7\u0259n hiss\u0259sind\u0259 ba\u015f verib. Balak\u0259n rayonu T\u00fcl\u00fc k\u0259nd sakini, 1991-ci il t\u0259v\u0259ll\u00fcdl\u00fc R\u0259\u015fad Kamil o\u011flu Lay\u0131cov idar\u0259 etdiyi &#8220;VAZ-2106&#8221; markal\u0131 minik avtomobili il\u0259 h\u0259r\u0259k\u0259td\u0259 olark\u0259n Po\u00e7tbin\u0259 k\u0259nd inzibati \u0259razisind\u0259n axan \u00e7ay\u0131n \u00fcz\u0259rind\u0259ki k\u00f6rp\u00fcy\u0259 \u00e7atan zamaan idar\u0259etm\u0259ni itirib. N\u0259tic\u0259d\u0259 ma\u015f\u0131n h\u00fcnd\u00fcrl\u00fckd\u0259n \u00e7aya d\u00fc\u015f\u00fcb. Q\u0259zadan sonra s\u00fcr\u00fcc\u00fc R. Lay\u0131cov, avtomobild\u0259 olan s\u0259rni\u015finl\u0259r &#8211; Balak\u0259n \u015f\u0259h\u0259r sakinl\u0259ri, 1989-cu il t\u0259v\u0259ll\u00fcdl\u00fc N\u0259simi F\u00fczuli o\u011flu Omarov, 1978-ci il t\u0259v\u0259ll\u00fcdl\u00fc Xan\u0131m&hellip;<\/p>\n","protected":false},"author":2,"featured_media":20641,"comment_status":"closed","ping_status":"closed","sticky":false,"template":"","format":"standard","meta":{"om_disable_all_campaigns":false,"_monsterinsights_skip_tracking":false,"_monsterinsights_sitenote_active":false,"_monsterinsights_sitenote_note":"","_monsterinsights_sitenote_category":0},"categories":[5],"tags":[],"aioseo_notices":[],"gutentor_comment":0,"rttpg_featured_image_url":{"full":["https:\/\/arantv.az\/wp-content\/uploads\/2018\/10\/qeza_0148-3.jpg",800,600,false],"landscape":["https:\/\/arantv.az\/wp-content\/uploads\/2018\/10\/qeza_0148-3.jpg",800,600,false],"portraits":["https:\/\/arantv.az\/wp-content\/uploads\/2018\/10\/qeza_0148-3.jpg",800,600,false],"thumbnail":["https:\/\/arantv.az\/wp-content\/uploads\/2018\/10\/qeza_0148-3-150x150.jpg",150,150,true],"medium":["https:\/\/arantv.az\/wp-content\/uploads\/2018\/10\/qeza_0148-3-300x225.jpg",300,225,true],"large":["https:\/\/arantv.az\/wp-content\/uploads\/2018\/10\/qeza_0148-3.jpg",640,480,false],"1536x1536":["https:\/\/arantv.az\/wp-content\/uploads\/2018\/10\/qeza_0148-3.jpg",800,600,false],"2048x2048":["https:\/\/arantv.az\/wp-content\/uploads\/2018\/10\/qeza_0148-3.jpg",800,600,false],"post-thumbnail":["https:\/\/arantv.az\/wp-content\/uploads\/2018\/10\/qeza_0148-3-240x172.jpg",240,172,true],"advps-thumb-one":["https:\/\/arantv.az\/wp-content\/uploads\/2018\/10\/qeza_0148-3.jpg",800,600,false]},"rttpg_author":{"display_name":"V\u00fcsal Rafiqo\u011flu","author_link":"https:\/\/arantv.az\/?author=2"},"rttpg_comment":0,"rttpg_category":"<a href=\"https:\/\/arantv.az\/?cat=5\" rel=\"category\">Hadis\u0259<\/a>","rttpg_excerpt":"Balak\u0259nd\u0259 yol q\u0259zas\u0131 olub. ARANTV.AZ\u00a0 report-a istinad\u0259n x\u0259b\u0259\\r verir ki, hadis\u0259 oktyabr\u0131n 22-d\u0259n 23-\u0259 ke\u00e7\u0259n gec\u0259 Yevlax-Zaqatala-G\u00fcrc\u00fcstan s\u0259rh\u0259d magistral yolunun Balak\u0259n rayonu Po\u00e7tbin\u0259 k\u0259ndi \u0259razisind\u0259n ke\u00e7\u0259n hiss\u0259sind\u0259 ba\u015f verib. Balak\u0259n rayonu T\u00fcl\u00fc k\u0259nd sakini, 1991-ci il t\u0259v\u0259ll\u00fcdl\u00fc R\u0259\u015fad Kamil o\u011flu Lay\u0131cov idar\u0259 etdiyi &#8220;VAZ-2106&#8221; markal\u0131 minik avtomobili il\u0259 h\u0259r\u0259k\u0259td\u0259 olark\u0259n Po\u00e7tbin\u0259 k\u0259nd inzibati \u0259razisind\u0259n axan&hellip;","_links":{"self":[{"href":"https:\/\/arantv.az\/index.php?rest_route=\/wp\/v2\/posts\/20640"}],"collection":[{"href":"https:\/\/arantv.az\/index.php?rest_route=\/wp\/v2\/posts"}],"about":[{"href":"https:\/\/arantv.az\/index.php?rest_route=\/wp\/v2\/types\/post"}],"author":[{"embeddable":true,"href":"https:\/\/arantv.az\/index.php?rest_route=\/wp\/v2\/users\/2"}],"replies":[{"embeddable":true,"href":"https:\/\/arantv.az\/index.php?rest_route=%2Fwp%2Fv2%2Fcomments&post=20640"}],"version-history":[{"count":0,"href":"https:\/\/arantv.az\/index.php?rest_route=\/wp\/v2\/posts\/20640\/revisions"}],"wp:featuredmedia":[{"embeddable":true,"href":"https:\/\/arantv.az\/index.php?rest_route=\/wp\/v2\/media\/20641"}],"wp:attachment":[{"href":"https:\/\/arantv.az\/index.php?rest_route=%2Fwp%2Fv2%2Fmedia&parent=20640"}],"wp:term":[{"taxonomy":"category","embeddable":true,"href":"https:\/\/arantv.az\/index.php?rest_route=%2Fwp%2Fv2%2Fcategories&post=20640"},{"taxonomy":"post_tag","embeddable":true,"href":"https:\/\/arantv.az\/index.php?rest_route=%2Fwp%2Fv2%2Ftags&post=20640"}],"curies":[{"name":"wp","href":"https:\/\/api.w.org\/{rel}","templated":true}]}}