{"id":20643,"date":"2018-10-23T08:57:21","date_gmt":"2018-10-23T05:57:21","guid":{"rendered":"http:\/\/arantv.az\/?p=20643"},"modified":"2018-10-23T08:57:21","modified_gmt":"2018-10-23T05:57:21","slug":"prezident-ilham-%c9%99liyev-asanin-t%c9%99kc%c9%99-az%c9%99rbaycanda-yox-butun-dunyada-parlaq-g%c9%99l%c9%99c%c9%99yi-var","status":"publish","type":"post","link":"https:\/\/arantv.az\/?p=20643","title":{"rendered":"Prezident \u0130lham \u018fliyev: &#8220;ASAN&#8221;\u0131n t\u0259kc\u0259 Az\u0259rbaycanda yox, b\u00fct\u00fcn d\u00fcnyada parlaq g\u0259l\u0259c\u0259yi var&#8221;"},"content":{"rendered":"<p>&#8220;ASAN&#8221;\u0131n t\u0259kc\u0259 Az\u0259rbaycanda yox, b\u00fct\u00fcn d\u00fcnyada parlaq g\u0259l\u0259c\u0259yi var.<\/p>\n<p><strong>ARANTV.AZ<\/strong> az\u0259rtac-a istinad\u0259n x\u0259b\u0259r verir ki, bunu Prezident \u0130lham \u018fliyev oktyabr\u0131n 22-d\u0259 \u0130mi\u015fliy\u0259 s\u0259f\u0259ri \u00e7\u0259r\u00e7iv\u0259sind\u0259 &#8220;ASAN H\u0259yat&#8221; kompleksinin a\u00e7\u0131l\u0131\u015f\u0131nda deyib.<\/p>\n<p>D\u00f6vl\u0259timizin ba\u015f\u00e7\u0131s\u0131 qeyd edib ki, Bak\u0131 bu g\u00fcn h\u0259qiq\u0259t\u0259n d\u00fcnyan\u0131n \u00f6z\u00fcnd\u0259 yeni texnologiya v\u0259 innovasiyalar\u0131n, m\u00fcasir v\u0259 q\u0259dim memarl\u0131q \u00fcslubunun v\u0259hd\u0259tini t\u0259c\u0259ss\u00fcm etdir\u0259n \u0259n g\u00f6z\u0259l \u015f\u0259h\u0259rl\u0259rind\u0259n biridir.<\/p>\n<p>\u0130lham \u018fliyev vur\u011fulay\u0131b ki, &#8220;ASAN&#8221; bizim milli brenddir: &#8220;Bu, bizim nou-haudur. Bu g\u00fcn Az\u0259rbaycan\u0131n t\u0259kc\u0259 t\u0259bii ehtiyatlar\u0131n\u0131 v\u0259 yaxud m\u0259hsullar\u0131n\u0131 yox, eyni zamanda, intellektual m\u0259hsullar\u0131n\u0131 ixrac etm\u0259si bizi f\u0259r\u0259hl\u0259ndirir. Biz art\u0131q bel\u0259 xidm\u0259ti yaratmaq ist\u0259y\u0259n b\u0259zi \u00f6lk\u0259l\u0259rl\u0259 d\u0259 i\u015fl\u0259yirik. Buna g\u00f6r\u0259 d\u0259 &#8220;ASAN&#8221;\u0131n t\u0259kc\u0259 Az\u0259rbaycanda yox, b\u00fct\u00fcn d\u00fcnyada parlaq g\u0259l\u0259c\u0259yi var&#8221;.<\/p>\n","protected":false},"excerpt":{"rendered":"<p>&#8220;ASAN&#8221;\u0131n t\u0259kc\u0259 Az\u0259rbaycanda yox, b\u00fct\u00fcn d\u00fcnyada parlaq g\u0259l\u0259c\u0259yi var. ARANTV.AZ az\u0259rtac-a istinad\u0259n x\u0259b\u0259r verir ki, bunu Prezident \u0130lham \u018fliyev oktyabr\u0131n 22-d\u0259 \u0130mi\u015fliy\u0259 s\u0259f\u0259ri \u00e7\u0259r\u00e7iv\u0259sind\u0259 &#8220;ASAN H\u0259yat&#8221; kompleksinin a\u00e7\u0131l\u0131\u015f\u0131nda deyib. D\u00f6vl\u0259timizin ba\u015f\u00e7\u0131s\u0131 qeyd edib ki, Bak\u0131 bu g\u00fcn h\u0259qiq\u0259t\u0259n d\u00fcnyan\u0131n \u00f6z\u00fcnd\u0259 yeni texnologiya v\u0259 innovasiyalar\u0131n, m\u00fcasir v\u0259 q\u0259dim memarl\u0131q \u00fcslubunun v\u0259hd\u0259tini t\u0259c\u0259ss\u00fcm etdir\u0259n \u0259n g\u00f6z\u0259l \u015f\u0259h\u0259rl\u0259rind\u0259n biridir. \u0130lham \u018fliyev vur\u011fulay\u0131b ki, &#8220;ASAN&#8221; bizim milli brenddir: &#8220;Bu, bizim nou-haudur. Bu g\u00fcn Az\u0259rbaycan\u0131n t\u0259kc\u0259 t\u0259bii ehtiyatlar\u0131n\u0131 v\u0259 yaxud m\u0259hsullar\u0131n\u0131 yox, eyni zamanda, intellektual m\u0259hsullar\u0131n\u0131 ixrac etm\u0259si bizi f\u0259r\u0259hl\u0259ndirir. Biz art\u0131q bel\u0259 xidm\u0259ti yaratmaq&hellip;<\/p>\n","protected":false},"author":2,"featured_media":20644,"comment_status":"closed","ping_status":"closed","sticky":false,"template":"","format":"standard","meta":{"om_disable_all_campaigns":false,"_monsterinsights_skip_tracking":false,"_monsterinsights_sitenote_active":false,"_monsterinsights_sitenote_note":"","_monsterinsights_sitenote_category":0},"categories":[4],"tags":[],"aioseo_notices":[],"gutentor_comment":0,"rttpg_featured_image_url":{"full":["https:\/\/arantv.az\/wp-content\/uploads\/2018\/10\/696766_00000.jpg",800,600,false],"landscape":["https:\/\/arantv.az\/wp-content\/uploads\/2018\/10\/696766_00000.jpg",800,600,false],"portraits":["https:\/\/arantv.az\/wp-content\/uploads\/2018\/10\/696766_00000.jpg",800,600,false],"thumbnail":["https:\/\/arantv.az\/wp-content\/uploads\/2018\/10\/696766_00000-150x150.jpg",150,150,true],"medium":["https:\/\/arantv.az\/wp-content\/uploads\/2018\/10\/696766_00000-300x225.jpg",300,225,true],"large":["https:\/\/arantv.az\/wp-content\/uploads\/2018\/10\/696766_00000.jpg",640,480,false],"1536x1536":["https:\/\/arantv.az\/wp-content\/uploads\/2018\/10\/696766_00000.jpg",800,600,false],"2048x2048":["https:\/\/arantv.az\/wp-content\/uploads\/2018\/10\/696766_00000.jpg",800,600,false],"post-thumbnail":["https:\/\/arantv.az\/wp-content\/uploads\/2018\/10\/696766_00000-240x172.jpg",240,172,true],"advps-thumb-one":["https:\/\/arantv.az\/wp-content\/uploads\/2018\/10\/696766_00000.jpg",800,600,false]},"rttpg_author":{"display_name":"V\u00fcsal Rafiqo\u011flu","author_link":"https:\/\/arantv.az\/?author=2"},"rttpg_comment":0,"rttpg_category":"<a href=\"https:\/\/arantv.az\/?cat=4\" rel=\"category\">Siyas\u0259t<\/a>","rttpg_excerpt":"&#8220;ASAN&#8221;\u0131n t\u0259kc\u0259 Az\u0259rbaycanda yox, b\u00fct\u00fcn d\u00fcnyada parlaq g\u0259l\u0259c\u0259yi var. ARANTV.AZ az\u0259rtac-a istinad\u0259n x\u0259b\u0259r verir ki, bunu Prezident \u0130lham \u018fliyev oktyabr\u0131n 22-d\u0259 \u0130mi\u015fliy\u0259 s\u0259f\u0259ri \u00e7\u0259r\u00e7iv\u0259sind\u0259 &#8220;ASAN H\u0259yat&#8221; kompleksinin a\u00e7\u0131l\u0131\u015f\u0131nda deyib. D\u00f6vl\u0259timizin ba\u015f\u00e7\u0131s\u0131 qeyd edib ki, Bak\u0131 bu g\u00fcn h\u0259qiq\u0259t\u0259n d\u00fcnyan\u0131n \u00f6z\u00fcnd\u0259 yeni texnologiya v\u0259 innovasiyalar\u0131n, m\u00fcasir v\u0259 q\u0259dim memarl\u0131q \u00fcslubunun v\u0259hd\u0259tini t\u0259c\u0259ss\u00fcm etdir\u0259n \u0259n g\u00f6z\u0259l \u015f\u0259h\u0259rl\u0259rind\u0259n&hellip;","_links":{"self":[{"href":"https:\/\/arantv.az\/index.php?rest_route=\/wp\/v2\/posts\/20643"}],"collection":[{"href":"https:\/\/arantv.az\/index.php?rest_route=\/wp\/v2\/posts"}],"about":[{"href":"https:\/\/arantv.az\/index.php?rest_route=\/wp\/v2\/types\/post"}],"author":[{"embeddable":true,"href":"https:\/\/arantv.az\/index.php?rest_route=\/wp\/v2\/users\/2"}],"replies":[{"embeddable":true,"href":"https:\/\/arantv.az\/index.php?rest_route=%2Fwp%2Fv2%2Fcomments&post=20643"}],"version-history":[{"count":0,"href":"https:\/\/arantv.az\/index.php?rest_route=\/wp\/v2\/posts\/20643\/revisions"}],"wp:featuredmedia":[{"embeddable":true,"href":"https:\/\/arantv.az\/index.php?rest_route=\/wp\/v2\/media\/20644"}],"wp:attachment":[{"href":"https:\/\/arantv.az\/index.php?rest_route=%2Fwp%2Fv2%2Fmedia&parent=20643"}],"wp:term":[{"taxonomy":"category","embeddable":true,"href":"https:\/\/arantv.az\/index.php?rest_route=%2Fwp%2Fv2%2Fcategories&post=20643"},{"taxonomy":"post_tag","embeddable":true,"href":"https:\/\/arantv.az\/index.php?rest_route=%2Fwp%2Fv2%2Ftags&post=20643"}],"curies":[{"name":"wp","href":"https:\/\/api.w.org\/{rel}","templated":true}]}}