{"id":20661,"date":"2018-10-23T09:47:02","date_gmt":"2018-10-23T06:47:02","guid":{"rendered":"http:\/\/arantv.az\/?p=20661"},"modified":"2018-10-23T09:47:02","modified_gmt":"2018-10-23T06:47:02","slug":"usaqlarini-atib-bakiya-qacan-g%c9%99lin-s%c9%99rb%c9%99st-yasamaq-ist%c9%99yir%c9%99m-video","status":"publish","type":"post","link":"https:\/\/arantv.az\/?p=20661","title":{"rendered":"U\u015faqlar\u0131n\u0131 at\u0131b Bak\u0131ya qa\u00e7an g\u0259lin: S\u0259rb\u0259st ya\u015famaq ist\u0259yir\u0259m &#8211; V\u0130DEO"},"content":{"rendered":"<p>Az\u0259rbaycanda g\u0259nc ana rayondan Bak\u0131ya qa\u00e7\u0131b.<\/p>\n<p><b>ARANTV.AZ<\/b>-\u0131n m\u0259lumat\u0131na g\u00f6r\u0259, iki u\u015fa\u011f\u0131n\u0131 at\u0131b, \u0259r evind\u0259n qa\u00e7an qad\u0131n ATV-d\u0259 yay\u0131mlanan \u201cBiziml\u0259s\u0259n\u201d verili\u015fin\u0259 dan\u0131\u015f\u0131b.<\/p>\n<p>O bildirib ki, Bak\u0131ya g\u0259l\u0259nd\u0259 hoteld\u0259 bir o\u011flanla tan\u0131\u015f olub:<\/p>\n<p>\u201cHaz\u0131rda ya\u015fad\u0131\u011f\u0131m bir insan var. U\u015faqlar\u0131m \u00fc\u00e7\u00fcn \u00e7ox dar\u0131x\u0131ram. \u00dcr\u0259yim partlay\u0131r. Amma o\u00a0ail\u0259y\u0259 he\u00e7 vaxt qay\u0131tmaram. \u00d6l\u0259r\u0259m, amma qay\u0131tmaram. Yax\u015f\u0131 v\u0259 s\u0259rb\u0259st ya\u015famaq ist\u0259yir\u0259m\u201d.<\/p>\n<div><iframe loading=\"lazy\" src=\"https:\/\/player.baku.tv\/embed\/4598\" width=\"560\" height=\"315\" frameborder=\"0\" allowfullscreen=\"allowfullscreen\" data-mce-fragment=\"1\"><\/iframe><\/div>\n<p><b>oxu.az<\/b><\/p>\n","protected":false},"excerpt":{"rendered":"<p>Az\u0259rbaycanda g\u0259nc ana rayondan Bak\u0131ya qa\u00e7\u0131b. ARANTV.AZ-\u0131n m\u0259lumat\u0131na g\u00f6r\u0259, iki u\u015fa\u011f\u0131n\u0131 at\u0131b, \u0259r evind\u0259n qa\u00e7an qad\u0131n ATV-d\u0259 yay\u0131mlanan \u201cBiziml\u0259s\u0259n\u201d verili\u015fin\u0259 dan\u0131\u015f\u0131b. O bildirib ki, Bak\u0131ya g\u0259l\u0259nd\u0259 hoteld\u0259 bir o\u011flanla tan\u0131\u015f olub: \u201cHaz\u0131rda ya\u015fad\u0131\u011f\u0131m bir insan var. U\u015faqlar\u0131m \u00fc\u00e7\u00fcn \u00e7ox dar\u0131x\u0131ram. \u00dcr\u0259yim partlay\u0131r. Amma o\u00a0ail\u0259y\u0259 he\u00e7 vaxt qay\u0131tmaram. \u00d6l\u0259r\u0259m, amma qay\u0131tmaram. Yax\u015f\u0131 v\u0259 s\u0259rb\u0259st ya\u015famaq ist\u0259yir\u0259m\u201d. oxu.az<\/p>\n","protected":false},"author":2,"featured_media":20662,"comment_status":"closed","ping_status":"closed","sticky":false,"template":"","format":"standard","meta":{"om_disable_all_campaigns":false,"_monsterinsights_skip_tracking":false,"_monsterinsights_sitenote_active":false,"_monsterinsights_sitenote_note":"","_monsterinsights_sitenote_category":0},"categories":[1],"tags":[],"aioseo_notices":[],"gutentor_comment":0,"rttpg_featured_image_url":{"full":["https:\/\/arantv.az\/wp-content\/uploads\/2018\/10\/Clipboard02-3.jpg",620,424,false],"landscape":["https:\/\/arantv.az\/wp-content\/uploads\/2018\/10\/Clipboard02-3.jpg",620,424,false],"portraits":["https:\/\/arantv.az\/wp-content\/uploads\/2018\/10\/Clipboard02-3.jpg",620,424,false],"thumbnail":["https:\/\/arantv.az\/wp-content\/uploads\/2018\/10\/Clipboard02-3-150x150.jpg",150,150,true],"medium":["https:\/\/arantv.az\/wp-content\/uploads\/2018\/10\/Clipboard02-3-300x205.jpg",300,205,true],"large":["https:\/\/arantv.az\/wp-content\/uploads\/2018\/10\/Clipboard02-3.jpg",620,424,false],"1536x1536":["https:\/\/arantv.az\/wp-content\/uploads\/2018\/10\/Clipboard02-3.jpg",620,424,false],"2048x2048":["https:\/\/arantv.az\/wp-content\/uploads\/2018\/10\/Clipboard02-3.jpg",620,424,false],"post-thumbnail":["https:\/\/arantv.az\/wp-content\/uploads\/2018\/10\/Clipboard02-3-240x172.jpg",240,172,true],"advps-thumb-one":["https:\/\/arantv.az\/wp-content\/uploads\/2018\/10\/Clipboard02-3.jpg",620,424,false]},"rttpg_author":{"display_name":"V\u00fcsal Rafiqo\u011flu","author_link":"https:\/\/arantv.az\/?author=2"},"rttpg_comment":0,"rttpg_category":"<a href=\"https:\/\/arantv.az\/?cat=1\" rel=\"category\">C\u0259miyy\u0259t<\/a>","rttpg_excerpt":"Az\u0259rbaycanda g\u0259nc ana rayondan Bak\u0131ya qa\u00e7\u0131b. ARANTV.AZ-\u0131n m\u0259lumat\u0131na g\u00f6r\u0259, iki u\u015fa\u011f\u0131n\u0131 at\u0131b, \u0259r evind\u0259n qa\u00e7an qad\u0131n ATV-d\u0259 yay\u0131mlanan \u201cBiziml\u0259s\u0259n\u201d verili\u015fin\u0259 dan\u0131\u015f\u0131b. O bildirib ki, Bak\u0131ya g\u0259l\u0259nd\u0259 hoteld\u0259 bir o\u011flanla tan\u0131\u015f olub: \u201cHaz\u0131rda ya\u015fad\u0131\u011f\u0131m bir insan var. U\u015faqlar\u0131m \u00fc\u00e7\u00fcn \u00e7ox dar\u0131x\u0131ram. \u00dcr\u0259yim partlay\u0131r. Amma o\u00a0ail\u0259y\u0259 he\u00e7 vaxt qay\u0131tmaram. \u00d6l\u0259r\u0259m, amma qay\u0131tmaram. Yax\u015f\u0131 v\u0259 s\u0259rb\u0259st ya\u015famaq ist\u0259yir\u0259m\u201d.&hellip;","_links":{"self":[{"href":"https:\/\/arantv.az\/index.php?rest_route=\/wp\/v2\/posts\/20661"}],"collection":[{"href":"https:\/\/arantv.az\/index.php?rest_route=\/wp\/v2\/posts"}],"about":[{"href":"https:\/\/arantv.az\/index.php?rest_route=\/wp\/v2\/types\/post"}],"author":[{"embeddable":true,"href":"https:\/\/arantv.az\/index.php?rest_route=\/wp\/v2\/users\/2"}],"replies":[{"embeddable":true,"href":"https:\/\/arantv.az\/index.php?rest_route=%2Fwp%2Fv2%2Fcomments&post=20661"}],"version-history":[{"count":0,"href":"https:\/\/arantv.az\/index.php?rest_route=\/wp\/v2\/posts\/20661\/revisions"}],"wp:featuredmedia":[{"embeddable":true,"href":"https:\/\/arantv.az\/index.php?rest_route=\/wp\/v2\/media\/20662"}],"wp:attachment":[{"href":"https:\/\/arantv.az\/index.php?rest_route=%2Fwp%2Fv2%2Fmedia&parent=20661"}],"wp:term":[{"taxonomy":"category","embeddable":true,"href":"https:\/\/arantv.az\/index.php?rest_route=%2Fwp%2Fv2%2Fcategories&post=20661"},{"taxonomy":"post_tag","embeddable":true,"href":"https:\/\/arantv.az\/index.php?rest_route=%2Fwp%2Fv2%2Ftags&post=20661"}],"curies":[{"name":"wp","href":"https:\/\/api.w.org\/{rel}","templated":true}]}}