{"id":20679,"date":"2018-10-23T11:11:02","date_gmt":"2018-10-23T08:11:02","guid":{"rendered":"http:\/\/arantv.az\/?p=20679"},"modified":"2018-10-23T11:11:02","modified_gmt":"2018-10-23T08:11:02","slug":"daha-13-n%c9%99f%c9%99r-az%c9%99rbaycan-v%c9%99t%c9%99ndasinin-itkin-dusduyu-askarlandi","status":"publish","type":"post","link":"https:\/\/arantv.az\/?p=20679","title":{"rendered":"Daha 13 n\u0259f\u0259r Az\u0259rbaycan v\u0259t\u0259nda\u015f\u0131n\u0131n itkin d\u00fc\u015fd\u00fcy\u00fc a\u015fkarland\u0131"},"content":{"rendered":"<p>Az\u0259rbaycan Prezident \u0130lham \u018fliyevin 19 mart 2018-ci il tarixd\u0259 imzalad\u0131\u011f\u0131 &#8220;Az\u0259rbaycan Respublikas\u0131n\u0131n \u0259razi b\u00fct\u00f6vl\u00fcy\u00fc u\u011frunda h\u0259lak olmu\u015f, \u00f6lm\u00fc\u015f v\u0259 h\u0259rbi \u0259m\u0259liyyatlarla \u0259laq\u0259dar x\u0259b\u0259rsiz itkin d\u00fc\u015fd\u00fcy\u00fcn\u0259 g\u00f6r\u0259 \u00f6lm\u00fc\u015f elan edilmi\u015f h\u0259rbi qulluq\u00e7ular\u0131n ail\u0259 \u00fczvl\u0259rinin sosial m\u00fcdafi\u0259sinin yax\u015f\u0131la\u015fd\u0131r\u0131lmas\u0131 il\u0259 ba\u011fl\u0131 \u0259lav\u0259 t\u0259dbirl\u0259r haqq\u0131nda&#8221; f\u0259rman\u0131 il\u0259 \u0259laq\u0259dar \u0259vv\u0259ll\u0259r itkin d\u00fc\u015fm\u00fc\u015f yax\u0131nlar\u0131 bar\u0259d\u0259 m\u00fc\u0259yy\u0259n s\u0259b\u0259bl\u0259r\u0259 g\u00f6r\u0259 bil\u0259r\u0259kd\u0259n m\u0259lumat verm\u0259y\u0259n \u015f\u0259xsl\u0259r haz\u0131rda sir v\u0259 itkin d\u00fc\u015fm\u00fc\u015f, girov g\u00f6t\u00fcr\u00fclm\u00fc\u015f v\u0259t\u0259nda\u015flarla \u0259laq\u0259dar D\u00f6vl\u0259t Komissiyas\u0131na \u00e7oxsayl\u0131 m\u00fcraci\u0259tl\u0259r edirl\u0259r.<\/p>\n<p><strong>ARANTV.AZ\u00a0<\/strong> x\u0259b\u0259r verir ki, bu bar\u0259d\u0259 trend-\u0259 \u018fsir v\u0259 itkin d\u00fc\u015fm\u00fc\u015f, girov g\u00f6t\u00fcr\u00fclm\u00fc\u015f v\u0259t\u0259nda\u015flarla \u0259laq\u0259dar D\u00f6vl\u0259t Komissiyas\u0131ndan m\u0259lumat verilib.<\/p>\n<p>Qeyd olunub ki, m\u00fcraci\u0259tl\u0259r Komissiyan\u0131n \u0130\u015f\u00e7i qrupu t\u0259r\u0259find\u0259n diqq\u0259tl\u0259 \u00f6yr\u0259nil\u0259r\u0259k ara\u015fd\u0131r\u0131l\u0131r v\u0259 g\u00f6r\u00fclm\u00fc\u015f i\u015fl\u0259r bar\u0259d\u0259 v\u0259t\u0259nda\u015flar m\u0259lumatland\u0131r\u0131l\u0131r. Bu s\u0259b\u0259bd\u0259n son aylar \u0259rzind\u0259 \u0259lav\u0259 olaraq 13 n\u0259f\u0259rin qeydiyyatdan k\u0259narda qalmas\u0131 fakt\u0131 a\u015fkarlanaraq itkin d\u00fc\u015fm\u00fc\u015f \u015f\u0259xs kimi Komissiyada qeydiyyata al\u0131n\u0131b. H\u0259min \u015f\u0259xsl\u0259r intensiv h\u0259rbi \u0259m\u0259liyyatlar\u0131n getdiyi 1992-1993-c\u00fc ill\u0259rd\u0259 itkin d\u00fc\u015fm\u00fc\u015f Az\u0259rbaycan v\u0259t\u0259nda\u015flar\u0131d\u0131r. Haz\u0131rda D\u00f6vl\u0259t Komissiyas\u0131nda 3888 n\u0259f\u0259r itkin d\u00fc\u015fm\u00fc\u015f \u015f\u0259xs kimi qeydiyyatdan ke\u00e7ir.<\/p>\n<p>D\u00f6vl\u0259t Komissiyas\u0131nda Erm\u0259nistan-Az\u0259rbaycan, Da\u011fl\u0131q Qaraba\u011f m\u00fcnaqi\u015f\u0259si n\u0259tic\u0259sind\u0259 itkin d\u00fc\u015fm\u00fc\u015f \u015f\u0259xsl\u0259r\u0259 aid siyah\u0131n\u0131n d\u0259qiql\u0259\u015fm\u0259si i\u015fi yekunla\u015fd\u0131qdan sonra haz\u0131rda \u0259sir v\u0259 girovluqdan azad edilmi\u015f \u015f\u0259xsl\u0259r\u0259 aid siyah\u0131n\u0131n d\u0259qiql\u0259\u015fm\u0259si i\u015fi apar\u0131l\u0131r. Ara\u015fd\u0131rmalar\u0131n gedi\u015find\u0259 \u0259sir-girovluqda olmas\u0131 v\u0259 azad edilm\u0259si fakt\u0131 a\u015fkarlanm\u0131\u015f \u015f\u0259xsl\u0259r m\u00fc\u0259yy\u0259nl\u0259\u015f\u0259r\u0259k m\u00fcvafiq qaydada qeydiyyata al\u0131n\u0131b. Bel\u0259likl\u0259, girovluqdan azad edilmi\u015f \u015f\u0259xsl\u0259rin say\u0131 artaraq 1480 n\u0259f\u0259r t\u0259\u015fkil edib.<\/p>\n","protected":false},"excerpt":{"rendered":"<p>Az\u0259rbaycan Prezident \u0130lham \u018fliyevin 19 mart 2018-ci il tarixd\u0259 imzalad\u0131\u011f\u0131 &#8220;Az\u0259rbaycan Respublikas\u0131n\u0131n \u0259razi b\u00fct\u00f6vl\u00fcy\u00fc u\u011frunda h\u0259lak olmu\u015f, \u00f6lm\u00fc\u015f v\u0259 h\u0259rbi \u0259m\u0259liyyatlarla \u0259laq\u0259dar x\u0259b\u0259rsiz itkin d\u00fc\u015fd\u00fcy\u00fcn\u0259 g\u00f6r\u0259 \u00f6lm\u00fc\u015f elan edilmi\u015f h\u0259rbi qulluq\u00e7ular\u0131n ail\u0259 \u00fczvl\u0259rinin sosial m\u00fcdafi\u0259sinin yax\u015f\u0131la\u015fd\u0131r\u0131lmas\u0131 il\u0259 ba\u011fl\u0131 \u0259lav\u0259 t\u0259dbirl\u0259r haqq\u0131nda&#8221; f\u0259rman\u0131 il\u0259 \u0259laq\u0259dar \u0259vv\u0259ll\u0259r itkin d\u00fc\u015fm\u00fc\u015f yax\u0131nlar\u0131 bar\u0259d\u0259 m\u00fc\u0259yy\u0259n s\u0259b\u0259bl\u0259r\u0259 g\u00f6r\u0259 bil\u0259r\u0259kd\u0259n m\u0259lumat verm\u0259y\u0259n \u015f\u0259xsl\u0259r haz\u0131rda sir v\u0259 itkin d\u00fc\u015fm\u00fc\u015f, girov g\u00f6t\u00fcr\u00fclm\u00fc\u015f v\u0259t\u0259nda\u015flarla \u0259laq\u0259dar D\u00f6vl\u0259t Komissiyas\u0131na \u00e7oxsayl\u0131 m\u00fcraci\u0259tl\u0259r edirl\u0259r. ARANTV.AZ\u00a0 x\u0259b\u0259r verir ki, bu bar\u0259d\u0259 trend-\u0259 \u018fsir v\u0259 itkin d\u00fc\u015fm\u00fc\u015f, girov g\u00f6t\u00fcr\u00fclm\u00fc\u015f v\u0259t\u0259nda\u015flarla \u0259laq\u0259dar D\u00f6vl\u0259t Komissiyas\u0131ndan m\u0259lumat verilib. Qeyd&hellip;<\/p>\n","protected":false},"author":2,"featured_media":20680,"comment_status":"closed","ping_status":"closed","sticky":false,"template":"","format":"standard","meta":{"om_disable_all_campaigns":false,"_monsterinsights_skip_tracking":false,"_monsterinsights_sitenote_active":false,"_monsterinsights_sitenote_note":"","_monsterinsights_sitenote_category":0},"categories":[1],"tags":[],"aioseo_notices":[],"gutentor_comment":0,"rttpg_featured_image_url":{"full":["https:\/\/arantv.az\/wp-content\/uploads\/2018\/10\/dagliq_qarabag.jpg",482,361,false],"landscape":["https:\/\/arantv.az\/wp-content\/uploads\/2018\/10\/dagliq_qarabag.jpg",482,361,false],"portraits":["https:\/\/arantv.az\/wp-content\/uploads\/2018\/10\/dagliq_qarabag.jpg",482,361,false],"thumbnail":["https:\/\/arantv.az\/wp-content\/uploads\/2018\/10\/dagliq_qarabag-150x150.jpg",150,150,true],"medium":["https:\/\/arantv.az\/wp-content\/uploads\/2018\/10\/dagliq_qarabag-300x225.jpg",300,225,true],"large":["https:\/\/arantv.az\/wp-content\/uploads\/2018\/10\/dagliq_qarabag.jpg",482,361,false],"1536x1536":["https:\/\/arantv.az\/wp-content\/uploads\/2018\/10\/dagliq_qarabag.jpg",482,361,false],"2048x2048":["https:\/\/arantv.az\/wp-content\/uploads\/2018\/10\/dagliq_qarabag.jpg",482,361,false],"post-thumbnail":["https:\/\/arantv.az\/wp-content\/uploads\/2018\/10\/dagliq_qarabag-240x172.jpg",240,172,true],"advps-thumb-one":["https:\/\/arantv.az\/wp-content\/uploads\/2018\/10\/dagliq_qarabag.jpg",482,361,false]},"rttpg_author":{"display_name":"V\u00fcsal Rafiqo\u011flu","author_link":"https:\/\/arantv.az\/?author=2"},"rttpg_comment":0,"rttpg_category":"<a href=\"https:\/\/arantv.az\/?cat=1\" rel=\"category\">C\u0259miyy\u0259t<\/a>","rttpg_excerpt":"Az\u0259rbaycan Prezident \u0130lham \u018fliyevin 19 mart 2018-ci il tarixd\u0259 imzalad\u0131\u011f\u0131 &#8220;Az\u0259rbaycan Respublikas\u0131n\u0131n \u0259razi b\u00fct\u00f6vl\u00fcy\u00fc u\u011frunda h\u0259lak olmu\u015f, \u00f6lm\u00fc\u015f v\u0259 h\u0259rbi \u0259m\u0259liyyatlarla \u0259laq\u0259dar x\u0259b\u0259rsiz itkin d\u00fc\u015fd\u00fcy\u00fcn\u0259 g\u00f6r\u0259 \u00f6lm\u00fc\u015f elan edilmi\u015f h\u0259rbi qulluq\u00e7ular\u0131n ail\u0259 \u00fczvl\u0259rinin sosial m\u00fcdafi\u0259sinin yax\u015f\u0131la\u015fd\u0131r\u0131lmas\u0131 il\u0259 ba\u011fl\u0131 \u0259lav\u0259 t\u0259dbirl\u0259r haqq\u0131nda&#8221; f\u0259rman\u0131 il\u0259 \u0259laq\u0259dar \u0259vv\u0259ll\u0259r itkin d\u00fc\u015fm\u00fc\u015f yax\u0131nlar\u0131 bar\u0259d\u0259 m\u00fc\u0259yy\u0259n s\u0259b\u0259bl\u0259r\u0259 g\u00f6r\u0259 bil\u0259r\u0259kd\u0259n m\u0259lumat verm\u0259y\u0259n&hellip;","_links":{"self":[{"href":"https:\/\/arantv.az\/index.php?rest_route=\/wp\/v2\/posts\/20679"}],"collection":[{"href":"https:\/\/arantv.az\/index.php?rest_route=\/wp\/v2\/posts"}],"about":[{"href":"https:\/\/arantv.az\/index.php?rest_route=\/wp\/v2\/types\/post"}],"author":[{"embeddable":true,"href":"https:\/\/arantv.az\/index.php?rest_route=\/wp\/v2\/users\/2"}],"replies":[{"embeddable":true,"href":"https:\/\/arantv.az\/index.php?rest_route=%2Fwp%2Fv2%2Fcomments&post=20679"}],"version-history":[{"count":0,"href":"https:\/\/arantv.az\/index.php?rest_route=\/wp\/v2\/posts\/20679\/revisions"}],"wp:featuredmedia":[{"embeddable":true,"href":"https:\/\/arantv.az\/index.php?rest_route=\/wp\/v2\/media\/20680"}],"wp:attachment":[{"href":"https:\/\/arantv.az\/index.php?rest_route=%2Fwp%2Fv2%2Fmedia&parent=20679"}],"wp:term":[{"taxonomy":"category","embeddable":true,"href":"https:\/\/arantv.az\/index.php?rest_route=%2Fwp%2Fv2%2Fcategories&post=20679"},{"taxonomy":"post_tag","embeddable":true,"href":"https:\/\/arantv.az\/index.php?rest_route=%2Fwp%2Fv2%2Ftags&post=20679"}],"curies":[{"name":"wp","href":"https:\/\/api.w.org\/{rel}","templated":true}]}}