{"id":20796,"date":"2018-10-23T16:05:48","date_gmt":"2018-10-23T13:05:48","guid":{"rendered":"http:\/\/arantv.az\/?p=20796"},"modified":"2018-10-23T16:05:48","modified_gmt":"2018-10-23T13:05:48","slug":"az%c9%99rbaycanin-birinci-vitse-prezidenti-mehriban-%c9%99liyeva-bakida-b%c9%99rpa-olunan-imam-huseyn-m%c9%99scidinin-acilisinda-istirak-edib","status":"publish","type":"post","link":"https:\/\/arantv.az\/?p=20796","title":{"rendered":"Az\u0259rbaycan\u0131n Birinci vitse-prezidenti Mehriban \u018fliyeva Bak\u0131da b\u0259rpa olunan \u201c\u0130mam H\u00fcseyn\u201d m\u0259scidinin a\u00e7\u0131l\u0131\u015f\u0131nda i\u015ftirak edib"},"content":{"rendered":"<p><strong>ARANTV.AZ<\/strong> x\u0259b\u0259r verir ki, bu g\u00fcn Az\u0259rbaycan\u0131n Birinci vitse-prezidenti Mehriban \u018fliyeva Bak\u0131da Heyd\u0259r \u018fliyev Fondunun d\u0259st\u0259yi il\u0259 b\u0259rpa olunan \u201c\u0130mam H\u00fcseyn\u201d m\u0259scidinin a\u00e7\u0131l\u0131\u015f\u0131nda i\u015ftirak edib.<\/p>\n<p>C\u0259miyy\u0259tin, \u00f6lk\u0259nin dayan\u0131ql\u0131 inki\u015faf\u0131 \u00fc\u00e7\u00fcn d\u00f6vl\u0259t-din m\u00fcnasib\u0259tl\u0259rinin \u00e7ox b\u00f6y\u00fck \u0259h\u0259miyy\u0259ti var. Az\u0259rbaycanda bu m\u00fcnasib\u0259tl\u0259r y\u00fcks\u0259k s\u0259viyy\u0259d\u0259 t\u0259nziml\u0259nir. V\u0259t\u0259nda\u015flar\u0131n\u0131n \u0259ks\u0259riyy\u0259ti m\u00fcs\u0259lman olan Az\u0259rbaycanda m\u0259scidl\u0259rin, eyni zamanda rus pravoslav, katolik, alban kils\u0259l\u0259rinin, sinaqoqlar\u0131n tikintisi v\u0259 t\u0259miri d\u00f6vl\u0259tin bu istiqam\u0259td\u0259 apard\u0131\u011f\u0131 siyas\u0259tin g\u00f6st\u0259ricisidir. Bu i\u015fd\u0259 Heyd\u0259r \u018fliyev Fondunun da g\u00f6rd\u00fcy\u00fc i\u015fl\u0259r b\u00f6y\u00fck \u0259h\u0259miyy\u0259t\u0259 malikdir.<\/p>\n<p>Bak\u0131 \u015f\u0259h\u0259rinin Yasamal rayonunda, Abdulla \u015eaiq k\u00fc\u00e7\u0259si 14 \u00fcnvan\u0131nda yerl\u0259\u015f\u0259n \u201c\u0130mam H\u00fcseyn\u201d m\u0259scidi Heyd\u0259r \u018fliyev Fondunun d\u0259st\u0259yi il\u0259 b\u0259rpa olunub. Az\u0259rbaycan\u0131n Birinci vitse-prezidenti, Heyd\u0259r \u018fliyev Fondunun prezidenti Mehriban \u018fliyeva \u201c\u0130mam H\u00fcseyn\u201d m\u0259scidin\u0259 g\u0259ldi.<\/p>\n<p>M\u0259scidin axundu<strong>\u00a0<\/strong>H\u0259ci \u018fbd\u00fcl m\u0259lumat verdi ki, \u201c\u0130mam H\u00fcseyn\u201d m\u0259scidi 1890-c\u0131 ild\u0259 xeyriyy\u0259\u00e7i Hac\u0131 Hac\u0131bala t\u0259r\u0259find\u0259n tikilib. 1920-ci ild\u0259 bol\u015fevik i\u015f\u011fal\u0131ndan sonra m\u0259scid bir m\u00fcdd\u0259t ba\u011fl\u0131 qal\u0131b. Lakin sonralar yenid\u0259n a\u00e7\u0131l\u0131b v\u0259 Az\u0259rbaycan m\u00fcst\u0259qilliyini b\u0259rpa etdikd\u0259n sonra t\u0259mir edilib. 2017-ci ild\u0259 Heyd\u0259r \u018fliyev Fondunun d\u0259st\u0259yi il\u0259 Az\u0259rbaycan\u0131n q\u0259dim m\u0259scidl\u0259rind\u0259n biri olan \u201c\u0130mam H\u00fcseyn\u201d m\u0259scidind\u0259 \u0259sasl\u0131 t\u0259mir v\u0259 b\u0259rpa i\u015fl\u0259rin\u0259 ba\u015flan\u0131l\u0131b. T\u0259mir zaman\u0131 binan\u0131n memarl\u0131q \u00fcslubu qorunub saxlan\u0131l\u0131b, \u0259razisi abadla\u015fd\u0131r\u0131l\u0131b. M\u0259scidin sah\u0259si 300 m<sup>2<\/sup>\u00a0t\u0259\u015fkil edir. Burada eyni vaxtda 400 n\u0259f\u0259r ibad\u0259t ed\u0259 bil\u0259r. \u201c\u0130mam H\u00fcseyn\u201d m\u0259scidinin \u0259razisind\u0259 130 n\u0259f\u0259rlik m\u0259rasim zal\u0131 da in\u015fa olunub.<\/p>\n<p>Az\u0259rbaycanda dini-m\u0259n\u0259vi d\u0259y\u0259rl\u0259rin qorunmas\u0131na h\u0259r zaman y\u00fcks\u0259k diqq\u0259t g\u00f6st\u0259rilib, xalq\u0131m\u0131z\u0131n dini-m\u0259n\u0259vi\u00a0 d\u0259y\u0259rl\u0259rinin qorunmas\u0131 v\u0259 inki\u015faf\u0131 prioritet m\u0259s\u0259l\u0259l\u0259r s\u0131ras\u0131nda olub. Son bir ne\u00e7\u0259 ild\u0259 \u00f6lk\u0259d\u0259 onlarla m\u0259scid, ibad\u0259tgah v\u0259 dini ziyar\u0259tgahlar t\u0259mir olunaraq xalq\u0131n istifad\u0259sin\u0259 verilib. T\u0259bii ki, bu prosesd\u0259 Heyd\u0259r \u018fliyev Fondu da x\u00fcsusi f\u0259aliyy\u0259ti il\u0259 se\u00e7ilib.<strong>\u00a0<\/strong>Fondun d\u0259st\u0259yi il\u0259 b\u0259rpa olunan \u201c\u0130mam H\u00fcseyn\u201d m\u0259scidinin itifad\u0259y\u0259 verilm\u0259si d\u0259 milli-m\u0259n\u0259vi d\u0259y\u0259rl\u0259rin qorunmas\u0131 istiqam\u0259tind\u0259 h\u0259yata ke\u00e7iril\u0259n t\u0259dbirl\u0259rd\u0259ndir. M\u0259scidin axundu Birinci vitse-prezident Mehriban \u018fliyevaya M\u00fcq\u0259dd\u0259s Qurani K\u0259rimi h\u0259diyy\u0259 etdi.<\/p>\n<p>D\u00f6vl\u0259t-din m\u00fcnasib\u0259tl\u0259rinin Az\u0259rbaycan modeli, Az\u0259rbaycan n\u00fcmun\u0259si bu g\u00fcn d\u00fcnyan\u0131n m\u00fcxt\u0259lif \u00f6lk\u0259l\u0259rind\u0259 \u00f6yr\u0259nilir. Az\u0259rbaycan\u0131n bu istiqam\u0259td\u0259ki siyas\u0259ti art\u0131q \u00f6z\u00fcn\u00fc h\u0259m \u00f6lk\u0259mizd\u0259, h\u0259m b\u00f6lg\u0259d\u0259 v\u0259 h\u0259m d\u0259 d\u00fcnyada t\u0259sdiq edib. Az\u0259rbaycan \u00f6z milli m\u0259n\u0259vi, dini d\u0259y\u0259rl\u0259rin\u0259 sadiq, onlar\u0131 qoruyan, eyni zamanda, m\u00fcs\u0259lman al\u0259mind\u0259 h\u0259mr\u0259yliyin m\u00f6hk\u0259ml\u0259ndirilm\u0259si \u00fc\u00e7\u00fcn s\u0259yl\u0259rini \u0259sirg\u0259m\u0259y\u0259n bir \u00f6lk\u0259 kimi tan\u0131n\u0131r.<\/p>\n","protected":false},"excerpt":{"rendered":"<p>ARANTV.AZ x\u0259b\u0259r verir ki, bu g\u00fcn Az\u0259rbaycan\u0131n Birinci vitse-prezidenti Mehriban \u018fliyeva Bak\u0131da Heyd\u0259r \u018fliyev Fondunun d\u0259st\u0259yi il\u0259 b\u0259rpa olunan \u201c\u0130mam H\u00fcseyn\u201d m\u0259scidinin a\u00e7\u0131l\u0131\u015f\u0131nda i\u015ftirak edib. C\u0259miyy\u0259tin, \u00f6lk\u0259nin dayan\u0131ql\u0131 inki\u015faf\u0131 \u00fc\u00e7\u00fcn d\u00f6vl\u0259t-din m\u00fcnasib\u0259tl\u0259rinin \u00e7ox b\u00f6y\u00fck \u0259h\u0259miyy\u0259ti var. Az\u0259rbaycanda bu m\u00fcnasib\u0259tl\u0259r y\u00fcks\u0259k s\u0259viyy\u0259d\u0259 t\u0259nziml\u0259nir. V\u0259t\u0259nda\u015flar\u0131n\u0131n \u0259ks\u0259riyy\u0259ti m\u00fcs\u0259lman olan Az\u0259rbaycanda m\u0259scidl\u0259rin, eyni zamanda rus pravoslav, katolik, alban kils\u0259l\u0259rinin, sinaqoqlar\u0131n tikintisi v\u0259 t\u0259miri d\u00f6vl\u0259tin bu istiqam\u0259td\u0259 apard\u0131\u011f\u0131 siyas\u0259tin g\u00f6st\u0259ricisidir. Bu i\u015fd\u0259 Heyd\u0259r \u018fliyev Fondunun da g\u00f6rd\u00fcy\u00fc i\u015fl\u0259r b\u00f6y\u00fck \u0259h\u0259miyy\u0259t\u0259 malikdir. Bak\u0131 \u015f\u0259h\u0259rinin Yasamal rayonunda, Abdulla \u015eaiq k\u00fc\u00e7\u0259si 14 \u00fcnvan\u0131nda yerl\u0259\u015f\u0259n \u201c\u0130mam H\u00fcseyn\u201d m\u0259scidi Heyd\u0259r&hellip;<\/p>\n","protected":false},"author":2,"featured_media":20797,"comment_status":"closed","ping_status":"closed","sticky":false,"template":"","format":"standard","meta":{"om_disable_all_campaigns":false,"_monsterinsights_skip_tracking":false,"_monsterinsights_sitenote_active":false,"_monsterinsights_sitenote_note":"","_monsterinsights_sitenote_category":0},"categories":[8],"tags":[],"aioseo_notices":[],"gutentor_comment":0,"rttpg_featured_image_url":{"full":["https:\/\/arantv.az\/wp-content\/uploads\/2018\/10\/cskcinbigvrusktdm4ie3hma53mx.jpg",1280,854,false],"landscape":["https:\/\/arantv.az\/wp-content\/uploads\/2018\/10\/cskcinbigvrusktdm4ie3hma53mx.jpg",1280,854,false],"portraits":["https:\/\/arantv.az\/wp-content\/uploads\/2018\/10\/cskcinbigvrusktdm4ie3hma53mx.jpg",1280,854,false],"thumbnail":["https:\/\/arantv.az\/wp-content\/uploads\/2018\/10\/cskcinbigvrusktdm4ie3hma53mx-150x150.jpg",150,150,true],"medium":["https:\/\/arantv.az\/wp-content\/uploads\/2018\/10\/cskcinbigvrusktdm4ie3hma53mx-300x200.jpg",300,200,true],"large":["https:\/\/arantv.az\/wp-content\/uploads\/2018\/10\/cskcinbigvrusktdm4ie3hma53mx-1024x683.jpg",640,427,true],"1536x1536":["https:\/\/arantv.az\/wp-content\/uploads\/2018\/10\/cskcinbigvrusktdm4ie3hma53mx.jpg",1280,854,false],"2048x2048":["https:\/\/arantv.az\/wp-content\/uploads\/2018\/10\/cskcinbigvrusktdm4ie3hma53mx.jpg",1280,854,false],"post-thumbnail":["https:\/\/arantv.az\/wp-content\/uploads\/2018\/10\/cskcinbigvrusktdm4ie3hma53mx-240x172.jpg",240,172,true],"advps-thumb-one":["https:\/\/arantv.az\/wp-content\/uploads\/2018\/10\/cskcinbigvrusktdm4ie3hma53mx-1200x620.jpg",1200,620,true]},"rttpg_author":{"display_name":"V\u00fcsal Rafiqo\u011flu","author_link":"https:\/\/arantv.az\/?author=2"},"rttpg_comment":0,"rttpg_category":"<a href=\"https:\/\/arantv.az\/?cat=8\" rel=\"category\">\u018fsas s\u0259hif\u0259<\/a>","rttpg_excerpt":"ARANTV.AZ x\u0259b\u0259r verir ki, bu g\u00fcn Az\u0259rbaycan\u0131n Birinci vitse-prezidenti Mehriban \u018fliyeva Bak\u0131da Heyd\u0259r \u018fliyev Fondunun d\u0259st\u0259yi il\u0259 b\u0259rpa olunan \u201c\u0130mam H\u00fcseyn\u201d m\u0259scidinin a\u00e7\u0131l\u0131\u015f\u0131nda i\u015ftirak edib. C\u0259miyy\u0259tin, \u00f6lk\u0259nin dayan\u0131ql\u0131 inki\u015faf\u0131 \u00fc\u00e7\u00fcn d\u00f6vl\u0259t-din m\u00fcnasib\u0259tl\u0259rinin \u00e7ox b\u00f6y\u00fck \u0259h\u0259miyy\u0259ti var. Az\u0259rbaycanda bu m\u00fcnasib\u0259tl\u0259r y\u00fcks\u0259k s\u0259viyy\u0259d\u0259 t\u0259nziml\u0259nir. V\u0259t\u0259nda\u015flar\u0131n\u0131n \u0259ks\u0259riyy\u0259ti m\u00fcs\u0259lman olan Az\u0259rbaycanda m\u0259scidl\u0259rin, eyni zamanda rus pravoslav, katolik, alban kils\u0259l\u0259rinin,&hellip;","_links":{"self":[{"href":"https:\/\/arantv.az\/index.php?rest_route=\/wp\/v2\/posts\/20796"}],"collection":[{"href":"https:\/\/arantv.az\/index.php?rest_route=\/wp\/v2\/posts"}],"about":[{"href":"https:\/\/arantv.az\/index.php?rest_route=\/wp\/v2\/types\/post"}],"author":[{"embeddable":true,"href":"https:\/\/arantv.az\/index.php?rest_route=\/wp\/v2\/users\/2"}],"replies":[{"embeddable":true,"href":"https:\/\/arantv.az\/index.php?rest_route=%2Fwp%2Fv2%2Fcomments&post=20796"}],"version-history":[{"count":0,"href":"https:\/\/arantv.az\/index.php?rest_route=\/wp\/v2\/posts\/20796\/revisions"}],"wp:featuredmedia":[{"embeddable":true,"href":"https:\/\/arantv.az\/index.php?rest_route=\/wp\/v2\/media\/20797"}],"wp:attachment":[{"href":"https:\/\/arantv.az\/index.php?rest_route=%2Fwp%2Fv2%2Fmedia&parent=20796"}],"wp:term":[{"taxonomy":"category","embeddable":true,"href":"https:\/\/arantv.az\/index.php?rest_route=%2Fwp%2Fv2%2Fcategories&post=20796"},{"taxonomy":"post_tag","embeddable":true,"href":"https:\/\/arantv.az\/index.php?rest_route=%2Fwp%2Fv2%2Ftags&post=20796"}],"curies":[{"name":"wp","href":"https:\/\/api.w.org\/{rel}","templated":true}]}}