{"id":20803,"date":"2018-10-23T16:09:43","date_gmt":"2018-10-23T13:09:43","guid":{"rendered":"http:\/\/arantv.az\/?p=20803"},"modified":"2018-10-23T16:09:43","modified_gmt":"2018-10-23T13:09:43","slug":"vi-baki-beyn%c9%99lxalq-humanitar-forumunda-86-olk%c9%99ni-v%c9%99-24-mot%c9%99b%c9%99r-beyn%c9%99lxalq-t%c9%99skilati-t%c9%99msil-ed%c9%99n-qonaqlar-istirak-ed%c9%99c%c9%99k","status":"publish","type":"post","link":"https:\/\/arantv.az\/?p=20803","title":{"rendered":"VI Bak\u0131 Beyn\u0259lxalq Humanitar Forumunda 86 \u00f6lk\u0259ni v\u0259 24 m\u00f6t\u0259b\u0259r beyn\u0259lxalq t\u0259\u015fkilat\u0131 t\u0259msil ed\u0259n qonaqlar i\u015ftirak ed\u0259c\u0259k"},"content":{"rendered":"<p><strong>ARANTV.AZ<\/strong> x\u0259b\u0259r verir ki, \u00d6lk\u0259miz bu g\u00fcnl\u0259rd\u0259 d\u00fcnya miqyasl\u0131 daha bir m\u00f6t\u0259b\u0259r t\u0259dbir\u0259 ev sahibliyi etm\u0259y\u0259 haz\u0131rla\u015f\u0131r. Oktyabr\u0131n 25-26-da Bak\u0131da VI Beyn\u0259lxalq Humanitar Forumu ke\u00e7iril\u0259c\u0259k. 2010-cu ild\u0259n t\u0259\u015fkil olunan Forumun t\u0259\u015f\u0259bb\u00fcs\u00e7\u00fcl\u0259ri Az\u0259rbaycan v\u0259 Rusiya prezidentl\u0259ridir.<\/p>\n<p>M\u0259d\u0259niyy\u0259t Nazirliyind\u0259n\u00a0bildirilib ki, oktyabr\u0131n 22-d\u0259 Mirz\u0259 F\u0259t\u0259li Axundzad\u0259 ad\u0131na Az\u0259rbaycan Milli Kitabxanas\u0131nda m\u0259d\u0259niyy\u0259t naziri \u018fb\u00fclf\u0259s Qarayevin s\u0259drliyi il\u0259 Forumla ba\u011fl\u0131 h\u0259yata ke\u00e7iril\u0259c\u0259k t\u0259\u015fkilati i\u015fl\u0259r m\u00fczakir\u0259 olunub.<\/p>\n<p>T\u0259dbird\u0259 \u00e7\u0131x\u0131\u015f ed\u0259n nazir \u00f6lk\u0259mizin beyn\u0259lxalq t\u0259dbirl\u0259rin ke\u00e7irilm\u0259si sah\u0259sind\u0259 b\u00f6y\u00fck t\u0259cr\u00fcb\u0259sinin oldu\u011funu vur\u011fulay\u0131b. Qeyd edib ki, VI Bak\u0131 Beyn\u0259lxalq Humanitar Forumunun ke\u00e7irildiyi bir vaxtda \u00f6lk\u0259mizd\u0259 bir ne\u00e7\u0259 dig\u0259r b\u00f6y\u00fck t\u0259dbirl\u0259r d\u0259 olacaq. Bildirib ki, Forum qlobal xarakterli m\u0259s\u0259l\u0259l\u0259r\u0259 dair geni\u015f spektrli dialoqlar, fikir m\u00fcbadil\u0259l\u0259ri v\u0259 m\u00fczakir\u0259l\u0259r aparmaq m\u0259qs\u0259dil\u0259 m\u00fcxt\u0259lif \u00f6lk\u0259l\u0259rd\u0259n tan\u0131nm\u0131\u015f d\u00f6vl\u0259t xadiml\u0259rini, elmin f\u0259rqli sah\u0259l\u0259ri \u00fczr\u0259 Nobel m\u00fckafat\u0131 laureatlar\u0131n\u0131 v\u0259 n\u00fcfuzlu beyn\u0259lxalq t\u0259\u015fkilatlar\u0131n r\u0259hb\u0259rl\u0259rini, o c\u00fcml\u0259d\u0259n d\u00fcnyan\u0131n siyasi, elmi v\u0259 m\u0259d\u0259ni elitas\u0131n\u0131n n\u00fcmay\u0259nd\u0259l\u0259rini bir araya toplayan m\u00f6t\u0259b\u0259r t\u0259dbirdir.<\/p>\n<p>Nazir deyib ki, VI Bak\u0131 Beyn\u0259lxalq Humanitar Forumunda 86 \u00f6lk\u0259ni v\u0259 24 m\u00f6t\u0259b\u0259r beyn\u0259lxalq t\u0259\u015fkilat\u0131 t\u0259msil ed\u0259n qonaqlar\u0131n i\u015ftirak\u0131 n\u0259z\u0259rd\u0259 tutulur. Forumda, h\u0259m\u00e7inin 160 n\u0259f\u0259rd\u0259n \u00e7ox y\u00fcks\u0259k s\u0259viyy\u0259li qonaq i\u015ftirak ed\u0259c\u0259k.<\/p>\n<p>\u018f.Qarayev beyn\u0259lxalq t\u0259dbirin t\u0259\u015fkili il\u0259 ba\u011fl\u0131 dan\u0131\u015faraq s\u00f6yl\u0259yib ki, Forumun ke\u00e7irilm\u0259si i\u015find\u0259 i\u015ftirak ed\u0259n h\u0259r bir d\u00f6vl\u0259t orqan\u0131 \u00f6z haz\u0131rl\u0131qlar\u0131n\u0131 yekunla\u015fd\u0131r\u0131b: \u201cArt\u0131q xarici \u00f6lk\u0259l\u0259rd\u0259n qonaqlar\u0131m\u0131z g\u0259lm\u0259y\u0259 ba\u015flay\u0131b. Bu i\u015f\u00e7i iclas\u0131 ke\u00e7irm\u0259yimizd\u0259 \u0259sas m\u0259qs\u0259d d\u0259 qonaqlar\u0131n yerl\u0259\u015fdirilm\u0259sind\u0259n tutmu\u015f, t\u0259dbirl\u0259rd\u0259 i\u015ftirak\u0131n\u0131 y\u00fcks\u0259k s\u0259viyy\u0259d\u0259 t\u0259min etm\u0259k \u00fc\u00e7\u00fcn qar\u015f\u0131m\u0131zda duran m\u0259s\u0259l\u0259l\u0259ri m\u00fczakir\u0259 etm\u0259kdir. H\u0259r bir \u015f\u0259xs \u00fcz\u0259rin\u0259 d\u00fc\u015f\u0259n tap\u015f\u0131r\u0131qlar\u0131 layiqinc\u0259 h\u0259yata ke\u00e7irm\u0259lidir\u201d.<\/p>\n<p>\u0130clasda, h\u0259m\u00e7inin Forum i\u015ftirak\u00e7\u0131lar\u0131n\u0131n asud\u0259 vaxtlar\u0131n\u0131n t\u0259\u015fkili, m\u0259d\u0259ni proqramlarda i\u015ftirak\u0131, Bak\u0131 \u015f\u0259h\u0259ri il\u0259 tan\u0131\u015fl\u0131q kimi m\u0259s\u0259l\u0259l\u0259r\u0259 d\u0259 toxunulub. \u00d6lk\u0259mizin bu g\u00fcn\u0259 q\u0259d\u0259r \u00e7oxsayl\u0131 n\u00fcfuzlu beyn\u0259lxalq t\u0259dbirl\u0259r\u0259 u\u011furla ev sahibliyi etdiyini vur\u011fulayan nazir Forumun da y\u00fcks\u0259k s\u0259viyy\u0259d\u0259 ke\u00e7iril\u0259c\u0259yin\u0259 \u0259minliyini ifad\u0259 edib.<\/p>\n<p>Sonda nazir VI Beyn\u0259lxalq Humanitar Forumun y\u00fcks\u0259k s\u0259viyy\u0259d\u0259 t\u0259\u015fkili \u00fc\u00e7\u00fcn m\u00fcvafiq tap\u015f\u0131r\u0131q v\u0259 t\u00f6vsiy\u0259l\u0259rini verib.<\/p>\n<p>&nbsp;<\/p>\n","protected":false},"excerpt":{"rendered":"<p>ARANTV.AZ x\u0259b\u0259r verir ki, \u00d6lk\u0259miz bu g\u00fcnl\u0259rd\u0259 d\u00fcnya miqyasl\u0131 daha bir m\u00f6t\u0259b\u0259r t\u0259dbir\u0259 ev sahibliyi etm\u0259y\u0259 haz\u0131rla\u015f\u0131r. Oktyabr\u0131n 25-26-da Bak\u0131da VI Beyn\u0259lxalq Humanitar Forumu ke\u00e7iril\u0259c\u0259k. 2010-cu ild\u0259n t\u0259\u015fkil olunan Forumun t\u0259\u015f\u0259bb\u00fcs\u00e7\u00fcl\u0259ri Az\u0259rbaycan v\u0259 Rusiya prezidentl\u0259ridir. M\u0259d\u0259niyy\u0259t Nazirliyind\u0259n\u00a0bildirilib ki, oktyabr\u0131n 22-d\u0259 Mirz\u0259 F\u0259t\u0259li Axundzad\u0259 ad\u0131na Az\u0259rbaycan Milli Kitabxanas\u0131nda m\u0259d\u0259niyy\u0259t naziri \u018fb\u00fclf\u0259s Qarayevin s\u0259drliyi il\u0259 Forumla ba\u011fl\u0131 h\u0259yata ke\u00e7iril\u0259c\u0259k t\u0259\u015fkilati i\u015fl\u0259r m\u00fczakir\u0259 olunub. T\u0259dbird\u0259 \u00e7\u0131x\u0131\u015f ed\u0259n nazir \u00f6lk\u0259mizin beyn\u0259lxalq t\u0259dbirl\u0259rin ke\u00e7irilm\u0259si sah\u0259sind\u0259 b\u00f6y\u00fck t\u0259cr\u00fcb\u0259sinin oldu\u011funu vur\u011fulay\u0131b. Qeyd edib ki, VI Bak\u0131 Beyn\u0259lxalq Humanitar Forumunun ke\u00e7irildiyi bir vaxtda \u00f6lk\u0259mizd\u0259 bir ne\u00e7\u0259 dig\u0259r b\u00f6y\u00fck&hellip;<\/p>\n","protected":false},"author":2,"featured_media":20804,"comment_status":"closed","ping_status":"closed","sticky":false,"template":"","format":"standard","meta":{"om_disable_all_campaigns":false,"_monsterinsights_skip_tracking":false,"_monsterinsights_sitenote_active":false,"_monsterinsights_sitenote_note":"","_monsterinsights_sitenote_category":0},"categories":[1],"tags":[],"aioseo_notices":[],"gutentor_comment":0,"rttpg_featured_image_url":{"full":["https:\/\/arantv.az\/wp-content\/uploads\/2018\/10\/cskcinbigvrusktdm4ie3hma536.jpg",879,553,false],"landscape":["https:\/\/arantv.az\/wp-content\/uploads\/2018\/10\/cskcinbigvrusktdm4ie3hma536.jpg",879,553,false],"portraits":["https:\/\/arantv.az\/wp-content\/uploads\/2018\/10\/cskcinbigvrusktdm4ie3hma536.jpg",879,553,false],"thumbnail":["https:\/\/arantv.az\/wp-content\/uploads\/2018\/10\/cskcinbigvrusktdm4ie3hma536-150x150.jpg",150,150,true],"medium":["https:\/\/arantv.az\/wp-content\/uploads\/2018\/10\/cskcinbigvrusktdm4ie3hma536-300x189.jpg",300,189,true],"large":["https:\/\/arantv.az\/wp-content\/uploads\/2018\/10\/cskcinbigvrusktdm4ie3hma536.jpg",640,403,false],"1536x1536":["https:\/\/arantv.az\/wp-content\/uploads\/2018\/10\/cskcinbigvrusktdm4ie3hma536.jpg",879,553,false],"2048x2048":["https:\/\/arantv.az\/wp-content\/uploads\/2018\/10\/cskcinbigvrusktdm4ie3hma536.jpg",879,553,false],"post-thumbnail":["https:\/\/arantv.az\/wp-content\/uploads\/2018\/10\/cskcinbigvrusktdm4ie3hma536-240x172.jpg",240,172,true],"advps-thumb-one":["https:\/\/arantv.az\/wp-content\/uploads\/2018\/10\/cskcinbigvrusktdm4ie3hma536.jpg",879,553,false]},"rttpg_author":{"display_name":"V\u00fcsal Rafiqo\u011flu","author_link":"https:\/\/arantv.az\/?author=2"},"rttpg_comment":0,"rttpg_category":"<a href=\"https:\/\/arantv.az\/?cat=1\" rel=\"category\">C\u0259miyy\u0259t<\/a>","rttpg_excerpt":"ARANTV.AZ x\u0259b\u0259r verir ki, \u00d6lk\u0259miz bu g\u00fcnl\u0259rd\u0259 d\u00fcnya miqyasl\u0131 daha bir m\u00f6t\u0259b\u0259r t\u0259dbir\u0259 ev sahibliyi etm\u0259y\u0259 haz\u0131rla\u015f\u0131r. Oktyabr\u0131n 25-26-da Bak\u0131da VI Beyn\u0259lxalq Humanitar Forumu ke\u00e7iril\u0259c\u0259k. 2010-cu ild\u0259n t\u0259\u015fkil olunan Forumun t\u0259\u015f\u0259bb\u00fcs\u00e7\u00fcl\u0259ri Az\u0259rbaycan v\u0259 Rusiya prezidentl\u0259ridir. M\u0259d\u0259niyy\u0259t Nazirliyind\u0259n\u00a0bildirilib ki, oktyabr\u0131n 22-d\u0259 Mirz\u0259 F\u0259t\u0259li Axundzad\u0259 ad\u0131na Az\u0259rbaycan Milli Kitabxanas\u0131nda m\u0259d\u0259niyy\u0259t naziri \u018fb\u00fclf\u0259s Qarayevin s\u0259drliyi il\u0259 Forumla ba\u011fl\u0131&hellip;","_links":{"self":[{"href":"https:\/\/arantv.az\/index.php?rest_route=\/wp\/v2\/posts\/20803"}],"collection":[{"href":"https:\/\/arantv.az\/index.php?rest_route=\/wp\/v2\/posts"}],"about":[{"href":"https:\/\/arantv.az\/index.php?rest_route=\/wp\/v2\/types\/post"}],"author":[{"embeddable":true,"href":"https:\/\/arantv.az\/index.php?rest_route=\/wp\/v2\/users\/2"}],"replies":[{"embeddable":true,"href":"https:\/\/arantv.az\/index.php?rest_route=%2Fwp%2Fv2%2Fcomments&post=20803"}],"version-history":[{"count":0,"href":"https:\/\/arantv.az\/index.php?rest_route=\/wp\/v2\/posts\/20803\/revisions"}],"wp:featuredmedia":[{"embeddable":true,"href":"https:\/\/arantv.az\/index.php?rest_route=\/wp\/v2\/media\/20804"}],"wp:attachment":[{"href":"https:\/\/arantv.az\/index.php?rest_route=%2Fwp%2Fv2%2Fmedia&parent=20803"}],"wp:term":[{"taxonomy":"category","embeddable":true,"href":"https:\/\/arantv.az\/index.php?rest_route=%2Fwp%2Fv2%2Fcategories&post=20803"},{"taxonomy":"post_tag","embeddable":true,"href":"https:\/\/arantv.az\/index.php?rest_route=%2Fwp%2Fv2%2Ftags&post=20803"}],"curies":[{"name":"wp","href":"https:\/\/api.w.org\/{rel}","templated":true}]}}