{"id":20806,"date":"2018-10-23T16:10:33","date_gmt":"2018-10-23T13:10:33","guid":{"rendered":"http:\/\/arantv.az\/?p=20806"},"modified":"2018-10-23T16:10:33","modified_gmt":"2018-10-23T13:10:33","slug":"parisd%c9%99-az%c9%99rbaycan-s%c9%99rablarinin-dequstasiyasi-olub","status":"publish","type":"post","link":"https:\/\/arantv.az\/?p=20806","title":{"rendered":"Parisd\u0259 Az\u0259rbaycan \u015f\u0259rablar\u0131n\u0131n dequstasiyas\u0131 olub"},"content":{"rendered":"<p><strong>ARANTV.AZ<\/strong> x\u0259b\u0259r verir ki, \u201cAz\u0259rbaycanda b\u00fct\u00fcn sah\u0259l\u0259r kimi \u00fcz\u00fcm\u00e7\u00fcl\u00fck d\u0259 d\u00f6vl\u0259tin diqq\u0259tind\u0259dir. Bu amil Az\u0259rbaycanda \u015f\u0259rab\u00e7\u0131l\u0131\u011f\u0131n s\u00fcr\u0259tli inki\u015faf\u0131na z\u0259min yarad\u0131r\u201d. Beyn\u0259lxalq \u00dcz\u00fcm\u00e7\u00fcl\u00fck v\u0259 \u015e\u0259rab\u00e7\u0131l\u0131q T\u0259\u015fkilat\u0131n\u0131n Parisd\u0259ki ba\u015f ofisind\u0259 ke\u00e7iril\u0259n Az\u0259rbaycan \u015f\u0259rablar\u0131n\u0131n dequstasiyas\u0131 zaman\u0131 t\u0259\u015fkilat\u0131n\u00a0 ba\u015f direktoru Jan-Mari Oran bel\u0259 deyib.<\/p>\n<p>\u201cM\u00fcnbit t\u0259bii \u015f\u0259raitl\u0259 yana\u015f\u0131, \u00f6z\u0259l sektora d\u00f6vl\u0259tin diqq\u0259ti Az\u0259rbaycanda \u015f\u0259rab\u00e7\u0131l\u0131\u011f\u0131n inki\u015faf\u0131 \u00fc\u00e7\u00fcn \u0259lveri\u015fli \u015f\u0259rait yarad\u0131r. Beyn\u0259lxalq \u00dcz\u00fcm\u00e7\u00fcl\u00fck v\u0259 \u015e\u0259rab\u00e7\u0131l\u0131q T\u0259\u015fkilat\u0131n\u0131n ba\u015f direktoru Jan-Mari Oran Parisd\u0259 Az\u0259rbaycan \u015f\u0259rablar\u0131n\u0131n dequstasiyas\u0131 zaman\u0131 bel\u0259 dedi. O, Az\u0259rbaycana s\u0259f\u0259ri v\u0259 G\u0259nc\u0259 \u015f\u0259h\u0259rind\u0259 ke\u00e7iril\u0259n \u201c\u015e\u0259rab Festival\u201d\u0131ndan da dan\u0131\u015fd\u0131.<\/p>\n<p>K\u0259nd T\u0259s\u0259rr\u00fcfat naziri \u0130nam K\u0259rimov Az\u0259rbaycan iqtisadiyyat\u0131n\u0131n prioritet istiqam\u0259tl\u0259ri haqq\u0131nda m\u0259lumat verdi. Qeyd etdi ki, \u015f\u0259rab\u00e7\u0131l\u0131q rentabelli sah\u0259dir v\u0259 \u00f6lk\u0259mizin k\u0259nd t\u0259s\u0259rr\u00fcfat\u0131 m\u0259hsullar\u0131 t\u0259bii x\u00fcsusiyy\u0259tl\u0259rin\u0259 v\u0259 keyfiyy\u0259tl\u0259rin\u0259 g\u00f6r\u0259 r\u0259qab\u0259t\u0259davaml\u0131d\u0131r. Az\u0259rbaycan m\u0259hsullar\u0131n\u0131n Avropa bazarlar\u0131na \u00e7\u0131xar\u0131lmas\u0131n\u0131 s\u00fcr\u0259tl\u0259ndirm\u0259k m\u0259qs\u0259dil\u0259 \u00f6lk\u0259mizl\u0259 Beyn\u0259lxalq \u00fcz\u00fcm\u00e7\u00fcl\u00fck v\u0259 \u015e\u0259rab\u00e7\u0131l\u0131q t\u0259\u015fkilat\u0131 aras\u0131nda \u0259m\u0259kda\u015fl\u0131q daha da geni\u015fl\u0259ndiril\u0259c\u0259k. AZPROMO-nun r\u0259hb\u0259ri v\u0259zif\u0259sini icra ed\u0259n Yusif Abdullayev dedi ki, Az\u0259rbaycandak\u0131 sabit iqtisadi art\u0131m tempi xarici investisiyalar\u0131n c\u0259lbind\u0259 h\u0259lledici amildir. T\u0259dbir \u00e7\u0259r\u00e7iv\u0259sind\u0259 \u201cEXPO 2025\u201d s\u0259rgisin\u0259 Bak\u0131n\u0131n namiz\u0259dliyi il\u0259 ba\u011fl\u0131 video\u00e7arx n\u00fcmayi\u015f olundu. Qonaqlar Az\u0259rbaycan \u015f\u0259rablar\u0131n\u0131 dadmaq imkan\u0131 da \u0259ld\u0259 etdil\u0259r. Distribyutor \u015firk\u0259tl\u0259rin n\u00fcmay\u0259nd\u0259l\u0259ri, \u015f\u0259rab\u00e7\u0131l\u0131q \u00fczr\u0259 m\u00fct\u0259x\u0259ssisl\u0259r Az\u0259rbaycan istehsal\u0131 olan m\u0259hsullar\u0131n keyfiyy\u0259tini y\u00fcks\u0259k qiym\u0259tl\u0259ndirdil\u0259r.<\/p>\n<p>&nbsp;<\/p>\n","protected":false},"excerpt":{"rendered":"<p>ARANTV.AZ x\u0259b\u0259r verir ki, \u201cAz\u0259rbaycanda b\u00fct\u00fcn sah\u0259l\u0259r kimi \u00fcz\u00fcm\u00e7\u00fcl\u00fck d\u0259 d\u00f6vl\u0259tin diqq\u0259tind\u0259dir. Bu amil Az\u0259rbaycanda \u015f\u0259rab\u00e7\u0131l\u0131\u011f\u0131n s\u00fcr\u0259tli inki\u015faf\u0131na z\u0259min yarad\u0131r\u201d. Beyn\u0259lxalq \u00dcz\u00fcm\u00e7\u00fcl\u00fck v\u0259 \u015e\u0259rab\u00e7\u0131l\u0131q T\u0259\u015fkilat\u0131n\u0131n Parisd\u0259ki ba\u015f ofisind\u0259 ke\u00e7iril\u0259n Az\u0259rbaycan \u015f\u0259rablar\u0131n\u0131n dequstasiyas\u0131 zaman\u0131 t\u0259\u015fkilat\u0131n\u00a0 ba\u015f direktoru Jan-Mari Oran bel\u0259 deyib. \u201cM\u00fcnbit t\u0259bii \u015f\u0259raitl\u0259 yana\u015f\u0131, \u00f6z\u0259l sektora d\u00f6vl\u0259tin diqq\u0259ti Az\u0259rbaycanda \u015f\u0259rab\u00e7\u0131l\u0131\u011f\u0131n inki\u015faf\u0131 \u00fc\u00e7\u00fcn \u0259lveri\u015fli \u015f\u0259rait yarad\u0131r. Beyn\u0259lxalq \u00dcz\u00fcm\u00e7\u00fcl\u00fck v\u0259 \u015e\u0259rab\u00e7\u0131l\u0131q T\u0259\u015fkilat\u0131n\u0131n ba\u015f direktoru Jan-Mari Oran Parisd\u0259 Az\u0259rbaycan \u015f\u0259rablar\u0131n\u0131n dequstasiyas\u0131 zaman\u0131 bel\u0259 dedi. O, Az\u0259rbaycana s\u0259f\u0259ri v\u0259 G\u0259nc\u0259 \u015f\u0259h\u0259rind\u0259 ke\u00e7iril\u0259n \u201c\u015e\u0259rab Festival\u201d\u0131ndan da dan\u0131\u015fd\u0131. K\u0259nd T\u0259s\u0259rr\u00fcfat naziri \u0130nam K\u0259rimov Az\u0259rbaycan iqtisadiyyat\u0131n\u0131n prioritet&hellip;<\/p>\n","protected":false},"author":2,"featured_media":20807,"comment_status":"closed","ping_status":"closed","sticky":false,"template":"","format":"standard","meta":{"om_disable_all_campaigns":false,"_monsterinsights_skip_tracking":false,"_monsterinsights_sitenote_active":false,"_monsterinsights_sitenote_note":"","_monsterinsights_sitenote_category":0},"categories":[19],"tags":[],"aioseo_notices":[],"gutentor_comment":0,"rttpg_featured_image_url":{"full":["https:\/\/arantv.az\/wp-content\/uploads\/2018\/10\/cskcinbigvrusktdm4ie3hma53par.jpg",1000,667,false],"landscape":["https:\/\/arantv.az\/wp-content\/uploads\/2018\/10\/cskcinbigvrusktdm4ie3hma53par.jpg",1000,667,false],"portraits":["https:\/\/arantv.az\/wp-content\/uploads\/2018\/10\/cskcinbigvrusktdm4ie3hma53par.jpg",1000,667,false],"thumbnail":["https:\/\/arantv.az\/wp-content\/uploads\/2018\/10\/cskcinbigvrusktdm4ie3hma53par-150x150.jpg",150,150,true],"medium":["https:\/\/arantv.az\/wp-content\/uploads\/2018\/10\/cskcinbigvrusktdm4ie3hma53par-300x200.jpg",300,200,true],"large":["https:\/\/arantv.az\/wp-content\/uploads\/2018\/10\/cskcinbigvrusktdm4ie3hma53par.jpg",640,427,false],"1536x1536":["https:\/\/arantv.az\/wp-content\/uploads\/2018\/10\/cskcinbigvrusktdm4ie3hma53par.jpg",1000,667,false],"2048x2048":["https:\/\/arantv.az\/wp-content\/uploads\/2018\/10\/cskcinbigvrusktdm4ie3hma53par.jpg",1000,667,false],"post-thumbnail":["https:\/\/arantv.az\/wp-content\/uploads\/2018\/10\/cskcinbigvrusktdm4ie3hma53par-240x172.jpg",240,172,true],"advps-thumb-one":["https:\/\/arantv.az\/wp-content\/uploads\/2018\/10\/cskcinbigvrusktdm4ie3hma53par-1000x620.jpg",1000,620,true]},"rttpg_author":{"display_name":"V\u00fcsal Rafiqo\u011flu","author_link":"https:\/\/arantv.az\/?author=2"},"rttpg_comment":0,"rttpg_category":"<a href=\"https:\/\/arantv.az\/?cat=19\" rel=\"category\">G\u00fcnd\u0259m<\/a>","rttpg_excerpt":"ARANTV.AZ x\u0259b\u0259r verir ki, \u201cAz\u0259rbaycanda b\u00fct\u00fcn sah\u0259l\u0259r kimi \u00fcz\u00fcm\u00e7\u00fcl\u00fck d\u0259 d\u00f6vl\u0259tin diqq\u0259tind\u0259dir. Bu amil Az\u0259rbaycanda \u015f\u0259rab\u00e7\u0131l\u0131\u011f\u0131n s\u00fcr\u0259tli inki\u015faf\u0131na z\u0259min yarad\u0131r\u201d. Beyn\u0259lxalq \u00dcz\u00fcm\u00e7\u00fcl\u00fck v\u0259 \u015e\u0259rab\u00e7\u0131l\u0131q T\u0259\u015fkilat\u0131n\u0131n Parisd\u0259ki ba\u015f ofisind\u0259 ke\u00e7iril\u0259n Az\u0259rbaycan \u015f\u0259rablar\u0131n\u0131n dequstasiyas\u0131 zaman\u0131 t\u0259\u015fkilat\u0131n\u00a0 ba\u015f direktoru Jan-Mari Oran bel\u0259 deyib. \u201cM\u00fcnbit t\u0259bii \u015f\u0259raitl\u0259 yana\u015f\u0131, \u00f6z\u0259l sektora d\u00f6vl\u0259tin diqq\u0259ti Az\u0259rbaycanda \u015f\u0259rab\u00e7\u0131l\u0131\u011f\u0131n inki\u015faf\u0131 \u00fc\u00e7\u00fcn \u0259lveri\u015fli \u015f\u0259rait yarad\u0131r.&hellip;","_links":{"self":[{"href":"https:\/\/arantv.az\/index.php?rest_route=\/wp\/v2\/posts\/20806"}],"collection":[{"href":"https:\/\/arantv.az\/index.php?rest_route=\/wp\/v2\/posts"}],"about":[{"href":"https:\/\/arantv.az\/index.php?rest_route=\/wp\/v2\/types\/post"}],"author":[{"embeddable":true,"href":"https:\/\/arantv.az\/index.php?rest_route=\/wp\/v2\/users\/2"}],"replies":[{"embeddable":true,"href":"https:\/\/arantv.az\/index.php?rest_route=%2Fwp%2Fv2%2Fcomments&post=20806"}],"version-history":[{"count":0,"href":"https:\/\/arantv.az\/index.php?rest_route=\/wp\/v2\/posts\/20806\/revisions"}],"wp:featuredmedia":[{"embeddable":true,"href":"https:\/\/arantv.az\/index.php?rest_route=\/wp\/v2\/media\/20807"}],"wp:attachment":[{"href":"https:\/\/arantv.az\/index.php?rest_route=%2Fwp%2Fv2%2Fmedia&parent=20806"}],"wp:term":[{"taxonomy":"category","embeddable":true,"href":"https:\/\/arantv.az\/index.php?rest_route=%2Fwp%2Fv2%2Fcategories&post=20806"},{"taxonomy":"post_tag","embeddable":true,"href":"https:\/\/arantv.az\/index.php?rest_route=%2Fwp%2Fv2%2Ftags&post=20806"}],"curies":[{"name":"wp","href":"https:\/\/api.w.org\/{rel}","templated":true}]}}