{"id":20816,"date":"2018-10-23T16:34:55","date_gmt":"2018-10-23T13:34:55","guid":{"rendered":"http:\/\/arantv.az\/?p=20816"},"modified":"2018-10-23T16:34:55","modified_gmt":"2018-10-23T13:34:55","slug":"mehriban-%c9%99liyeva-xususi-t%c9%99hsil-m%c9%99kt%c9%99binin-acilisinda-foto","status":"publish","type":"post","link":"https:\/\/arantv.az\/?p=20816","title":{"rendered":"Mehriban \u018fliyeva x\u00fcsusi t\u0259hsil m\u0259kt\u0259binin a\u00e7\u0131l\u0131\u015f\u0131nda &#8211; FOTO"},"content":{"rendered":"<p>Oktyabr\u0131n 23-d\u0259 Bak\u0131n\u0131n N\u0259rimanov rayonunda Heyd\u0259r \u018fliyev Fondunun t\u0259\u015f\u0259bb\u00fcs\u00fc il\u0259 in\u015fa olunan 11 sayl\u0131 x\u00fcsusi t\u0259hsil m\u0259kt\u0259binin yeni binas\u0131n\u0131n a\u00e7\u0131l\u0131\u015f\u0131 olub.<\/p>\n<p><strong>ARANTV.AZ\u00a0<\/strong>\u00a0x\u0259b\u0259r verir ki, Az\u0259rbaycan Respublikas\u0131n\u0131n Birinci vitse-prezidenti\u00a0<strong>Mehriban \u018fliyeva<\/strong>\u00a0a\u00e7\u0131l\u0131\u015fda i\u015ftirak edib.<\/p>\n<p>M\u0259kt\u0259bin direktoru \u015eahzad\u0259 \u0130sg\u0259nd\u0259rova burada yarad\u0131lan \u015f\u0259rait bar\u0259d\u0259 Birinci vitse-prezident Mehriban \u018fliyevaya m\u0259lumat verib.<\/p>\n<div id=\"AdributorNativeVideo0\" class=\"AdributorNativeVideo\"><\/div>\n<p>Bildirilib ki, 11 sayl\u0131 x\u00fcsusi t\u0259hsil m\u0259kt\u0259bi 1937-ci ild\u0259n f\u0259aliyy\u0259t g\u00f6st\u0259rir. Bu t\u0259hsil oca\u011f\u0131n\u0131n k\u00f6hn\u0259 binas\u0131 1897-ci ild\u0259 in\u015fa edilmi\u015fdi. Heyd\u0259r \u018fliyev Fondu t\u0259r\u0259find\u0259n apar\u0131lan monitorinq n\u0259tic\u0259sind\u0259 m\u0259kt\u0259b binas\u0131n\u0131n t\u0259hsil\u0259 tam yarars\u0131z oldu\u011fu a\u015fkar edilmi\u015f v\u0259 N\u0259rimanov rayonunda m\u0259kt\u0259b \u00fc\u00e7\u00fcn yeni binan\u0131n in\u015fas\u0131na q\u0259rar verilib.<\/p>\n<p>Birinci vitse-prezident Mehriban \u018fliyeva m\u0259kt\u0259bin r\u0259mzi a\u00e7\u0131l\u0131\u015f\u0131n\u0131 bildir\u0259n lenti k\u0259sib v\u0259 bu t\u0259hsil oca\u011f\u0131nda yarad\u0131lan \u015f\u0259raitl\u0259 tan\u0131\u015f olub.<\/p>\n<p>Qeyd edilib ki, t\u0259hsil m\u00fc\u0259ssis\u0259sinin binas\u0131n\u0131n \u00fcmumi sah\u0259si 4 min kvadratmetrd\u0259n \u00e7oxdur. Burada 21 sinif ota\u011f\u0131, psixoloq, defektoloq, h\u0259kim otaqlar\u0131, idman v\u0259 akt zallar\u0131, yem\u0259kxana var. Eyni zamanda, burada u\u015faqlar\u0131n istifad\u0259si \u00fc\u00e7\u00fcn kitabxana yarad\u0131l\u0131b.<\/p>\n<p>M\u0259kt\u0259bin \u00fc\u00e7m\u0259rt\u0259b\u0259li binas\u0131 250 \u015fagird yerlikdir. Haz\u0131rda 651 n\u0259f\u0259r evd\u0259, 137 \u015fagird is\u0259 m\u0259kt\u0259bd\u0259 t\u0259hsil al\u0131r. M\u0259kt\u0259bd\u0259 289 m\u00fc\u0259llim \u00e7al\u0131\u015f\u0131r v\u0259 onlar autizm, Daun sindromlu, \u00fcmumt\u0259hsil proqram\u0131n\u0131 m\u0259nims\u0259y\u0259 bilm\u0259y\u0259n v\u0259 \u0259qli inki\u015faf geriliyi diaqnozu olan u\u015faqlara t\u0259lim ke\u00e7irl\u0259r. \u00dcmumt\u0259hsil proqram\u0131n\u0131 m\u0259nims\u0259y\u0259 bilm\u0259y\u0259n \u015fagirdl\u0259r d\u0259 il \u0259rzind\u0259 a\u015fkarlanaraq bu m\u0259kt\u0259b\u0259 y\u00f6nl\u0259ndirilir.<\/p>\n<p>Onillik m\u0259kt\u0259bin t\u0259dris plan\u0131na defektoloq saatlar\u0131 daxil edilib. Eyni zamanda, x\u00fcsusi u\u015faqlar \u00fc\u00e7\u00fcn psixoloq saatlar\u0131 ayr\u0131l\u0131b. Texnologiya d\u0259rsl\u0259rind\u0259 is\u0259 u\u015faqlar\u0131n bacar\u0131qlar\u0131 a\u015fkar olunur. Bir s\u00f6zl\u0259, bu m\u0259kt\u0259bd\u0259 x\u00fcsusi qay\u011f\u0131ya ehtiyac\u0131 olan u\u015faqlar\u0131n t\u0259hsil almas\u0131, onlar\u0131n t\u0259lim-t\u0259rbiy\u0259si il\u0259 h\u0259rt\u0259r\u0259fli m\u0259\u015f\u011ful olmaq \u00fc\u00e7\u00fcn b\u00fct\u00fcn imkanlar m\u00f6vcuddur.<\/p>\n<p>B\u00fct\u00fcn bunlar is\u0259 x\u00fcsusi qay\u011f\u0131ya ehtiyac\u0131 olan insanlar\u0131n sosial m\u00fcdafi\u0259sinin g\u00fccl\u0259ndirilm\u0259si, onlar\u0131n h\u0259yat \u015f\u0259raitinin yax\u015f\u0131la\u015fd\u0131r\u0131lmas\u0131, bu q\u0259bild\u0259n olanlar\u0131n t\u0259hsil probleml\u0259rinin h\u0259lli istiqam\u0259tind\u0259 son ill\u0259rd\u0259 Prezident\u00a0<strong>\u0130lham \u018fliyev<\/strong>in r\u0259hb\u0259rliyi il\u0259 \u0259h\u0259miyy\u0259tli add\u0131mlar\u0131n at\u0131lmas\u0131ndan ir\u0259li g\u0259lir. 11 sayl\u0131 x\u00fcsusi t\u0259hsil m\u0259kt\u0259binin yeni binas\u0131n\u0131n Heyd\u0259r \u018fliyev Fondunun t\u0259\u015f\u0259bb\u00fcs\u00fc il\u0259 m\u00fcasir s\u0259viyy\u0259d\u0259 in\u015fa olunmas\u0131 bir daha s\u00fcbut edir ki, Fond da bu istiqam\u0259td\u0259 d\u00f6vl\u0259tin icra etdiyi layih\u0259l\u0259r\u0259 sanball\u0131 t\u00f6hf\u0259l\u0259r verir.<\/p>\n<p>Bu layih\u0259nin icras\u0131 ayd\u0131n \u015f\u0259kild\u0259 g\u00f6st\u0259rir ki, humanizm, insani d\u0259y\u0259rl\u0259r\u0259 h\u00f6rm\u0259t, dinind\u0259n, dilind\u0259n, cinsind\u0259n, ya\u015f\u0131ndan as\u0131l\u0131 olmayaraq h\u0259r k\u0259s\u0259 diqq\u0259t g\u00f6st\u0259rm\u0259k Heyd\u0259r \u018fliyev Fondunun f\u0259aliyy\u0259tind\u0259 \u0259sas prinsipl\u0259rd\u0259n biridir.<\/p>\n<p>M\u0259kt\u0259bin h\u0259y\u0259tind\u0259 geni\u015f abadl\u0131q-quruculuq i\u015fl\u0259ri apar\u0131l\u0131b, ya\u015f\u0131ll\u0131q zonas\u0131 yarad\u0131l\u0131b, istirah\u0259t k\u00f6\u015fkl\u0259ri qurulub.<\/p>\n<p>11 sayl\u0131 x\u00fcsusi t\u0259hsil m\u0259kt\u0259binin yeni binas\u0131nda yarad\u0131lan \u015f\u0259raitl\u0259 tan\u0131\u015f olan Az\u0259rbaycan\u0131n Birinci vitse-prezidenti Mehriban \u018fliyeva bu t\u0259hsil oca\u011f\u0131na f\u0259aliyy\u0259tind\u0259 u\u011furlar arzulay\u0131b.<\/p>\n<div class=\"gallery\">\n<div class=\"gallery-i\"><img src=\"https:\/\/assets.oxu.az\/uploads\/W1siZiIsIjIwMTgvMTAvMjMvMTcvMzEvNTQvMDdmOTM0ZDYtMjA4Yi00MjcwLWJmYzMtOGYzZDY5NTI1YWYzLzEuanBnIl0sWyJwIiwiZW5jb2RlIiwianBnIiwiLXF1YWxpdHkgODAiXSxbInAiLCJ0aHVtYiIsIjU5MHg1OTBcdTAwM2UiXV0?sha=d3a28dc7e526fcdd\" \/><\/p>\n<div class=\"gallery-i-caption\"><\/div>\n<\/div>\n<div class=\"gallery-i\"><img src=\"https:\/\/assets.oxu.az\/uploads\/W1siZiIsIjIwMTgvMTAvMjMvMTcvMzEvNTUvY2ZjZDNlZDUtYTlhZC00NzgzLThmNzMtOGY5YTc1MTZmNWQzLzIuanBnIl0sWyJwIiwiZW5jb2RlIiwianBnIiwiLXF1YWxpdHkgODAiXSxbInAiLCJ0aHVtYiIsIjU5MHg1OTBcdTAwM2UiXV0?sha=50a3d5633d524b11\" \/><\/p>\n<div class=\"gallery-i-caption\"><\/div>\n<\/div>\n<div class=\"gallery-i\"><img src=\"https:\/\/assets.oxu.az\/uploads\/W1siZiIsIjIwMTgvMTAvMjMvMTcvMzEvNTYvOTNhYTFlZTUtMDQ5YS00MjliLWJjY2MtMjczNzBkYTQ3ZGNmLzMuanBnIl0sWyJwIiwiZW5jb2RlIiwianBnIiwiLXF1YWxpdHkgODAiXSxbInAiLCJ0aHVtYiIsIjU5MHg1OTBcdTAwM2UiXV0?sha=7122e1d92978d9aa\" \/><\/p>\n<div class=\"gallery-i-caption\"><\/div>\n<\/div>\n<div class=\"gallery-i\"><img src=\"https:\/\/assets.oxu.az\/uploads\/W1siZiIsIjIwMTgvMTAvMjMvMTcvMzEvNTcvYTZjMzc5YzQtZTdkZC00MTI4LTkzMDMtM2E4ZjBhNTRlMDQ3LzQuanBnIl0sWyJwIiwiZW5jb2RlIiwianBnIiwiLXF1YWxpdHkgODAiXSxbInAiLCJ0aHVtYiIsIjU5MHg1OTBcdTAwM2UiXV0?sha=2e3e42cbbaed7a40\" \/><\/p>\n<div class=\"gallery-i-caption\"><\/div>\n<\/div>\n<div class=\"gallery-i\"><img src=\"https:\/\/assets.oxu.az\/uploads\/W1siZiIsIjIwMTgvMTAvMjMvMTcvMzEvNTcvYjJmODRmMDgtNDViMS00MGZiLTg4NTEtNTRlOTQ0MTg3NDU3LzUuanBnIl0sWyJwIiwiZW5jb2RlIiwianBnIiwiLXF1YWxpdHkgODAiXSxbInAiLCJ0aHVtYiIsIjU5MHg1OTBcdTAwM2UiXV0?sha=ebf73e15ec9d4e2e\" \/><\/p>\n<div class=\"gallery-i-caption\"><\/div>\n<\/div>\n<div class=\"gallery-i\"><img src=\"https:\/\/assets.oxu.az\/uploads\/W1siZiIsIjIwMTgvMTAvMjMvMTcvMzEvNTgvYTRkOTdmMTctYWUzZi00Yjg3LWIzYTktYmYzZDA2OWNhNjE3LzYuanBnIl0sWyJwIiwiZW5jb2RlIiwianBnIiwiLXF1YWxpdHkgODAiXSxbInAiLCJ0aHVtYiIsIjU5MHg1OTBcdTAwM2UiXV0?sha=7fc585f7f354df0d\" \/><\/p>\n<div class=\"gallery-i-caption\"><\/div>\n<\/div>\n<div class=\"gallery-i\"><img src=\"https:\/\/assets.oxu.az\/uploads\/W1siZiIsIjIwMTgvMTAvMjMvMTcvMzEvNTkvMjBhZDQ0M2UtN2E4ZS00NjliLThjZGMtYWE5ZjliN2JkMzY4LzcuanBnIl0sWyJwIiwiZW5jb2RlIiwianBnIiwiLXF1YWxpdHkgODAiXSxbInAiLCJ0aHVtYiIsIjU5MHg1OTBcdTAwM2UiXV0?sha=5bfe8d3939fb2cfe\" \/><\/p>\n<div class=\"gallery-i-caption\"><\/div>\n<\/div>\n<div class=\"gallery-i\"><img src=\"https:\/\/assets.oxu.az\/uploads\/W1siZiIsIjIwMTgvMTAvMjMvMTcvMzIvMDAvMDk4MzhjYmEtNzQ2Yy00Y2FjLWFiNzYtYTE0YWM4NGIyMmI5LzguanBnIl0sWyJwIiwiZW5jb2RlIiwianBnIiwiLXF1YWxpdHkgODAiXSxbInAiLCJ0aHVtYiIsIjU5MHg1OTBcdTAwM2UiXV0?sha=0fc662de8a626fd5\" \/><\/p>\n<div class=\"gallery-i-caption\"><\/div>\n<\/div>\n<div class=\"gallery-i\"><img src=\"https:\/\/assets.oxu.az\/uploads\/W1siZiIsIjIwMTgvMTAvMjMvMTcvMzIvMDAvY2FkYTI2MzEtNjVhYS00M2ZhLTlkZjUtY2ZiZTBmM2E5ZDA4LzkuanBnIl0sWyJwIiwiZW5jb2RlIiwianBnIiwiLXF1YWxpdHkgODAiXSxbInAiLCJ0aHVtYiIsIjU5MHg1OTBcdTAwM2UiXV0?sha=21585bfa69f96ab4\" \/><\/p>\n<div class=\"gallery-i-caption\"><\/div>\n<\/div>\n<div class=\"gallery-i\"><img src=\"https:\/\/assets.oxu.az\/uploads\/W1siZiIsIjIwMTgvMTAvMjMvMTcvMzIvMDEvOTZkYjVjYWUtNTMyZC00MjMwLWI1ODgtOTQ2ZDhkYTI2M2M3LzEwLmpwZyJdLFsicCIsImVuY29kZSIsImpwZyIsIi1xdWFsaXR5IDgwIl0sWyJwIiwidGh1bWIiLCI1OTB4NTkwXHUwMDNlIl1d?sha=8f81fbee09a33f9c\" \/><\/p>\n<div class=\"gallery-i-caption\"><\/div>\n<\/div>\n<div class=\"gallery-i\"><img src=\"https:\/\/assets.oxu.az\/uploads\/W1siZiIsIjIwMTgvMTAvMjMvMTcvMzIvMDIvOGExMzIyZmQtMjY0OC00MjYzLTkxMTQtNDQ0MDBiNTJiZjU5LzExLmpwZyJdLFsicCIsImVuY29kZSIsImpwZyIsIi1xdWFsaXR5IDgwIl0sWyJwIiwidGh1bWIiLCI1OTB4NTkwXHUwMDNlIl1d?sha=74e74a7d4e054b3e\" \/><\/p>\n<div class=\"gallery-i-caption\"><\/div>\n<\/div>\n<div class=\"gallery-i\"><img src=\"https:\/\/assets.oxu.az\/uploads\/W1siZiIsIjIwMTgvMTAvMjMvMTcvMzIvMDMvYWYyYWE3Y2MtMDJmNS00Njc5LTlkMmYtNzJiMGJmM2U4NGU5LzEyLmpwZyJdLFsicCIsImVuY29kZSIsImpwZyIsIi1xdWFsaXR5IDgwIl0sWyJwIiwidGh1bWIiLCI1OTB4NTkwXHUwMDNlIl1d?sha=87c25d395b906904\" \/><\/p>\n<div class=\"gallery-i-caption\"><\/div>\n<\/div>\n<div class=\"gallery-i\"><img src=\"https:\/\/assets.oxu.az\/uploads\/W1siZiIsIjIwMTgvMTAvMjMvMTcvMzIvMDMvMGUzMDE2M2ItMjNmZi00MTI3LWJkYTEtNWExMDhkOTg1MWVjLzEzLmpwZyJdLFsicCIsImVuY29kZSIsImpwZyIsIi1xdWFsaXR5IDgwIl0sWyJwIiwidGh1bWIiLCI1OTB4NTkwXHUwMDNlIl1d?sha=84e4a6eb829013f1\" \/><\/p>\n<div class=\"gallery-i-caption\"><\/div>\n<\/div>\n<div class=\"gallery-i\"><img src=\"https:\/\/assets.oxu.az\/uploads\/W1siZiIsIjIwMTgvMTAvMjMvMTcvMzIvMDQvYTRkOTI3OTItOGM1YS00NDEzLTlmMWYtODZjZWM5ODA3ZDNhLzE0LmpwZyJdLFsicCIsImVuY29kZSIsImpwZyIsIi1xdWFsaXR5IDgwIl0sWyJwIiwidGh1bWIiLCI1OTB4NTkwXHUwMDNlIl1d?sha=ecc4d36ee2da41a5\" \/><\/p>\n<div class=\"gallery-i-caption\"><\/div>\n<\/div>\n<div class=\"gallery-i\"><img src=\"https:\/\/assets.oxu.az\/uploads\/W1siZiIsIjIwMTgvMTAvMjMvMTcvMzIvMDUvMDg5NjY2OTctNzQ1ZC00NDNhLThkMDUtZDRmZjZlZDA4MjYyLzE1LmpwZyJdLFsicCIsImVuY29kZSIsImpwZyIsIi1xdWFsaXR5IDgwIl0sWyJwIiwidGh1bWIiLCI1OTB4NTkwXHUwMDNlIl1d?sha=2cb0f9191b727f7d\" \/><\/div>\n<div>oxu.az<\/div>\n<\/div>\n","protected":false},"excerpt":{"rendered":"<p>Oktyabr\u0131n 23-d\u0259 Bak\u0131n\u0131n N\u0259rimanov rayonunda Heyd\u0259r \u018fliyev Fondunun t\u0259\u015f\u0259bb\u00fcs\u00fc il\u0259 in\u015fa olunan 11 sayl\u0131 x\u00fcsusi t\u0259hsil m\u0259kt\u0259binin yeni binas\u0131n\u0131n a\u00e7\u0131l\u0131\u015f\u0131 olub. ARANTV.AZ\u00a0\u00a0x\u0259b\u0259r verir ki, Az\u0259rbaycan Respublikas\u0131n\u0131n Birinci vitse-prezidenti\u00a0Mehriban \u018fliyeva\u00a0a\u00e7\u0131l\u0131\u015fda i\u015ftirak edib. M\u0259kt\u0259bin direktoru \u015eahzad\u0259 \u0130sg\u0259nd\u0259rova burada yarad\u0131lan \u015f\u0259rait bar\u0259d\u0259 Birinci vitse-prezident Mehriban \u018fliyevaya m\u0259lumat verib. Bildirilib ki, 11 sayl\u0131 x\u00fcsusi t\u0259hsil m\u0259kt\u0259bi 1937-ci ild\u0259n f\u0259aliyy\u0259t g\u00f6st\u0259rir. Bu t\u0259hsil oca\u011f\u0131n\u0131n k\u00f6hn\u0259 binas\u0131 1897-ci ild\u0259 in\u015fa edilmi\u015fdi. Heyd\u0259r \u018fliyev Fondu t\u0259r\u0259find\u0259n apar\u0131lan monitorinq n\u0259tic\u0259sind\u0259 m\u0259kt\u0259b binas\u0131n\u0131n t\u0259hsil\u0259 tam yarars\u0131z oldu\u011fu a\u015fkar edilmi\u015f v\u0259 N\u0259rimanov rayonunda m\u0259kt\u0259b \u00fc\u00e7\u00fcn yeni binan\u0131n in\u015fas\u0131na q\u0259rar verilib.&hellip;<\/p>\n","protected":false},"author":2,"featured_media":20817,"comment_status":"closed","ping_status":"closed","sticky":false,"template":"","format":"standard","meta":{"om_disable_all_campaigns":false,"_monsterinsights_skip_tracking":false,"_monsterinsights_sitenote_active":false,"_monsterinsights_sitenote_note":"","_monsterinsights_sitenote_category":0},"categories":[8],"tags":[],"aioseo_notices":[],"gutentor_comment":0,"rttpg_featured_image_url":{"full":["https:\/\/arantv.az\/wp-content\/uploads\/2018\/10\/1-5.jpg",620,422,false],"landscape":["https:\/\/arantv.az\/wp-content\/uploads\/2018\/10\/1-5.jpg",620,422,false],"portraits":["https:\/\/arantv.az\/wp-content\/uploads\/2018\/10\/1-5.jpg",620,422,false],"thumbnail":["https:\/\/arantv.az\/wp-content\/uploads\/2018\/10\/1-5-150x150.jpg",150,150,true],"medium":["https:\/\/arantv.az\/wp-content\/uploads\/2018\/10\/1-5-300x204.jpg",300,204,true],"large":["https:\/\/arantv.az\/wp-content\/uploads\/2018\/10\/1-5.jpg",620,422,false],"1536x1536":["https:\/\/arantv.az\/wp-content\/uploads\/2018\/10\/1-5.jpg",620,422,false],"2048x2048":["https:\/\/arantv.az\/wp-content\/uploads\/2018\/10\/1-5.jpg",620,422,false],"post-thumbnail":["https:\/\/arantv.az\/wp-content\/uploads\/2018\/10\/1-5-240x172.jpg",240,172,true],"advps-thumb-one":["https:\/\/arantv.az\/wp-content\/uploads\/2018\/10\/1-5.jpg",620,422,false]},"rttpg_author":{"display_name":"V\u00fcsal Rafiqo\u011flu","author_link":"https:\/\/arantv.az\/?author=2"},"rttpg_comment":0,"rttpg_category":"<a href=\"https:\/\/arantv.az\/?cat=8\" rel=\"category\">\u018fsas s\u0259hif\u0259<\/a>","rttpg_excerpt":"Oktyabr\u0131n 23-d\u0259 Bak\u0131n\u0131n N\u0259rimanov rayonunda Heyd\u0259r \u018fliyev Fondunun t\u0259\u015f\u0259bb\u00fcs\u00fc il\u0259 in\u015fa olunan 11 sayl\u0131 x\u00fcsusi t\u0259hsil m\u0259kt\u0259binin yeni binas\u0131n\u0131n a\u00e7\u0131l\u0131\u015f\u0131 olub. ARANTV.AZ\u00a0\u00a0x\u0259b\u0259r verir ki, Az\u0259rbaycan Respublikas\u0131n\u0131n Birinci vitse-prezidenti\u00a0Mehriban \u018fliyeva\u00a0a\u00e7\u0131l\u0131\u015fda i\u015ftirak edib. M\u0259kt\u0259bin direktoru \u015eahzad\u0259 \u0130sg\u0259nd\u0259rova burada yarad\u0131lan \u015f\u0259rait bar\u0259d\u0259 Birinci vitse-prezident Mehriban \u018fliyevaya m\u0259lumat verib. Bildirilib ki, 11 sayl\u0131 x\u00fcsusi t\u0259hsil m\u0259kt\u0259bi 1937-ci ild\u0259n f\u0259aliyy\u0259t&hellip;","_links":{"self":[{"href":"https:\/\/arantv.az\/index.php?rest_route=\/wp\/v2\/posts\/20816"}],"collection":[{"href":"https:\/\/arantv.az\/index.php?rest_route=\/wp\/v2\/posts"}],"about":[{"href":"https:\/\/arantv.az\/index.php?rest_route=\/wp\/v2\/types\/post"}],"author":[{"embeddable":true,"href":"https:\/\/arantv.az\/index.php?rest_route=\/wp\/v2\/users\/2"}],"replies":[{"embeddable":true,"href":"https:\/\/arantv.az\/index.php?rest_route=%2Fwp%2Fv2%2Fcomments&post=20816"}],"version-history":[{"count":0,"href":"https:\/\/arantv.az\/index.php?rest_route=\/wp\/v2\/posts\/20816\/revisions"}],"wp:featuredmedia":[{"embeddable":true,"href":"https:\/\/arantv.az\/index.php?rest_route=\/wp\/v2\/media\/20817"}],"wp:attachment":[{"href":"https:\/\/arantv.az\/index.php?rest_route=%2Fwp%2Fv2%2Fmedia&parent=20816"}],"wp:term":[{"taxonomy":"category","embeddable":true,"href":"https:\/\/arantv.az\/index.php?rest_route=%2Fwp%2Fv2%2Fcategories&post=20816"},{"taxonomy":"post_tag","embeddable":true,"href":"https:\/\/arantv.az\/index.php?rest_route=%2Fwp%2Fv2%2Ftags&post=20816"}],"curies":[{"name":"wp","href":"https:\/\/api.w.org\/{rel}","templated":true}]}}