{"id":20848,"date":"2018-10-24T08:22:22","date_gmt":"2018-10-24T05:22:22","guid":{"rendered":"http:\/\/arantv.az\/?p=20848"},"modified":"2018-10-24T08:22:22","modified_gmt":"2018-10-24T05:22:22","slug":"at%c9%99sk%c9%99s-rejimi-30-d%c9%99f%c9%99-pozulub-2","status":"publish","type":"post","link":"https:\/\/arantv.az\/?p=20848","title":{"rendered":"At\u0259\u015fk\u0259s rejimi 30 d\u0259f\u0259 pozulub"},"content":{"rendered":"<p><strong>ARANTV.AZ<\/strong> x\u0259b\u0259r verir ki, Erm\u0259nistan silahl\u0131 q\u00fcvv\u0259l\u0259rinin b\u00f6lm\u0259l\u0259ri c\u0259bh\u0259nin m\u00fcxt\u0259lif istiqam\u0259tl\u0259rind\u0259 sutka \u0259rzind\u0259 at\u0259\u015fk\u0259s rejimini 30 d\u0259f\u0259 pozub.<br \/>\nT\u0259rt\u0259r rayonunun i\u015f\u011fal alt\u0131nda olan \u00c7il\u0259b\u00fcrt, A\u011fdam rayonunun Ba\u015f Q\u0259rv\u0259nd, Yusifcanl\u0131, F\u00fczuli rayonunun A\u015fa\u011f\u0131 Veys\u0259lli, Qaraxanb\u0259yli, K\u00fcrdl\u0259r, C\u0259bray\u0131l rayonunun N\u00fczgar k\u0259ndl\u0259ri yax\u0131nl\u0131\u011f\u0131nda, h\u0259m\u00e7inin Goranboy, T\u0259rt\u0259r, A\u011fdam, Xocav\u0259nd v\u0259 F\u00fczuli rayonlar\u0131 \u0259razisind\u0259ki ads\u0131z y\u00fcks\u0259klikl\u0259rd\u0259 yerl\u0259\u015f\u0259n m\u00f6vqel\u0259rd\u0259n d\u0259 ordumuzun m\u00f6vqel\u0259ri at\u0259\u015f\u0259 tutulub.<\/p>\n","protected":false},"excerpt":{"rendered":"<p>ARANTV.AZ x\u0259b\u0259r verir ki, Erm\u0259nistan silahl\u0131 q\u00fcvv\u0259l\u0259rinin b\u00f6lm\u0259l\u0259ri c\u0259bh\u0259nin m\u00fcxt\u0259lif istiqam\u0259tl\u0259rind\u0259 sutka \u0259rzind\u0259 at\u0259\u015fk\u0259s rejimini 30 d\u0259f\u0259 pozub. T\u0259rt\u0259r rayonunun i\u015f\u011fal alt\u0131nda olan \u00c7il\u0259b\u00fcrt, A\u011fdam rayonunun Ba\u015f Q\u0259rv\u0259nd, Yusifcanl\u0131, F\u00fczuli rayonunun A\u015fa\u011f\u0131 Veys\u0259lli, Qaraxanb\u0259yli, K\u00fcrdl\u0259r, C\u0259bray\u0131l rayonunun N\u00fczgar k\u0259ndl\u0259ri yax\u0131nl\u0131\u011f\u0131nda, h\u0259m\u00e7inin Goranboy, T\u0259rt\u0259r, A\u011fdam, Xocav\u0259nd v\u0259 F\u00fczuli rayonlar\u0131 \u0259razisind\u0259ki ads\u0131z y\u00fcks\u0259klikl\u0259rd\u0259 yerl\u0259\u015f\u0259n m\u00f6vqel\u0259rd\u0259n d\u0259 ordumuzun m\u00f6vqel\u0259ri at\u0259\u015f\u0259 tutulub.<\/p>\n","protected":false},"author":2,"featured_media":20849,"comment_status":"closed","ping_status":"closed","sticky":false,"template":"","format":"standard","meta":{"om_disable_all_campaigns":false,"_monsterinsights_skip_tracking":false,"_monsterinsights_sitenote_active":false,"_monsterinsights_sitenote_note":"","_monsterinsights_sitenote_category":0},"categories":[19],"tags":[],"aioseo_notices":[],"gutentor_comment":0,"rttpg_featured_image_url":{"full":["https:\/\/arantv.az\/wp-content\/uploads\/2018\/10\/trend_karabax_soldier_270217-13.jpg",409,253,false],"landscape":["https:\/\/arantv.az\/wp-content\/uploads\/2018\/10\/trend_karabax_soldier_270217-13.jpg",409,253,false],"portraits":["https:\/\/arantv.az\/wp-content\/uploads\/2018\/10\/trend_karabax_soldier_270217-13.jpg",409,253,false],"thumbnail":["https:\/\/arantv.az\/wp-content\/uploads\/2018\/10\/trend_karabax_soldier_270217-13-150x150.jpg",150,150,true],"medium":["https:\/\/arantv.az\/wp-content\/uploads\/2018\/10\/trend_karabax_soldier_270217-13-300x186.jpg",300,186,true],"large":["https:\/\/arantv.az\/wp-content\/uploads\/2018\/10\/trend_karabax_soldier_270217-13.jpg",409,253,false],"1536x1536":["https:\/\/arantv.az\/wp-content\/uploads\/2018\/10\/trend_karabax_soldier_270217-13.jpg",409,253,false],"2048x2048":["https:\/\/arantv.az\/wp-content\/uploads\/2018\/10\/trend_karabax_soldier_270217-13.jpg",409,253,false],"post-thumbnail":["https:\/\/arantv.az\/wp-content\/uploads\/2018\/10\/trend_karabax_soldier_270217-13-240x172.jpg",240,172,true],"advps-thumb-one":["https:\/\/arantv.az\/wp-content\/uploads\/2018\/10\/trend_karabax_soldier_270217-13.jpg",409,253,false]},"rttpg_author":{"display_name":"V\u00fcsal Rafiqo\u011flu","author_link":"https:\/\/arantv.az\/?author=2"},"rttpg_comment":0,"rttpg_category":"<a href=\"https:\/\/arantv.az\/?cat=19\" rel=\"category\">G\u00fcnd\u0259m<\/a>","rttpg_excerpt":"ARANTV.AZ x\u0259b\u0259r verir ki, Erm\u0259nistan silahl\u0131 q\u00fcvv\u0259l\u0259rinin b\u00f6lm\u0259l\u0259ri c\u0259bh\u0259nin m\u00fcxt\u0259lif istiqam\u0259tl\u0259rind\u0259 sutka \u0259rzind\u0259 at\u0259\u015fk\u0259s rejimini 30 d\u0259f\u0259 pozub. T\u0259rt\u0259r rayonunun i\u015f\u011fal alt\u0131nda olan \u00c7il\u0259b\u00fcrt, A\u011fdam rayonunun Ba\u015f Q\u0259rv\u0259nd, Yusifcanl\u0131, F\u00fczuli rayonunun A\u015fa\u011f\u0131 Veys\u0259lli, Qaraxanb\u0259yli, K\u00fcrdl\u0259r, C\u0259bray\u0131l rayonunun N\u00fczgar k\u0259ndl\u0259ri yax\u0131nl\u0131\u011f\u0131nda, h\u0259m\u00e7inin Goranboy, T\u0259rt\u0259r, A\u011fdam, Xocav\u0259nd v\u0259 F\u00fczuli rayonlar\u0131 \u0259razisind\u0259ki ads\u0131z y\u00fcks\u0259klikl\u0259rd\u0259 yerl\u0259\u015f\u0259n m\u00f6vqel\u0259rd\u0259n d\u0259 ordumuzun&hellip;","_links":{"self":[{"href":"https:\/\/arantv.az\/index.php?rest_route=\/wp\/v2\/posts\/20848"}],"collection":[{"href":"https:\/\/arantv.az\/index.php?rest_route=\/wp\/v2\/posts"}],"about":[{"href":"https:\/\/arantv.az\/index.php?rest_route=\/wp\/v2\/types\/post"}],"author":[{"embeddable":true,"href":"https:\/\/arantv.az\/index.php?rest_route=\/wp\/v2\/users\/2"}],"replies":[{"embeddable":true,"href":"https:\/\/arantv.az\/index.php?rest_route=%2Fwp%2Fv2%2Fcomments&post=20848"}],"version-history":[{"count":0,"href":"https:\/\/arantv.az\/index.php?rest_route=\/wp\/v2\/posts\/20848\/revisions"}],"wp:featuredmedia":[{"embeddable":true,"href":"https:\/\/arantv.az\/index.php?rest_route=\/wp\/v2\/media\/20849"}],"wp:attachment":[{"href":"https:\/\/arantv.az\/index.php?rest_route=%2Fwp%2Fv2%2Fmedia&parent=20848"}],"wp:term":[{"taxonomy":"category","embeddable":true,"href":"https:\/\/arantv.az\/index.php?rest_route=%2Fwp%2Fv2%2Fcategories&post=20848"},{"taxonomy":"post_tag","embeddable":true,"href":"https:\/\/arantv.az\/index.php?rest_route=%2Fwp%2Fv2%2Ftags&post=20848"}],"curies":[{"name":"wp","href":"https:\/\/api.w.org\/{rel}","templated":true}]}}