{"id":20859,"date":"2018-10-24T09:07:50","date_gmt":"2018-10-24T06:07:50","guid":{"rendered":"http:\/\/arantv.az\/?p=20859"},"modified":"2018-10-24T09:07:50","modified_gmt":"2018-10-24T06:07:50","slug":"baki-sakinl%c9%99rinin-dayanacaq-problemi-video","status":"publish","type":"post","link":"https:\/\/arantv.az\/?p=20859","title":{"rendered":"Bak\u0131 sakinl\u0259rinin dayanacaq problemi &#8211; V\u0130DEO"},"content":{"rendered":"<p>Paytaxt\u0131n Azadl\u0131q prospektinin R\u0259sulzad\u0259 q\u0259s\u0259b\u0259si \u0259razisind\u0259 sakinl\u0259r dayanacaq yoxlu\u011fundan \u0259ziyy\u0259t \u00e7\u0259kirl\u0259r. Burada yol boyu iki kilometrd\u0259n art\u0131q m\u0259saf\u0259d\u0259 dayanacaq yoxdur.<\/p>\n<p><strong>ARANTV.AZ<\/strong>-\u0131n \u201cX\u0259z\u0259r\u201d TV-y\u0259 istinad\u0259n m\u0259lumat\u0131na g\u00f6r\u0259, aidiyy\u0259ti\u00a0qurumlar problemd\u0259n\u00a0x\u0259b\u0259rdard\u0131r.<\/p>\n<p>Q\u0259s\u0259b\u0259 sakinl\u0259ri deyirl\u0259r ki, t\u0259xmin\u0259n alt\u0131 il \u0259vv\u0259l park\u0131n yan\u0131nda bir dayanacaq olub. Sonradan\u00a0h\u0259min dayanacaq g\u00f6t\u00fcr\u00fcl\u00fcb. Buna g\u00f6r\u0259 art\u0131q bir ne\u00e7\u0259 ildir ki, q\u0259s\u0259b\u0259 sakinl\u0259ri dayanacaq problemi il\u0259 \u00fcz-\u00fcz\u0259 qal\u0131blar.<\/p>\n<p>Sakinl\u0259r probleml\u0259rinin h\u0259ll edilm\u0259sini ist\u0259yirl\u0259r.<\/p>\n<div><iframe loading=\"lazy\" src=\"https:\/\/www.youtube.com\/embed\/JaI7HeJqHTQ\" width=\"560\" height=\"315\" frameborder=\"0\" allowfullscreen=\"allowfullscreen\" data-mce-fragment=\"1\"><\/iframe><\/div>\n<p>&nbsp;<\/p>\n","protected":false},"excerpt":{"rendered":"<p>Paytaxt\u0131n Azadl\u0131q prospektinin R\u0259sulzad\u0259 q\u0259s\u0259b\u0259si \u0259razisind\u0259 sakinl\u0259r dayanacaq yoxlu\u011fundan \u0259ziyy\u0259t \u00e7\u0259kirl\u0259r. Burada yol boyu iki kilometrd\u0259n art\u0131q m\u0259saf\u0259d\u0259 dayanacaq yoxdur. ARANTV.AZ-\u0131n \u201cX\u0259z\u0259r\u201d TV-y\u0259 istinad\u0259n m\u0259lumat\u0131na g\u00f6r\u0259, aidiyy\u0259ti\u00a0qurumlar problemd\u0259n\u00a0x\u0259b\u0259rdard\u0131r. Q\u0259s\u0259b\u0259 sakinl\u0259ri deyirl\u0259r ki, t\u0259xmin\u0259n alt\u0131 il \u0259vv\u0259l park\u0131n yan\u0131nda bir dayanacaq olub. Sonradan\u00a0h\u0259min dayanacaq g\u00f6t\u00fcr\u00fcl\u00fcb. Buna g\u00f6r\u0259 art\u0131q bir ne\u00e7\u0259 ildir ki, q\u0259s\u0259b\u0259 sakinl\u0259ri dayanacaq problemi il\u0259 \u00fcz-\u00fcz\u0259 qal\u0131blar. Sakinl\u0259r probleml\u0259rinin h\u0259ll edilm\u0259sini ist\u0259yirl\u0259r. &nbsp;<\/p>\n","protected":false},"author":2,"featured_media":20860,"comment_status":"closed","ping_status":"closed","sticky":false,"template":"","format":"standard","meta":{"om_disable_all_campaigns":false,"_monsterinsights_skip_tracking":false,"_monsterinsights_sitenote_active":false,"_monsterinsights_sitenote_note":"","_monsterinsights_sitenote_category":0},"categories":[1],"tags":[],"aioseo_notices":[],"gutentor_comment":0,"rttpg_featured_image_url":{"full":["https:\/\/arantv.az\/wp-content\/uploads\/2018\/10\/dayanacaq-1.jpg",620,413,false],"landscape":["https:\/\/arantv.az\/wp-content\/uploads\/2018\/10\/dayanacaq-1.jpg",620,413,false],"portraits":["https:\/\/arantv.az\/wp-content\/uploads\/2018\/10\/dayanacaq-1.jpg",620,413,false],"thumbnail":["https:\/\/arantv.az\/wp-content\/uploads\/2018\/10\/dayanacaq-1-150x150.jpg",150,150,true],"medium":["https:\/\/arantv.az\/wp-content\/uploads\/2018\/10\/dayanacaq-1-300x200.jpg",300,200,true],"large":["https:\/\/arantv.az\/wp-content\/uploads\/2018\/10\/dayanacaq-1.jpg",620,413,false],"1536x1536":["https:\/\/arantv.az\/wp-content\/uploads\/2018\/10\/dayanacaq-1.jpg",620,413,false],"2048x2048":["https:\/\/arantv.az\/wp-content\/uploads\/2018\/10\/dayanacaq-1.jpg",620,413,false],"post-thumbnail":["https:\/\/arantv.az\/wp-content\/uploads\/2018\/10\/dayanacaq-1-240x172.jpg",240,172,true],"advps-thumb-one":["https:\/\/arantv.az\/wp-content\/uploads\/2018\/10\/dayanacaq-1.jpg",620,413,false]},"rttpg_author":{"display_name":"V\u00fcsal Rafiqo\u011flu","author_link":"https:\/\/arantv.az\/?author=2"},"rttpg_comment":0,"rttpg_category":"<a href=\"https:\/\/arantv.az\/?cat=1\" rel=\"category\">C\u0259miyy\u0259t<\/a>","rttpg_excerpt":"Paytaxt\u0131n Azadl\u0131q prospektinin R\u0259sulzad\u0259 q\u0259s\u0259b\u0259si \u0259razisind\u0259 sakinl\u0259r dayanacaq yoxlu\u011fundan \u0259ziyy\u0259t \u00e7\u0259kirl\u0259r. Burada yol boyu iki kilometrd\u0259n art\u0131q m\u0259saf\u0259d\u0259 dayanacaq yoxdur. ARANTV.AZ-\u0131n \u201cX\u0259z\u0259r\u201d TV-y\u0259 istinad\u0259n m\u0259lumat\u0131na g\u00f6r\u0259, aidiyy\u0259ti\u00a0qurumlar problemd\u0259n\u00a0x\u0259b\u0259rdard\u0131r. Q\u0259s\u0259b\u0259 sakinl\u0259ri deyirl\u0259r ki, t\u0259xmin\u0259n alt\u0131 il \u0259vv\u0259l park\u0131n yan\u0131nda bir dayanacaq olub. Sonradan\u00a0h\u0259min dayanacaq g\u00f6t\u00fcr\u00fcl\u00fcb. Buna g\u00f6r\u0259 art\u0131q bir ne\u00e7\u0259 ildir ki, q\u0259s\u0259b\u0259 sakinl\u0259ri dayanacaq problemi&hellip;","_links":{"self":[{"href":"https:\/\/arantv.az\/index.php?rest_route=\/wp\/v2\/posts\/20859"}],"collection":[{"href":"https:\/\/arantv.az\/index.php?rest_route=\/wp\/v2\/posts"}],"about":[{"href":"https:\/\/arantv.az\/index.php?rest_route=\/wp\/v2\/types\/post"}],"author":[{"embeddable":true,"href":"https:\/\/arantv.az\/index.php?rest_route=\/wp\/v2\/users\/2"}],"replies":[{"embeddable":true,"href":"https:\/\/arantv.az\/index.php?rest_route=%2Fwp%2Fv2%2Fcomments&post=20859"}],"version-history":[{"count":0,"href":"https:\/\/arantv.az\/index.php?rest_route=\/wp\/v2\/posts\/20859\/revisions"}],"wp:featuredmedia":[{"embeddable":true,"href":"https:\/\/arantv.az\/index.php?rest_route=\/wp\/v2\/media\/20860"}],"wp:attachment":[{"href":"https:\/\/arantv.az\/index.php?rest_route=%2Fwp%2Fv2%2Fmedia&parent=20859"}],"wp:term":[{"taxonomy":"category","embeddable":true,"href":"https:\/\/arantv.az\/index.php?rest_route=%2Fwp%2Fv2%2Fcategories&post=20859"},{"taxonomy":"post_tag","embeddable":true,"href":"https:\/\/arantv.az\/index.php?rest_route=%2Fwp%2Fv2%2Ftags&post=20859"}],"curies":[{"name":"wp","href":"https:\/\/api.w.org\/{rel}","templated":true}]}}