{"id":20876,"date":"2018-10-24T09:20:29","date_gmt":"2018-10-24T06:20:29","guid":{"rendered":"http:\/\/arantv.az\/?p=20876"},"modified":"2018-10-24T09:20:29","modified_gmt":"2018-10-24T06:20:29","slug":"bakida-18-yasli-g%c9%99lin-itkin-dusdu","status":"publish","type":"post","link":"https:\/\/arantv.az\/?p=20876","title":{"rendered":"Bak\u0131da 18 ya\u015fl\u0131 g\u0259lin itkin d\u00fc\u015fd\u00fc"},"content":{"rendered":"<p><strong>Bak\u0131da g\u0259lin itkin d\u00fc\u015f\u00fcb.<\/strong><\/p>\n<p><strong>ARANTV.AZ<\/strong> trend-\u0259 istinad\u0259n x\u0259b\u0259r verir ki, hadis\u0259 paytaxt\u0131n Bin\u0259q\u0259di rayonu, Bil\u0259c\u0259ri q\u0259s\u0259b\u0259sind\u0259 ba\u015f verib.<\/p>\n<p>Bil\u0259c\u0259ri q\u0259s\u0259b\u0259si, 5-ci d\u00f6ng\u0259, n\u00f6mr\u0259siz f\u0259rdi ya\u015fay\u0131\u015f evind\u0259 ya\u015fayan 1996-c\u0131 il t\u0259v\u0259ll\u00fcdl\u00fc \u0130smay\u0131lov Vaqif H\u0259s\u0259nxan o\u011flu Bin\u0259q\u0259di rayon Polis \u0130dar\u0259sinin 6-c\u0131 polis b\u00f6lm\u0259sin\u0259 m\u00fcraci\u0259t ed\u0259r\u0259k bildirib ki, oktyabr\u0131n 23-d\u0259 saat 13 rad\u0259l\u0259rind\u0259 onunla birlikd\u0259 ya\u015fayan h\u0259yat yolda\u015f\u0131, 2000-ci il t\u0259v\u0259ll\u00fcdl\u00fc \u018fs\u0259dullayeva G\u00fclnar\u0259 Atabala q\u0131z\u0131 ya\u015fad\u0131qlar\u0131 evd\u0259n \u00e7\u0131x\u0131b v\u0259 bir daha geri qay\u0131tmay\u0131b.<\/p>\n<p>Faktla ba\u011fl\u0131 polis ara\u015fd\u0131rmalara ba\u015flay\u0131b.<\/p>\n","protected":false},"excerpt":{"rendered":"<p>Bak\u0131da g\u0259lin itkin d\u00fc\u015f\u00fcb. ARANTV.AZ trend-\u0259 istinad\u0259n x\u0259b\u0259r verir ki, hadis\u0259 paytaxt\u0131n Bin\u0259q\u0259di rayonu, Bil\u0259c\u0259ri q\u0259s\u0259b\u0259sind\u0259 ba\u015f verib. Bil\u0259c\u0259ri q\u0259s\u0259b\u0259si, 5-ci d\u00f6ng\u0259, n\u00f6mr\u0259siz f\u0259rdi ya\u015fay\u0131\u015f evind\u0259 ya\u015fayan 1996-c\u0131 il t\u0259v\u0259ll\u00fcdl\u00fc \u0130smay\u0131lov Vaqif H\u0259s\u0259nxan o\u011flu Bin\u0259q\u0259di rayon Polis \u0130dar\u0259sinin 6-c\u0131 polis b\u00f6lm\u0259sin\u0259 m\u00fcraci\u0259t ed\u0259r\u0259k bildirib ki, oktyabr\u0131n 23-d\u0259 saat 13 rad\u0259l\u0259rind\u0259 onunla birlikd\u0259 ya\u015fayan h\u0259yat yolda\u015f\u0131, 2000-ci il t\u0259v\u0259ll\u00fcdl\u00fc \u018fs\u0259dullayeva G\u00fclnar\u0259 Atabala q\u0131z\u0131 ya\u015fad\u0131qlar\u0131 evd\u0259n \u00e7\u0131x\u0131b v\u0259 bir daha geri qay\u0131tmay\u0131b. Faktla ba\u011fl\u0131 polis ara\u015fd\u0131rmalara ba\u015flay\u0131b.<\/p>\n","protected":false},"author":2,"featured_media":20877,"comment_status":"closed","ping_status":"closed","sticky":false,"template":"","format":"standard","meta":{"om_disable_all_campaigns":false,"_monsterinsights_skip_tracking":false,"_monsterinsights_sitenote_active":false,"_monsterinsights_sitenote_note":"","_monsterinsights_sitenote_category":0},"categories":[5],"tags":[],"aioseo_notices":[],"gutentor_comment":0,"rttpg_featured_image_url":{"full":["https:\/\/arantv.az\/wp-content\/uploads\/2018\/10\/itkin_0003-1.jpg",482,361,false],"landscape":["https:\/\/arantv.az\/wp-content\/uploads\/2018\/10\/itkin_0003-1.jpg",482,361,false],"portraits":["https:\/\/arantv.az\/wp-content\/uploads\/2018\/10\/itkin_0003-1.jpg",482,361,false],"thumbnail":["https:\/\/arantv.az\/wp-content\/uploads\/2018\/10\/itkin_0003-1-150x150.jpg",150,150,true],"medium":["https:\/\/arantv.az\/wp-content\/uploads\/2018\/10\/itkin_0003-1-300x225.jpg",300,225,true],"large":["https:\/\/arantv.az\/wp-content\/uploads\/2018\/10\/itkin_0003-1.jpg",482,361,false],"1536x1536":["https:\/\/arantv.az\/wp-content\/uploads\/2018\/10\/itkin_0003-1.jpg",482,361,false],"2048x2048":["https:\/\/arantv.az\/wp-content\/uploads\/2018\/10\/itkin_0003-1.jpg",482,361,false],"post-thumbnail":["https:\/\/arantv.az\/wp-content\/uploads\/2018\/10\/itkin_0003-1-240x172.jpg",240,172,true],"advps-thumb-one":["https:\/\/arantv.az\/wp-content\/uploads\/2018\/10\/itkin_0003-1.jpg",482,361,false]},"rttpg_author":{"display_name":"V\u00fcsal Rafiqo\u011flu","author_link":"https:\/\/arantv.az\/?author=2"},"rttpg_comment":0,"rttpg_category":"<a href=\"https:\/\/arantv.az\/?cat=5\" rel=\"category\">Hadis\u0259<\/a>","rttpg_excerpt":"Bak\u0131da g\u0259lin itkin d\u00fc\u015f\u00fcb. ARANTV.AZ trend-\u0259 istinad\u0259n x\u0259b\u0259r verir ki, hadis\u0259 paytaxt\u0131n Bin\u0259q\u0259di rayonu, Bil\u0259c\u0259ri q\u0259s\u0259b\u0259sind\u0259 ba\u015f verib. Bil\u0259c\u0259ri q\u0259s\u0259b\u0259si, 5-ci d\u00f6ng\u0259, n\u00f6mr\u0259siz f\u0259rdi ya\u015fay\u0131\u015f evind\u0259 ya\u015fayan 1996-c\u0131 il t\u0259v\u0259ll\u00fcdl\u00fc \u0130smay\u0131lov Vaqif H\u0259s\u0259nxan o\u011flu Bin\u0259q\u0259di rayon Polis \u0130dar\u0259sinin 6-c\u0131 polis b\u00f6lm\u0259sin\u0259 m\u00fcraci\u0259t ed\u0259r\u0259k bildirib ki, oktyabr\u0131n 23-d\u0259 saat 13 rad\u0259l\u0259rind\u0259 onunla birlikd\u0259 ya\u015fayan h\u0259yat yolda\u015f\u0131,&hellip;","_links":{"self":[{"href":"https:\/\/arantv.az\/index.php?rest_route=\/wp\/v2\/posts\/20876"}],"collection":[{"href":"https:\/\/arantv.az\/index.php?rest_route=\/wp\/v2\/posts"}],"about":[{"href":"https:\/\/arantv.az\/index.php?rest_route=\/wp\/v2\/types\/post"}],"author":[{"embeddable":true,"href":"https:\/\/arantv.az\/index.php?rest_route=\/wp\/v2\/users\/2"}],"replies":[{"embeddable":true,"href":"https:\/\/arantv.az\/index.php?rest_route=%2Fwp%2Fv2%2Fcomments&post=20876"}],"version-history":[{"count":0,"href":"https:\/\/arantv.az\/index.php?rest_route=\/wp\/v2\/posts\/20876\/revisions"}],"wp:featuredmedia":[{"embeddable":true,"href":"https:\/\/arantv.az\/index.php?rest_route=\/wp\/v2\/media\/20877"}],"wp:attachment":[{"href":"https:\/\/arantv.az\/index.php?rest_route=%2Fwp%2Fv2%2Fmedia&parent=20876"}],"wp:term":[{"taxonomy":"category","embeddable":true,"href":"https:\/\/arantv.az\/index.php?rest_route=%2Fwp%2Fv2%2Fcategories&post=20876"},{"taxonomy":"post_tag","embeddable":true,"href":"https:\/\/arantv.az\/index.php?rest_route=%2Fwp%2Fv2%2Ftags&post=20876"}],"curies":[{"name":"wp","href":"https:\/\/api.w.org\/{rel}","templated":true}]}}