{"id":20888,"date":"2018-10-24T09:28:01","date_gmt":"2018-10-24T06:28:01","guid":{"rendered":"http:\/\/arantv.az\/?p=20888"},"modified":"2018-10-24T09:28:01","modified_gmt":"2018-10-24T06:28:01","slug":"cingiz-q%c9%99nizad%c9%99-v%c9%99-sahin-ismayilova-milli-m%c9%99clisd%c9%99-yeni-v%c9%99zif%c9%99-veril%c9%99c%c9%99k","status":"publish","type":"post","link":"https:\/\/arantv.az\/?p=20888","title":{"rendered":"\u00c7ingiz Q\u0259nizad\u0259 v\u0259 \u015eahin \u0130smay\u0131lova Milli M\u0259clisd\u0259 yeni v\u0259zif\u0259 veril\u0259c\u0259k"},"content":{"rendered":"<div class=\"spot\">Milli M\u0259clisin (MM) oktyabr\u0131n 30-da ke\u00e7iril\u0259c\u0259k plenar iclas\u0131nda parlamentin iki komit\u0259sin\u0259 s\u0259dr m\u00fcavini se\u00e7il\u0259c\u0259k.<\/div>\n<p><strong>ARANTV.AZ<\/strong>-\u0131n Report-a istinad\u0259n x\u0259b\u0259rin\u0259 g\u00f6r\u0259, MM-in H\u00fcquq siyas\u0259ti v\u0259 d\u00f6vl\u0259t quruculu\u011fu komit\u0259sinin s\u0259dr m\u00fcavini v\u0259zif\u0259sin\u0259 \u00c7ingiz Q\u0259nizad\u0259nin, G\u0259ncl\u0259r v\u0259 idman komit\u0259sinin s\u0259dr m\u00fcavini v\u0259zif\u0259sin\u0259 is\u0259 \u015eahin \u0130smay\u0131lovun namiz\u0259dliyi ir\u0259li s\u00fcr\u00fcl\u00fcb.<\/p>\n<p>N\u00f6vb\u0259ti plenar iclasda h\u0259r iki deputat\u0131n namiz\u0259dliyi m\u00fczakir\u0259 olunacaq v\u0259 s\u0259sverm\u0259y\u0259 \u00e7\u0131xar\u0131lacaq.<\/p>\n<div id=\"AdributorNativeVideo0\" class=\"AdributorNativeVideo\"><\/div>\n<p>Deputatlar parlamentin komit\u0259 s\u0259dri t\u0259yin olunacaqlar\u0131 t\u0259qdird\u0259, onlar\u0131n maa\u015flar\u0131 da art\u0131r\u0131lacaq.<\/p>\n","protected":false},"excerpt":{"rendered":"<p>Milli M\u0259clisin (MM) oktyabr\u0131n 30-da ke\u00e7iril\u0259c\u0259k plenar iclas\u0131nda parlamentin iki komit\u0259sin\u0259 s\u0259dr m\u00fcavini se\u00e7il\u0259c\u0259k. ARANTV.AZ-\u0131n Report-a istinad\u0259n x\u0259b\u0259rin\u0259 g\u00f6r\u0259, MM-in H\u00fcquq siyas\u0259ti v\u0259 d\u00f6vl\u0259t quruculu\u011fu komit\u0259sinin s\u0259dr m\u00fcavini v\u0259zif\u0259sin\u0259 \u00c7ingiz Q\u0259nizad\u0259nin, G\u0259ncl\u0259r v\u0259 idman komit\u0259sinin s\u0259dr m\u00fcavini v\u0259zif\u0259sin\u0259 is\u0259 \u015eahin \u0130smay\u0131lovun namiz\u0259dliyi ir\u0259li s\u00fcr\u00fcl\u00fcb. N\u00f6vb\u0259ti plenar iclasda h\u0259r iki deputat\u0131n namiz\u0259dliyi m\u00fczakir\u0259 olunacaq v\u0259 s\u0259sverm\u0259y\u0259 \u00e7\u0131xar\u0131lacaq. Deputatlar parlamentin komit\u0259 s\u0259dri t\u0259yin olunacaqlar\u0131 t\u0259qdird\u0259, onlar\u0131n maa\u015flar\u0131 da art\u0131r\u0131lacaq.<\/p>\n","protected":false},"author":2,"featured_media":20889,"comment_status":"closed","ping_status":"closed","sticky":false,"template":"","format":"standard","meta":{"om_disable_all_campaigns":false,"_monsterinsights_skip_tracking":false,"_monsterinsights_sitenote_active":false,"_monsterinsights_sitenote_note":"","_monsterinsights_sitenote_category":0},"categories":[4],"tags":[],"aioseo_notices":[],"gutentor_comment":0,"rttpg_featured_image_url":{"full":["https:\/\/arantv.az\/wp-content\/uploads\/2018\/10\/cingizs.jpg",620,375,false],"landscape":["https:\/\/arantv.az\/wp-content\/uploads\/2018\/10\/cingizs.jpg",620,375,false],"portraits":["https:\/\/arantv.az\/wp-content\/uploads\/2018\/10\/cingizs.jpg",620,375,false],"thumbnail":["https:\/\/arantv.az\/wp-content\/uploads\/2018\/10\/cingizs-150x150.jpg",150,150,true],"medium":["https:\/\/arantv.az\/wp-content\/uploads\/2018\/10\/cingizs-300x181.jpg",300,181,true],"large":["https:\/\/arantv.az\/wp-content\/uploads\/2018\/10\/cingizs.jpg",620,375,false],"1536x1536":["https:\/\/arantv.az\/wp-content\/uploads\/2018\/10\/cingizs.jpg",620,375,false],"2048x2048":["https:\/\/arantv.az\/wp-content\/uploads\/2018\/10\/cingizs.jpg",620,375,false],"post-thumbnail":["https:\/\/arantv.az\/wp-content\/uploads\/2018\/10\/cingizs-240x172.jpg",240,172,true],"advps-thumb-one":["https:\/\/arantv.az\/wp-content\/uploads\/2018\/10\/cingizs.jpg",620,375,false]},"rttpg_author":{"display_name":"V\u00fcsal Rafiqo\u011flu","author_link":"https:\/\/arantv.az\/?author=2"},"rttpg_comment":0,"rttpg_category":"<a href=\"https:\/\/arantv.az\/?cat=4\" rel=\"category\">Siyas\u0259t<\/a>","rttpg_excerpt":"Milli M\u0259clisin (MM) oktyabr\u0131n 30-da ke\u00e7iril\u0259c\u0259k plenar iclas\u0131nda parlamentin iki komit\u0259sin\u0259 s\u0259dr m\u00fcavini se\u00e7il\u0259c\u0259k. ARANTV.AZ-\u0131n Report-a istinad\u0259n x\u0259b\u0259rin\u0259 g\u00f6r\u0259, MM-in H\u00fcquq siyas\u0259ti v\u0259 d\u00f6vl\u0259t quruculu\u011fu komit\u0259sinin s\u0259dr m\u00fcavini v\u0259zif\u0259sin\u0259 \u00c7ingiz Q\u0259nizad\u0259nin, G\u0259ncl\u0259r v\u0259 idman komit\u0259sinin s\u0259dr m\u00fcavini v\u0259zif\u0259sin\u0259 is\u0259 \u015eahin \u0130smay\u0131lovun namiz\u0259dliyi ir\u0259li s\u00fcr\u00fcl\u00fcb. N\u00f6vb\u0259ti plenar iclasda h\u0259r iki deputat\u0131n namiz\u0259dliyi m\u00fczakir\u0259 olunacaq v\u0259 s\u0259sverm\u0259y\u0259&hellip;","_links":{"self":[{"href":"https:\/\/arantv.az\/index.php?rest_route=\/wp\/v2\/posts\/20888"}],"collection":[{"href":"https:\/\/arantv.az\/index.php?rest_route=\/wp\/v2\/posts"}],"about":[{"href":"https:\/\/arantv.az\/index.php?rest_route=\/wp\/v2\/types\/post"}],"author":[{"embeddable":true,"href":"https:\/\/arantv.az\/index.php?rest_route=\/wp\/v2\/users\/2"}],"replies":[{"embeddable":true,"href":"https:\/\/arantv.az\/index.php?rest_route=%2Fwp%2Fv2%2Fcomments&post=20888"}],"version-history":[{"count":0,"href":"https:\/\/arantv.az\/index.php?rest_route=\/wp\/v2\/posts\/20888\/revisions"}],"wp:featuredmedia":[{"embeddable":true,"href":"https:\/\/arantv.az\/index.php?rest_route=\/wp\/v2\/media\/20889"}],"wp:attachment":[{"href":"https:\/\/arantv.az\/index.php?rest_route=%2Fwp%2Fv2%2Fmedia&parent=20888"}],"wp:term":[{"taxonomy":"category","embeddable":true,"href":"https:\/\/arantv.az\/index.php?rest_route=%2Fwp%2Fv2%2Fcategories&post=20888"},{"taxonomy":"post_tag","embeddable":true,"href":"https:\/\/arantv.az\/index.php?rest_route=%2Fwp%2Fv2%2Ftags&post=20888"}],"curies":[{"name":"wp","href":"https:\/\/api.w.org\/{rel}","templated":true}]}}