{"id":20928,"date":"2018-10-24T10:18:04","date_gmt":"2018-10-24T07:18:04","guid":{"rendered":"http:\/\/arantv.az\/?p=20928"},"modified":"2018-10-24T10:18:04","modified_gmt":"2018-10-24T07:18:04","slug":"g%c9%99l%c9%99n-il-ucun-formula-1-az%c9%99rbaycan-qran-prisin%c9%99-hazirliqlar-baslanilib","status":"publish","type":"post","link":"https:\/\/arantv.az\/?p=20928","title":{"rendered":"G\u0259l\u0259n il \u00fc\u00e7\u00fcn Formula-1 Az\u0259rbaycan Qran Prisin\u0259 haz\u0131rl\u0131qlar ba\u015flan\u0131l\u0131b"},"content":{"rendered":"<p><strong>ARANTV.AZ<\/strong> x\u0259b\u0259r verir ki, g\u0259l\u0259n ilin<strong>\u00a0<\/strong>aprelind\u0259 Bak\u0131da ke\u00e7iril\u0259c\u0259k Formula 1 Az\u0259rbaycan Qran Prisinin haz\u0131rl\u0131qlar\u0131na ba\u015flan\u0131l\u0131b. Haz\u0131rda yar\u0131\u015flara bilet sat\u0131\u015f\u0131 davam edir. N\u00f6vb\u0259ti aydan etibar\u0259n is\u0259 trekin tikintisin\u0259 start veril\u0259c\u0259k.<\/p>\n<p>Paytaxt\u00a0Bak\u0131, n\u00f6vb\u0259ti il d\u0259 azarke\u015fl\u0259ri Formula 1 yar\u0131\u015flar\u0131n\u0131 izl\u0259m\u0259y\u0259 d\u0259v\u0259t edir. Formula 1-2019 Az\u0259rbaycan Qran Prisi \u0259vv\u0259lki kimi m\u00f6vs\u00fcm\u00fcn \u0259n yax\u015f\u0131s\u0131 se\u00e7ilm\u0259y\u0259 iddial\u0131d\u0131r v\u0259 bu ada nominantd\u0131r. Art\u0131q yar\u0131\u015flara haz\u0131rl\u0131q prosesin\u0259 start verilib. Bak\u0131n\u0131n m\u0259rk\u0259zind\u0259 6 km-lik zonada t\u0259\u015fkil edil\u0259c\u0259k trekin\u00a0 tikinti i\u015fl\u0259rin\u0259 g\u0259l\u0259n aydan ba\u015flan\u0131lacaq.<\/p>\n<p>500 milyon insan\u0131n izl\u0259diyi Formula 1 yar\u0131\u015f\u0131 Az\u0259rbaycan\u0131n tan\u0131t\u0131m\u0131, turistl\u0259rin c\u0259lb edilm\u0259si \u00fc\u00e7\u00fcn \u0259n u\u011furlu layih\u0259l\u0259rd\u0259n hesab edilir. Formula-1-l\u0259 \u0259laq\u0259dar n\u00f6vb\u0259ti il daha \u00e7ox turistin \u00f6lk\u0259miz\u0259 g\u0259l\u0259c\u0259yi g\u00f6zl\u0259nilir. Bilet sat\u0131\u015f\u0131nda da art\u0131m proqnozla\u015fd\u0131r\u0131l\u0131r. Yar\u0131\u015f azarke\u015fl\u0259rin\u0259 t\u0259qdim edil\u0259c\u0259k proqram is\u0259 daha maraql\u0131 olacaq.<\/p>\n<p>G\u0259l\u0259n il aprelin\u00a026-dan 28-d\u0259k ke\u00e7iril\u0259c\u0259k Formula 1 yar\u0131\u015flar\u0131na daha \u00e7ox turist c\u0259lb<strong>\u00a0<\/strong>etm\u0259k \u00fc\u00e7\u00fcn aksiyalar-reklam v\u0259 tan\u0131t\u0131m kampaniyalar\u0131\u00a0 t\u0259\u015fkil edilir. Yar\u0131\u015flara bilet almaq ist\u0259y\u0259nl\u0259r \u00fc\u00e7\u00fcn d\u0259 g\u00fcz\u0259\u015ftl\u0259r davam edir.\u00a0 4 g\u00fcnl\u00fck biletl\u0259rd\u0259\u00a0 \u0259cn\u0259bil\u0259r\u0259 20%-lik endirim, yerli formula 1 azarke\u015fl\u0259rin\u0259 is\u0259 25%-lik g\u00fcz\u0259\u015ftl\u0259r t\u0259klif edilir. Biletl\u0259r yar\u0131\u015f g\u00fcnl\u0259rind\u0259 trekd\u0259n k\u0259narda ba\u015f tutacaq \u0259yl\u0259nc\u0259 t\u0259dbirl\u0259rin\u0259 qat\u0131lmaq, h\u0259m\u00e7inin c\u00fcm\u0259 ax\u015fam\u0131 g\u00fcn\u00fc ke\u00e7iril\u0259c\u0259k Pit Yolu y\u00fcr\u00fc\u015f\u00fcnd\u0259 i\u015ftirak etm\u0259k imkan\u0131 ver\u0259c\u0259k. F-1 h\u0259v\u0259skarlar\u0131 komandalar\u0131n pilotlar\u0131n\u0131n yar\u0131\u015flara haz\u0131rl\u0131qlar\u0131n\u0131 da izl\u0259y\u0259 bil\u0259c\u0259kl\u0259r.<\/p>\n<p>&nbsp;<\/p>\n","protected":false},"excerpt":{"rendered":"<p>ARANTV.AZ x\u0259b\u0259r verir ki, g\u0259l\u0259n ilin\u00a0aprelind\u0259 Bak\u0131da ke\u00e7iril\u0259c\u0259k Formula 1 Az\u0259rbaycan Qran Prisinin haz\u0131rl\u0131qlar\u0131na ba\u015flan\u0131l\u0131b. Haz\u0131rda yar\u0131\u015flara bilet sat\u0131\u015f\u0131 davam edir. N\u00f6vb\u0259ti aydan etibar\u0259n is\u0259 trekin tikintisin\u0259 start veril\u0259c\u0259k. Paytaxt\u00a0Bak\u0131, n\u00f6vb\u0259ti il d\u0259 azarke\u015fl\u0259ri Formula 1 yar\u0131\u015flar\u0131n\u0131 izl\u0259m\u0259y\u0259 d\u0259v\u0259t edir. Formula 1-2019 Az\u0259rbaycan Qran Prisi \u0259vv\u0259lki kimi m\u00f6vs\u00fcm\u00fcn \u0259n yax\u015f\u0131s\u0131 se\u00e7ilm\u0259y\u0259 iddial\u0131d\u0131r v\u0259 bu ada nominantd\u0131r. Art\u0131q yar\u0131\u015flara haz\u0131rl\u0131q prosesin\u0259 start verilib. Bak\u0131n\u0131n m\u0259rk\u0259zind\u0259 6 km-lik zonada t\u0259\u015fkil edil\u0259c\u0259k trekin\u00a0 tikinti i\u015fl\u0259rin\u0259 g\u0259l\u0259n aydan ba\u015flan\u0131lacaq. 500 milyon insan\u0131n izl\u0259diyi Formula 1 yar\u0131\u015f\u0131 Az\u0259rbaycan\u0131n tan\u0131t\u0131m\u0131, turistl\u0259rin c\u0259lb edilm\u0259si \u00fc\u00e7\u00fcn \u0259n u\u011furlu&hellip;<\/p>\n","protected":false},"author":2,"featured_media":20929,"comment_status":"closed","ping_status":"closed","sticky":false,"template":"","format":"standard","meta":{"om_disable_all_campaigns":false,"_monsterinsights_skip_tracking":false,"_monsterinsights_sitenote_active":false,"_monsterinsights_sitenote_note":"","_monsterinsights_sitenote_category":0},"categories":[6],"tags":[],"aioseo_notices":[],"gutentor_comment":0,"rttpg_featured_image_url":{"full":["https:\/\/arantv.az\/wp-content\/uploads\/2018\/10\/fc771gs4kj4nlricdk66ad25b3f-1.jpg",800,600,false],"landscape":["https:\/\/arantv.az\/wp-content\/uploads\/2018\/10\/fc771gs4kj4nlricdk66ad25b3f-1.jpg",800,600,false],"portraits":["https:\/\/arantv.az\/wp-content\/uploads\/2018\/10\/fc771gs4kj4nlricdk66ad25b3f-1.jpg",800,600,false],"thumbnail":["https:\/\/arantv.az\/wp-content\/uploads\/2018\/10\/fc771gs4kj4nlricdk66ad25b3f-1-150x150.jpg",150,150,true],"medium":["https:\/\/arantv.az\/wp-content\/uploads\/2018\/10\/fc771gs4kj4nlricdk66ad25b3f-1-300x225.jpg",300,225,true],"large":["https:\/\/arantv.az\/wp-content\/uploads\/2018\/10\/fc771gs4kj4nlricdk66ad25b3f-1.jpg",640,480,false],"1536x1536":["https:\/\/arantv.az\/wp-content\/uploads\/2018\/10\/fc771gs4kj4nlricdk66ad25b3f-1.jpg",800,600,false],"2048x2048":["https:\/\/arantv.az\/wp-content\/uploads\/2018\/10\/fc771gs4kj4nlricdk66ad25b3f-1.jpg",800,600,false],"post-thumbnail":["https:\/\/arantv.az\/wp-content\/uploads\/2018\/10\/fc771gs4kj4nlricdk66ad25b3f-1-240x172.jpg",240,172,true],"advps-thumb-one":["https:\/\/arantv.az\/wp-content\/uploads\/2018\/10\/fc771gs4kj4nlricdk66ad25b3f-1.jpg",800,600,false]},"rttpg_author":{"display_name":"V\u00fcsal Rafiqo\u011flu","author_link":"https:\/\/arantv.az\/?author=2"},"rttpg_comment":0,"rttpg_category":"<a href=\"https:\/\/arantv.az\/?cat=6\" rel=\"category\">\u0130dman<\/a>","rttpg_excerpt":"ARANTV.AZ x\u0259b\u0259r verir ki, g\u0259l\u0259n ilin\u00a0aprelind\u0259 Bak\u0131da ke\u00e7iril\u0259c\u0259k Formula 1 Az\u0259rbaycan Qran Prisinin haz\u0131rl\u0131qlar\u0131na ba\u015flan\u0131l\u0131b. Haz\u0131rda yar\u0131\u015flara bilet sat\u0131\u015f\u0131 davam edir. N\u00f6vb\u0259ti aydan etibar\u0259n is\u0259 trekin tikintisin\u0259 start veril\u0259c\u0259k. Paytaxt\u00a0Bak\u0131, n\u00f6vb\u0259ti il d\u0259 azarke\u015fl\u0259ri Formula 1 yar\u0131\u015flar\u0131n\u0131 izl\u0259m\u0259y\u0259 d\u0259v\u0259t edir. Formula 1-2019 Az\u0259rbaycan Qran Prisi \u0259vv\u0259lki kimi m\u00f6vs\u00fcm\u00fcn \u0259n yax\u015f\u0131s\u0131 se\u00e7ilm\u0259y\u0259 iddial\u0131d\u0131r v\u0259 bu ada&hellip;","_links":{"self":[{"href":"https:\/\/arantv.az\/index.php?rest_route=\/wp\/v2\/posts\/20928"}],"collection":[{"href":"https:\/\/arantv.az\/index.php?rest_route=\/wp\/v2\/posts"}],"about":[{"href":"https:\/\/arantv.az\/index.php?rest_route=\/wp\/v2\/types\/post"}],"author":[{"embeddable":true,"href":"https:\/\/arantv.az\/index.php?rest_route=\/wp\/v2\/users\/2"}],"replies":[{"embeddable":true,"href":"https:\/\/arantv.az\/index.php?rest_route=%2Fwp%2Fv2%2Fcomments&post=20928"}],"version-history":[{"count":0,"href":"https:\/\/arantv.az\/index.php?rest_route=\/wp\/v2\/posts\/20928\/revisions"}],"wp:featuredmedia":[{"embeddable":true,"href":"https:\/\/arantv.az\/index.php?rest_route=\/wp\/v2\/media\/20929"}],"wp:attachment":[{"href":"https:\/\/arantv.az\/index.php?rest_route=%2Fwp%2Fv2%2Fmedia&parent=20928"}],"wp:term":[{"taxonomy":"category","embeddable":true,"href":"https:\/\/arantv.az\/index.php?rest_route=%2Fwp%2Fv2%2Fcategories&post=20928"},{"taxonomy":"post_tag","embeddable":true,"href":"https:\/\/arantv.az\/index.php?rest_route=%2Fwp%2Fv2%2Ftags&post=20928"}],"curies":[{"name":"wp","href":"https:\/\/api.w.org\/{rel}","templated":true}]}}