{"id":20931,"date":"2018-10-24T10:19:22","date_gmt":"2018-10-24T07:19:22","guid":{"rendered":"http:\/\/arantv.az\/?p=20931"},"modified":"2018-10-24T10:19:22","modified_gmt":"2018-10-24T07:19:22","slug":"bmt-73-cu-ildonumunu-qeyd-edir","status":"publish","type":"post","link":"https:\/\/arantv.az\/?p=20931","title":{"rendered":"BMT 73-c\u00fc ild\u00f6n\u00fcm\u00fcn\u00fc qeyd edir"},"content":{"rendered":"<p><strong>ARANTV.AZ<\/strong> x\u0259b\u0259r verir ki, 24 oktyabr &#8211; Birl\u0259\u015fmi\u015f Mill\u0259tl\u0259r T\u0259\u015fkilat\u0131 G\u00fcn\u00fcd\u00fcr. Bu il t\u0259\u015fkilat 73-c\u00fc ild\u00f6n\u00fcm\u00fcn\u00fc qeyd edir. Birl\u0259\u015fmi\u015f Mill\u0259tl\u0259r T\u0259\u015fkilat\u0131n\u0131n Nizamnam\u0259si 1945-ci il iyunun 26-da San-Fransisko konfrans\u0131nda imzalan\u0131b v\u0259 el\u0259 h\u0259min il oktyabr\u0131n 24-d\u0259 q\u00fcvv\u0259y\u0259 minib. Az\u0259rbaycan BMT-nin f\u0259al \u00fczvl\u0259rind\u0259n biri kimi bu t\u0259\u015fkilat\u0131n f\u0259aliyy\u0259tind\u0259 \u00f6z\u00fcn\u0259m\u0259xsus yeri il\u0259 se\u00e7ilir. \u00d6lk\u0259miz 1992-ci ild\u0259 bu t\u0259\u015fkilata \u00fczv olub. 2011-ci ilin m\u0259hz bu g\u00fcn\u00fcnd\u0259 is\u0259 Az\u0259rbaycan BMT T\u0259hl\u00fck\u0259sizlik \u015euras\u0131na se\u00e7kil\u0259rd\u0259 bu m\u00f6t\u0259b\u0259r t\u0259\u015fkilat\u0131n \u00fczv\u00fc se\u00e7ilib. 155 \u00f6lk\u0259 Az\u0259rbaycan\u0131n namiz\u0259dliyini d\u0259st\u0259kl\u0259y\u0259r\u0259k, etimad g\u00f6st\u0259r\u0259r\u0259k \u00f6lk\u0259mizi bu m\u00f6t\u0259b\u0259r t\u0259\u015fkilata \u00fczv se\u00e7ib.<\/p>\n","protected":false},"excerpt":{"rendered":"<p>ARANTV.AZ x\u0259b\u0259r verir ki, 24 oktyabr &#8211; Birl\u0259\u015fmi\u015f Mill\u0259tl\u0259r T\u0259\u015fkilat\u0131 G\u00fcn\u00fcd\u00fcr. Bu il t\u0259\u015fkilat 73-c\u00fc ild\u00f6n\u00fcm\u00fcn\u00fc qeyd edir. Birl\u0259\u015fmi\u015f Mill\u0259tl\u0259r T\u0259\u015fkilat\u0131n\u0131n Nizamnam\u0259si 1945-ci il iyunun 26-da San-Fransisko konfrans\u0131nda imzalan\u0131b v\u0259 el\u0259 h\u0259min il oktyabr\u0131n 24-d\u0259 q\u00fcvv\u0259y\u0259 minib. Az\u0259rbaycan BMT-nin f\u0259al \u00fczvl\u0259rind\u0259n biri kimi bu t\u0259\u015fkilat\u0131n f\u0259aliyy\u0259tind\u0259 \u00f6z\u00fcn\u0259m\u0259xsus yeri il\u0259 se\u00e7ilir. \u00d6lk\u0259miz 1992-ci ild\u0259 bu t\u0259\u015fkilata \u00fczv olub. 2011-ci ilin m\u0259hz bu g\u00fcn\u00fcnd\u0259 is\u0259 Az\u0259rbaycan BMT T\u0259hl\u00fck\u0259sizlik \u015euras\u0131na se\u00e7kil\u0259rd\u0259 bu m\u00f6t\u0259b\u0259r t\u0259\u015fkilat\u0131n \u00fczv\u00fc se\u00e7ilib. 155 \u00f6lk\u0259 Az\u0259rbaycan\u0131n namiz\u0259dliyini d\u0259st\u0259kl\u0259y\u0259r\u0259k, etimad g\u00f6st\u0259r\u0259r\u0259k \u00f6lk\u0259mizi bu m\u00f6t\u0259b\u0259r t\u0259\u015fkilata \u00fczv se\u00e7ib.<\/p>\n","protected":false},"author":2,"featured_media":20932,"comment_status":"closed","ping_status":"closed","sticky":false,"template":"","format":"standard","meta":{"om_disable_all_campaigns":false,"_monsterinsights_skip_tracking":false,"_monsterinsights_sitenote_active":false,"_monsterinsights_sitenote_note":"","_monsterinsights_sitenote_category":0},"categories":[4],"tags":[],"aioseo_notices":[],"gutentor_comment":0,"rttpg_featured_image_url":{"full":["https:\/\/arantv.az\/wp-content\/uploads\/2018\/10\/fc771gs4kj4nlricdk66ad25b3bmt_00.jpg",800,600,false],"landscape":["https:\/\/arantv.az\/wp-content\/uploads\/2018\/10\/fc771gs4kj4nlricdk66ad25b3bmt_00.jpg",800,600,false],"portraits":["https:\/\/arantv.az\/wp-content\/uploads\/2018\/10\/fc771gs4kj4nlricdk66ad25b3bmt_00.jpg",800,600,false],"thumbnail":["https:\/\/arantv.az\/wp-content\/uploads\/2018\/10\/fc771gs4kj4nlricdk66ad25b3bmt_00-150x150.jpg",150,150,true],"medium":["https:\/\/arantv.az\/wp-content\/uploads\/2018\/10\/fc771gs4kj4nlricdk66ad25b3bmt_00-300x225.jpg",300,225,true],"large":["https:\/\/arantv.az\/wp-content\/uploads\/2018\/10\/fc771gs4kj4nlricdk66ad25b3bmt_00.jpg",640,480,false],"1536x1536":["https:\/\/arantv.az\/wp-content\/uploads\/2018\/10\/fc771gs4kj4nlricdk66ad25b3bmt_00.jpg",800,600,false],"2048x2048":["https:\/\/arantv.az\/wp-content\/uploads\/2018\/10\/fc771gs4kj4nlricdk66ad25b3bmt_00.jpg",800,600,false],"post-thumbnail":["https:\/\/arantv.az\/wp-content\/uploads\/2018\/10\/fc771gs4kj4nlricdk66ad25b3bmt_00-240x172.jpg",240,172,true],"advps-thumb-one":["https:\/\/arantv.az\/wp-content\/uploads\/2018\/10\/fc771gs4kj4nlricdk66ad25b3bmt_00.jpg",800,600,false]},"rttpg_author":{"display_name":"V\u00fcsal Rafiqo\u011flu","author_link":"https:\/\/arantv.az\/?author=2"},"rttpg_comment":0,"rttpg_category":"<a href=\"https:\/\/arantv.az\/?cat=4\" rel=\"category\">Siyas\u0259t<\/a>","rttpg_excerpt":"ARANTV.AZ x\u0259b\u0259r verir ki, 24 oktyabr &#8211; Birl\u0259\u015fmi\u015f Mill\u0259tl\u0259r T\u0259\u015fkilat\u0131 G\u00fcn\u00fcd\u00fcr. Bu il t\u0259\u015fkilat 73-c\u00fc ild\u00f6n\u00fcm\u00fcn\u00fc qeyd edir. Birl\u0259\u015fmi\u015f Mill\u0259tl\u0259r T\u0259\u015fkilat\u0131n\u0131n Nizamnam\u0259si 1945-ci il iyunun 26-da San-Fransisko konfrans\u0131nda imzalan\u0131b v\u0259 el\u0259 h\u0259min il oktyabr\u0131n 24-d\u0259 q\u00fcvv\u0259y\u0259 minib. Az\u0259rbaycan BMT-nin f\u0259al \u00fczvl\u0259rind\u0259n biri kimi bu t\u0259\u015fkilat\u0131n f\u0259aliyy\u0259tind\u0259 \u00f6z\u00fcn\u0259m\u0259xsus yeri il\u0259 se\u00e7ilir. \u00d6lk\u0259miz 1992-ci ild\u0259 bu t\u0259\u015fkilata&hellip;","_links":{"self":[{"href":"https:\/\/arantv.az\/index.php?rest_route=\/wp\/v2\/posts\/20931"}],"collection":[{"href":"https:\/\/arantv.az\/index.php?rest_route=\/wp\/v2\/posts"}],"about":[{"href":"https:\/\/arantv.az\/index.php?rest_route=\/wp\/v2\/types\/post"}],"author":[{"embeddable":true,"href":"https:\/\/arantv.az\/index.php?rest_route=\/wp\/v2\/users\/2"}],"replies":[{"embeddable":true,"href":"https:\/\/arantv.az\/index.php?rest_route=%2Fwp%2Fv2%2Fcomments&post=20931"}],"version-history":[{"count":0,"href":"https:\/\/arantv.az\/index.php?rest_route=\/wp\/v2\/posts\/20931\/revisions"}],"wp:featuredmedia":[{"embeddable":true,"href":"https:\/\/arantv.az\/index.php?rest_route=\/wp\/v2\/media\/20932"}],"wp:attachment":[{"href":"https:\/\/arantv.az\/index.php?rest_route=%2Fwp%2Fv2%2Fmedia&parent=20931"}],"wp:term":[{"taxonomy":"category","embeddable":true,"href":"https:\/\/arantv.az\/index.php?rest_route=%2Fwp%2Fv2%2Fcategories&post=20931"},{"taxonomy":"post_tag","embeddable":true,"href":"https:\/\/arantv.az\/index.php?rest_route=%2Fwp%2Fv2%2Ftags&post=20931"}],"curies":[{"name":"wp","href":"https:\/\/api.w.org\/{rel}","templated":true}]}}