{"id":20940,"date":"2018-10-24T10:35:04","date_gmt":"2018-10-24T07:35:04","guid":{"rendered":"http:\/\/arantv.az\/?p=20940"},"modified":"2018-10-24T10:35:04","modified_gmt":"2018-10-24T07:35:04","slug":"sirvansahlar-dovl%c9%99tin%c9%99-aid-nadir-eksponatlar-az%c9%99rbaycana-g%c9%99tirilib","status":"publish","type":"post","link":"https:\/\/arantv.az\/?p=20940","title":{"rendered":"\u015eirvan\u015fahlar d\u00f6vl\u0259tin\u0259 aid nadir eksponatlar Az\u0259rbaycana g\u0259tirilib"},"content":{"rendered":"<p><strong>\u0130\u00e7\u0259ri\u015f\u0259h\u0259r&#8221; D\u00f6vl\u0259t Tarix-Memarl\u0131q Qoru\u011fu \u0130dar\u0259si Bak\u0131da ke\u00e7iril\u0259n &#8220;M\u00fcasir Az\u0259rbaycandan tarixi \u015eirvan\u015fahlar d\u00f6vl\u0259tin\u0259 s\u0259yah\u0259t&#8221; beyn\u0259lxalq elmi konfrans \u00e7\u0259r\u00e7iv\u0259sind\u0259 &#8220;\u015eirvan\u015fahlar irsi d\u00fcnya muzeyl\u0259rind\u0259&#8221; s\u0259rgisi a\u00e7\u0131lacaq.<\/strong><\/p>\n<p><strong>ARANTV.AZ<\/strong> trend-\u0259 istinad\u0259n x\u0259b\u0259r verir ki, s\u0259rgi il\u0259 \u0259vv\u0259lc\u0259 konfrans i\u015ftirak\u00e7\u0131lar\u0131, oktyabr\u0131n 25-d\u0259n is\u0259 ictimaiyy\u0259t n\u00fcmay\u0259nd\u0259l\u0259ri tan\u0131\u015f olacaqlar.<\/p>\n<p>S\u0259rgid\u0259 d\u00fcnyan\u0131n \u0259n b\u00f6y\u00fck muzeyl\u0259rind\u0259n Az\u0259rbaycana g\u0259tiril\u0259n nadir eksponatlar ziyar\u0259t\u00e7il\u0259rin ixtiyar\u0131na veril\u0259c\u0259k. S\u0259rginin \u0259sas eksponatlar\u0131n\u0131 \u0130stanbul \u018fsk\u0259ri muzeyi t\u0259r\u0259find\u0259n t\u0259qdim olunan maddi-m\u0259d\u0259niyy\u0259t n\u00fcmun\u0259l\u0259ri t\u0259\u015fkil ed\u0259c\u0259k, h\u0259m\u00e7inin G\u00fcrc\u00fcstan Milli muzeyind\u0259n g\u0259tiril\u0259n Pir H\u00fcseyn xan\u0259gah\u0131na m\u0259xsus ka\u015f\u0131 n\u00fcmun\u0259l\u0259ri d\u0259 n\u00fcmayi\u015f olunacaq.<\/p>\n<p>Y\u00fcks\u0259k texnoloji metodlara \u0259saslanaraq texniki yenilikl\u0259r say\u0259sind\u0259 &#8220;canlanan&#8221; eksponatlar, onlar\u0131n ehtiva etdiyi d\u0259rin m\u0259na v\u0259 \u015eirvan\u015fahlar Saray\u0131n\u0131n tarixi ab-havas\u0131n\u0131 z\u0259nginl\u0259\u015fdir\u0259c\u0259k q\u0259dim musiqi al\u0259tl\u0259rind\u0259 ifa olunan musiqil\u0259r, el\u0259c\u0259 d\u0259 \u00f6z tarixi, ilkin obraz\u0131n\u0131 s\u0259sl\u0259y\u0259n konstruksiyalardan istifad\u0259 olunacaq.<\/p>\n<p>S\u0259rgi g\u0259l\u0259n il yanvar\u0131n 23-d\u0259k \u0130\u00e7\u0259ri\u015f\u0259h\u0259rd\u0259, \u015eirvan\u015fahlar Saray\u0131 Kompleksind\u0259 h\u0259r g\u00fcn saat 9:00-dan 20:00-d\u0259k ziyar\u0259t\u00e7il\u0259r \u00fc\u00e7\u00fcn a\u00e7\u0131q olacaq.<\/p>\n<p>Qeyd ed\u0259k ki, s\u0259rginin a\u00e7\u0131l\u0131\u015f\u0131 il\u0259 \u0259laq\u0259dar r\u0259ngar\u0259ng m\u00f6vzularla z\u0259ngin &#8220;\u015eirvan\u015fahlar irsi d\u00fcnya muzeyl\u0259rind\u0259&#8221; adl\u0131 kataloq n\u0259\u015fr olunub.<\/p>\n","protected":false},"excerpt":{"rendered":"<p>\u0130\u00e7\u0259ri\u015f\u0259h\u0259r&#8221; D\u00f6vl\u0259t Tarix-Memarl\u0131q Qoru\u011fu \u0130dar\u0259si Bak\u0131da ke\u00e7iril\u0259n &#8220;M\u00fcasir Az\u0259rbaycandan tarixi \u015eirvan\u015fahlar d\u00f6vl\u0259tin\u0259 s\u0259yah\u0259t&#8221; beyn\u0259lxalq elmi konfrans \u00e7\u0259r\u00e7iv\u0259sind\u0259 &#8220;\u015eirvan\u015fahlar irsi d\u00fcnya muzeyl\u0259rind\u0259&#8221; s\u0259rgisi a\u00e7\u0131lacaq. ARANTV.AZ trend-\u0259 istinad\u0259n x\u0259b\u0259r verir ki, s\u0259rgi il\u0259 \u0259vv\u0259lc\u0259 konfrans i\u015ftirak\u00e7\u0131lar\u0131, oktyabr\u0131n 25-d\u0259n is\u0259 ictimaiyy\u0259t n\u00fcmay\u0259nd\u0259l\u0259ri tan\u0131\u015f olacaqlar. S\u0259rgid\u0259 d\u00fcnyan\u0131n \u0259n b\u00f6y\u00fck muzeyl\u0259rind\u0259n Az\u0259rbaycana g\u0259tiril\u0259n nadir eksponatlar ziyar\u0259t\u00e7il\u0259rin ixtiyar\u0131na veril\u0259c\u0259k. S\u0259rginin \u0259sas eksponatlar\u0131n\u0131 \u0130stanbul \u018fsk\u0259ri muzeyi t\u0259r\u0259find\u0259n t\u0259qdim olunan maddi-m\u0259d\u0259niyy\u0259t n\u00fcmun\u0259l\u0259ri t\u0259\u015fkil ed\u0259c\u0259k, h\u0259m\u00e7inin G\u00fcrc\u00fcstan Milli muzeyind\u0259n g\u0259tiril\u0259n Pir H\u00fcseyn xan\u0259gah\u0131na m\u0259xsus ka\u015f\u0131 n\u00fcmun\u0259l\u0259ri d\u0259 n\u00fcmayi\u015f olunacaq. Y\u00fcks\u0259k texnoloji metodlara \u0259saslanaraq texniki yenilikl\u0259r say\u0259sind\u0259 &#8220;canlanan&#8221; eksponatlar, onlar\u0131n&hellip;<\/p>\n","protected":false},"author":2,"featured_media":20941,"comment_status":"closed","ping_status":"closed","sticky":false,"template":"","format":"standard","meta":{"om_disable_all_campaigns":false,"_monsterinsights_skip_tracking":false,"_monsterinsights_sitenote_active":false,"_monsterinsights_sitenote_note":"","_monsterinsights_sitenote_category":0},"categories":[1],"tags":[],"aioseo_notices":[],"gutentor_comment":0,"rttpg_featured_image_url":{"full":["https:\/\/arantv.az\/wp-content\/uploads\/2018\/10\/697367.jpg",600,450,false],"landscape":["https:\/\/arantv.az\/wp-content\/uploads\/2018\/10\/697367.jpg",600,450,false],"portraits":["https:\/\/arantv.az\/wp-content\/uploads\/2018\/10\/697367.jpg",600,450,false],"thumbnail":["https:\/\/arantv.az\/wp-content\/uploads\/2018\/10\/697367-150x150.jpg",150,150,true],"medium":["https:\/\/arantv.az\/wp-content\/uploads\/2018\/10\/697367-300x225.jpg",300,225,true],"large":["https:\/\/arantv.az\/wp-content\/uploads\/2018\/10\/697367.jpg",600,450,false],"1536x1536":["https:\/\/arantv.az\/wp-content\/uploads\/2018\/10\/697367.jpg",600,450,false],"2048x2048":["https:\/\/arantv.az\/wp-content\/uploads\/2018\/10\/697367.jpg",600,450,false],"post-thumbnail":["https:\/\/arantv.az\/wp-content\/uploads\/2018\/10\/697367-240x172.jpg",240,172,true],"advps-thumb-one":["https:\/\/arantv.az\/wp-content\/uploads\/2018\/10\/697367.jpg",600,450,false]},"rttpg_author":{"display_name":"V\u00fcsal Rafiqo\u011flu","author_link":"https:\/\/arantv.az\/?author=2"},"rttpg_comment":0,"rttpg_category":"<a href=\"https:\/\/arantv.az\/?cat=1\" rel=\"category\">C\u0259miyy\u0259t<\/a>","rttpg_excerpt":"\u0130\u00e7\u0259ri\u015f\u0259h\u0259r&#8221; D\u00f6vl\u0259t Tarix-Memarl\u0131q Qoru\u011fu \u0130dar\u0259si Bak\u0131da ke\u00e7iril\u0259n &#8220;M\u00fcasir Az\u0259rbaycandan tarixi \u015eirvan\u015fahlar d\u00f6vl\u0259tin\u0259 s\u0259yah\u0259t&#8221; beyn\u0259lxalq elmi konfrans \u00e7\u0259r\u00e7iv\u0259sind\u0259 &#8220;\u015eirvan\u015fahlar irsi d\u00fcnya muzeyl\u0259rind\u0259&#8221; s\u0259rgisi a\u00e7\u0131lacaq. ARANTV.AZ trend-\u0259 istinad\u0259n x\u0259b\u0259r verir ki, s\u0259rgi il\u0259 \u0259vv\u0259lc\u0259 konfrans i\u015ftirak\u00e7\u0131lar\u0131, oktyabr\u0131n 25-d\u0259n is\u0259 ictimaiyy\u0259t n\u00fcmay\u0259nd\u0259l\u0259ri tan\u0131\u015f olacaqlar. S\u0259rgid\u0259 d\u00fcnyan\u0131n \u0259n b\u00f6y\u00fck muzeyl\u0259rind\u0259n Az\u0259rbaycana g\u0259tiril\u0259n nadir eksponatlar ziyar\u0259t\u00e7il\u0259rin ixtiyar\u0131na veril\u0259c\u0259k. S\u0259rginin \u0259sas&hellip;","_links":{"self":[{"href":"https:\/\/arantv.az\/index.php?rest_route=\/wp\/v2\/posts\/20940"}],"collection":[{"href":"https:\/\/arantv.az\/index.php?rest_route=\/wp\/v2\/posts"}],"about":[{"href":"https:\/\/arantv.az\/index.php?rest_route=\/wp\/v2\/types\/post"}],"author":[{"embeddable":true,"href":"https:\/\/arantv.az\/index.php?rest_route=\/wp\/v2\/users\/2"}],"replies":[{"embeddable":true,"href":"https:\/\/arantv.az\/index.php?rest_route=%2Fwp%2Fv2%2Fcomments&post=20940"}],"version-history":[{"count":0,"href":"https:\/\/arantv.az\/index.php?rest_route=\/wp\/v2\/posts\/20940\/revisions"}],"wp:featuredmedia":[{"embeddable":true,"href":"https:\/\/arantv.az\/index.php?rest_route=\/wp\/v2\/media\/20941"}],"wp:attachment":[{"href":"https:\/\/arantv.az\/index.php?rest_route=%2Fwp%2Fv2%2Fmedia&parent=20940"}],"wp:term":[{"taxonomy":"category","embeddable":true,"href":"https:\/\/arantv.az\/index.php?rest_route=%2Fwp%2Fv2%2Fcategories&post=20940"},{"taxonomy":"post_tag","embeddable":true,"href":"https:\/\/arantv.az\/index.php?rest_route=%2Fwp%2Fv2%2Ftags&post=20940"}],"curies":[{"name":"wp","href":"https:\/\/api.w.org\/{rel}","templated":true}]}}