{"id":20943,"date":"2018-10-24T10:35:44","date_gmt":"2018-10-24T07:35:44","guid":{"rendered":"http:\/\/arantv.az\/?p=20943"},"modified":"2018-10-24T10:35:44","modified_gmt":"2018-10-24T07:35:44","slug":"az%c9%99rbaycanla-ai-arasinda-munasib%c9%99tl%c9%99rin-perspektivl%c9%99ri-muzakir%c9%99-olunacaq","status":"publish","type":"post","link":"https:\/\/arantv.az\/?p=20943","title":{"rendered":"Az\u0259rbaycanla A\u0130 aras\u0131nda m\u00fcnasib\u0259tl\u0259rin perspektivl\u0259ri m\u00fczakir\u0259 olunacaq"},"content":{"rendered":"<p><strong>Avropa \u0130ttifaq\u0131-Az\u0259rbaycan Parlament \u018fm\u0259kda\u015fl\u0131q Komit\u0259sinin h\u0259ms\u0259dri, Milli M\u0259clisin deputat\u0131 Cavan\u015fir Feyziyev oktyabr\u0131n 24-d\u0259n 26-d\u0259k Strasburqda s\u0259f\u0259rd\u0259 olacaq.<\/strong><\/p>\n<p><strong>ARANTV.AZ<\/strong> x\u0259b\u0259r verir ki, Milli M\u0259clisd\u0259n trend-\u0259 veril\u0259n m\u0259lumata g\u00f6r\u0259, s\u0259f\u0259r \u00e7\u0259r\u00e7iv\u0259sind\u0259 C.Feyziyev Avropa \u0130ttifaq\u0131-Az\u0259rbaycan Parlament \u018fm\u0259kda\u015fl\u0131q Komit\u0259sinin qar\u015f\u0131 t\u0259r\u0259fd\u0259n olan h\u0259ms\u0259dri S\u0259yyad K\u0259rim, Avropa Parlamentinin Az\u0259rbaycan \u00fczr\u0259 daimi m\u0259ruz\u0259\u00e7isi Norika Nikolaye v\u0259 Avropa Parlamentind\u0259 Az\u0259rbaycan\u0131n Dostlar\u0131 Klubunun \u00fczvl\u0259ri il\u0259 bir s\u0131ra g\u00f6r\u00fc\u015fl\u0259r ke\u00e7ir\u0259c\u0259k.<\/p>\n<p>G\u00f6r\u00fc\u015fl\u0259rd\u0259 qar\u015f\u0131l\u0131ql\u0131 m\u00fcnasib\u0259tl\u0259rin cari v\u0259ziyy\u0259ti v\u0259 perspektivl\u0259ri bar\u0259d\u0259 m\u00fczakir\u0259l\u0259r apar\u0131lacaq.<\/p>\n","protected":false},"excerpt":{"rendered":"<p>Avropa \u0130ttifaq\u0131-Az\u0259rbaycan Parlament \u018fm\u0259kda\u015fl\u0131q Komit\u0259sinin h\u0259ms\u0259dri, Milli M\u0259clisin deputat\u0131 Cavan\u015fir Feyziyev oktyabr\u0131n 24-d\u0259n 26-d\u0259k Strasburqda s\u0259f\u0259rd\u0259 olacaq. ARANTV.AZ x\u0259b\u0259r verir ki, Milli M\u0259clisd\u0259n trend-\u0259 veril\u0259n m\u0259lumata g\u00f6r\u0259, s\u0259f\u0259r \u00e7\u0259r\u00e7iv\u0259sind\u0259 C.Feyziyev Avropa \u0130ttifaq\u0131-Az\u0259rbaycan Parlament \u018fm\u0259kda\u015fl\u0131q Komit\u0259sinin qar\u015f\u0131 t\u0259r\u0259fd\u0259n olan h\u0259ms\u0259dri S\u0259yyad K\u0259rim, Avropa Parlamentinin Az\u0259rbaycan \u00fczr\u0259 daimi m\u0259ruz\u0259\u00e7isi Norika Nikolaye v\u0259 Avropa Parlamentind\u0259 Az\u0259rbaycan\u0131n Dostlar\u0131 Klubunun \u00fczvl\u0259ri il\u0259 bir s\u0131ra g\u00f6r\u00fc\u015fl\u0259r ke\u00e7ir\u0259c\u0259k. G\u00f6r\u00fc\u015fl\u0259rd\u0259 qar\u015f\u0131l\u0131ql\u0131 m\u00fcnasib\u0259tl\u0259rin cari v\u0259ziyy\u0259ti v\u0259 perspektivl\u0259ri bar\u0259d\u0259 m\u00fczakir\u0259l\u0259r apar\u0131lacaq.<\/p>\n","protected":false},"author":2,"featured_media":20944,"comment_status":"closed","ping_status":"closed","sticky":false,"template":"","format":"standard","meta":{"om_disable_all_campaigns":false,"_monsterinsights_skip_tracking":false,"_monsterinsights_sitenote_active":false,"_monsterinsights_sitenote_note":"","_monsterinsights_sitenote_category":0},"categories":[4],"tags":[],"aioseo_notices":[],"gutentor_comment":0,"rttpg_featured_image_url":{"full":["https:\/\/arantv.az\/wp-content\/uploads\/2018\/10\/azerbaycan_avropa_ittfaqi_bayraq_088.jpg",800,600,false],"landscape":["https:\/\/arantv.az\/wp-content\/uploads\/2018\/10\/azerbaycan_avropa_ittfaqi_bayraq_088.jpg",800,600,false],"portraits":["https:\/\/arantv.az\/wp-content\/uploads\/2018\/10\/azerbaycan_avropa_ittfaqi_bayraq_088.jpg",800,600,false],"thumbnail":["https:\/\/arantv.az\/wp-content\/uploads\/2018\/10\/azerbaycan_avropa_ittfaqi_bayraq_088-150x150.jpg",150,150,true],"medium":["https:\/\/arantv.az\/wp-content\/uploads\/2018\/10\/azerbaycan_avropa_ittfaqi_bayraq_088-300x225.jpg",300,225,true],"large":["https:\/\/arantv.az\/wp-content\/uploads\/2018\/10\/azerbaycan_avropa_ittfaqi_bayraq_088.jpg",640,480,false],"1536x1536":["https:\/\/arantv.az\/wp-content\/uploads\/2018\/10\/azerbaycan_avropa_ittfaqi_bayraq_088.jpg",800,600,false],"2048x2048":["https:\/\/arantv.az\/wp-content\/uploads\/2018\/10\/azerbaycan_avropa_ittfaqi_bayraq_088.jpg",800,600,false],"post-thumbnail":["https:\/\/arantv.az\/wp-content\/uploads\/2018\/10\/azerbaycan_avropa_ittfaqi_bayraq_088-240x172.jpg",240,172,true],"advps-thumb-one":["https:\/\/arantv.az\/wp-content\/uploads\/2018\/10\/azerbaycan_avropa_ittfaqi_bayraq_088.jpg",800,600,false]},"rttpg_author":{"display_name":"V\u00fcsal Rafiqo\u011flu","author_link":"https:\/\/arantv.az\/?author=2"},"rttpg_comment":0,"rttpg_category":"<a href=\"https:\/\/arantv.az\/?cat=4\" rel=\"category\">Siyas\u0259t<\/a>","rttpg_excerpt":"Avropa \u0130ttifaq\u0131-Az\u0259rbaycan Parlament \u018fm\u0259kda\u015fl\u0131q Komit\u0259sinin h\u0259ms\u0259dri, Milli M\u0259clisin deputat\u0131 Cavan\u015fir Feyziyev oktyabr\u0131n 24-d\u0259n 26-d\u0259k Strasburqda s\u0259f\u0259rd\u0259 olacaq. ARANTV.AZ x\u0259b\u0259r verir ki, Milli M\u0259clisd\u0259n trend-\u0259 veril\u0259n m\u0259lumata g\u00f6r\u0259, s\u0259f\u0259r \u00e7\u0259r\u00e7iv\u0259sind\u0259 C.Feyziyev Avropa \u0130ttifaq\u0131-Az\u0259rbaycan Parlament \u018fm\u0259kda\u015fl\u0131q Komit\u0259sinin qar\u015f\u0131 t\u0259r\u0259fd\u0259n olan h\u0259ms\u0259dri S\u0259yyad K\u0259rim, Avropa Parlamentinin Az\u0259rbaycan \u00fczr\u0259 daimi m\u0259ruz\u0259\u00e7isi Norika Nikolaye v\u0259 Avropa Parlamentind\u0259 Az\u0259rbaycan\u0131n Dostlar\u0131 Klubunun&hellip;","_links":{"self":[{"href":"https:\/\/arantv.az\/index.php?rest_route=\/wp\/v2\/posts\/20943"}],"collection":[{"href":"https:\/\/arantv.az\/index.php?rest_route=\/wp\/v2\/posts"}],"about":[{"href":"https:\/\/arantv.az\/index.php?rest_route=\/wp\/v2\/types\/post"}],"author":[{"embeddable":true,"href":"https:\/\/arantv.az\/index.php?rest_route=\/wp\/v2\/users\/2"}],"replies":[{"embeddable":true,"href":"https:\/\/arantv.az\/index.php?rest_route=%2Fwp%2Fv2%2Fcomments&post=20943"}],"version-history":[{"count":0,"href":"https:\/\/arantv.az\/index.php?rest_route=\/wp\/v2\/posts\/20943\/revisions"}],"wp:featuredmedia":[{"embeddable":true,"href":"https:\/\/arantv.az\/index.php?rest_route=\/wp\/v2\/media\/20944"}],"wp:attachment":[{"href":"https:\/\/arantv.az\/index.php?rest_route=%2Fwp%2Fv2%2Fmedia&parent=20943"}],"wp:term":[{"taxonomy":"category","embeddable":true,"href":"https:\/\/arantv.az\/index.php?rest_route=%2Fwp%2Fv2%2Fcategories&post=20943"},{"taxonomy":"post_tag","embeddable":true,"href":"https:\/\/arantv.az\/index.php?rest_route=%2Fwp%2Fv2%2Ftags&post=20943"}],"curies":[{"name":"wp","href":"https:\/\/api.w.org\/{rel}","templated":true}]}}