{"id":20953,"date":"2018-10-24T11:17:18","date_gmt":"2018-10-24T08:17:18","guid":{"rendered":"http:\/\/arantv.az\/?p=20953"},"modified":"2018-10-24T11:17:18","modified_gmt":"2018-10-24T08:17:18","slug":"yaponiyanin-the-japan-times-n%c9%99srind%c9%99-osako-expo-2025-ugrunda-r%c9%99qibi-bakiya-h%c9%99y%c9%99canla-baxir-s%c9%99rlovh%c9%99li-m%c9%99qa","status":"publish","type":"post","link":"https:\/\/arantv.az\/?p=20953","title":{"rendered":"Yaponiyan\u0131n \u201cThe Japan Times\u201d n\u0259\u015frind\u0259 \u201cOsako \u201cExpo 2025\u201d u\u011frunda r\u0259qibi Bak\u0131ya h\u0259y\u0259canla bax\u0131r\u201d \u015f\u0259rl\u00f6vh\u0259li m\u0259qal\u0259 d\u0259rc edilib"},"content":{"rendered":"<p><strong>ARANTV.AZ\u00a0<\/strong> x\u0259b\u0259r verir ki, Yaponiyan\u0131n geni\u015f oxucu auditoriyas\u0131na malik \u201cThe Japan Times\u201d n\u0259\u015frind\u0259 \u201cOsako \u201cExpo 2025\u201d u\u011frunda r\u0259qibi Bak\u0131ya h\u0259y\u0259canla bax\u0131r\u201d \u015f\u0259rl\u00f6vh\u0259li m\u0259qal\u0259 d\u0259rc edilib.<\/p>\n<p>\u201cExpo 2025\u201d \u00dcmumd\u00fcnya S\u0259rgisin\u0259 ev sahibliyi ed\u0259c\u0259k \u015f\u0259h\u0259rin ad\u0131n\u0131n a\u00e7\u0131qlanmas\u0131na bir ay qalm\u0131\u015f Osako r\u0259smil\u0259ri \u0259n ciddi r\u0259qib hesab etdikl\u0259ri Bak\u0131ya h\u0259y\u0259canla bax\u0131rlar\u201d. \u201cThe Japan Times\u201d n\u0259\u015frind\u0259 d\u0259rc edil\u0259n yaz\u0131 bu s\u00f6zl\u0259rl\u0259 ba\u015flay\u0131r. M\u00fc\u0259llif Erik Conston m\u0259qal\u0259sind\u0259 bildirir ki, t\u0259dbir\u0259 ev sahibliyi etm\u0259k u\u011frunda m\u00fcbariz\u0259 Fransan\u0131n paytaxt\u0131 Paris, Yaponiyan\u0131n Osako, Az\u0259rbaycan\u0131n paytaxt\u0131 Bak\u0131 v\u0259 Rusiyan\u0131n Yekaterinburq \u015f\u0259h\u0259rl\u0259ri aras\u0131nda gedirdi. Parisd\u0259 yerl\u0259\u015f\u0259n Beyn\u0259lxalq S\u0259rgil\u0259r B\u00fcrosu is\u0259 son q\u0259rar\u0131n\u0131 noyabr\u0131n 23-d\u0259 a\u00e7\u0131qlayacaq. Qeyd olunur ki, ilin \u0259vv\u0259llind\u0259 Paris yar\u0131\u015fdan \u00e7\u0259kilib, Yekaterinburq is\u0259 \u201cExpo 2020\u201d u\u011frunda m\u00fcbariz\u0259d\u0259 B\u018f\u018f-nin Dubay \u015f\u0259h\u0259rin\u0259 uduzub. Bel\u0259 bir v\u0259ziyy\u0259td\u0259 Osakonun siyasi v\u0259 biznes liderl\u0259ri \u00f6zl\u0259rini art\u0131q qalib kimi g\u00f6r\u00fcrd\u00fcl\u0259r. Lakin insan kapital\u0131n\u0131n g\u0259l\u0259c\u0259k inki\u015faf\u0131 \u0259sas\u0131nda qurulmu\u015f Bak\u0131n\u0131n m\u00f6vzusu Beyn\u0259lxalq S\u0259rgil\u0259r B\u00fcrosunun n\u00fcmay\u0259nd\u0259l\u0259rinin diqq\u0259tini c\u0259lb ed\u0259 bilib. M\u0259qal\u0259d\u0259 vur\u011fulan\u0131r ki, Parisd\u0259 Osakonun namiz\u0259dliyinin lehin\u0259 t\u0259bli\u011fat aparan \u015f\u0259h\u0259rin meri Hirofumu Yo\u015fimura v\u0259t\u0259n\u0259 d\u00f6nd\u00fckd\u0259n sonra bildirib ki, \u201cBak\u0131 g\u00fccl\u00fc r\u0259qibdir v\u0259 Yaponiya il\u0259 Az\u0259rbaycan bu yar\u0131\u015fda sonad\u0259k m\u00fcbariz\u0259 aparacaq\u201d. M\u00fc\u0259llif sonda bildirilir ki, Beyn\u0259lxalq S\u0259rgil\u0259r B\u00fcrosunun Osakonu se\u00e7\u0259c\u0259yi, yoxsa t\u0259dbir\u0259 ev sahibliyi etm\u0259k \u015fans\u0131n\u0131 Bak\u0131 v\u0259 ya Yekaterinburqa ver\u0259c\u0259yi bir ay sonra m\u0259lum olacaq.<\/p>\n","protected":false},"excerpt":{"rendered":"<p>ARANTV.AZ\u00a0 x\u0259b\u0259r verir ki, Yaponiyan\u0131n geni\u015f oxucu auditoriyas\u0131na malik \u201cThe Japan Times\u201d n\u0259\u015frind\u0259 \u201cOsako \u201cExpo 2025\u201d u\u011frunda r\u0259qibi Bak\u0131ya h\u0259y\u0259canla bax\u0131r\u201d \u015f\u0259rl\u00f6vh\u0259li m\u0259qal\u0259 d\u0259rc edilib. \u201cExpo 2025\u201d \u00dcmumd\u00fcnya S\u0259rgisin\u0259 ev sahibliyi ed\u0259c\u0259k \u015f\u0259h\u0259rin ad\u0131n\u0131n a\u00e7\u0131qlanmas\u0131na bir ay qalm\u0131\u015f Osako r\u0259smil\u0259ri \u0259n ciddi r\u0259qib hesab etdikl\u0259ri Bak\u0131ya h\u0259y\u0259canla bax\u0131rlar\u201d. \u201cThe Japan Times\u201d n\u0259\u015frind\u0259 d\u0259rc edil\u0259n yaz\u0131 bu s\u00f6zl\u0259rl\u0259 ba\u015flay\u0131r. M\u00fc\u0259llif Erik Conston m\u0259qal\u0259sind\u0259 bildirir ki, t\u0259dbir\u0259 ev sahibliyi etm\u0259k u\u011frunda m\u00fcbariz\u0259 Fransan\u0131n paytaxt\u0131 Paris, Yaponiyan\u0131n Osako, Az\u0259rbaycan\u0131n paytaxt\u0131 Bak\u0131 v\u0259 Rusiyan\u0131n Yekaterinburq \u015f\u0259h\u0259rl\u0259ri aras\u0131nda gedirdi. Parisd\u0259 yerl\u0259\u015f\u0259n Beyn\u0259lxalq S\u0259rgil\u0259r B\u00fcrosu is\u0259&hellip;<\/p>\n","protected":false},"author":2,"featured_media":20954,"comment_status":"closed","ping_status":"closed","sticky":false,"template":"","format":"standard","meta":{"om_disable_all_campaigns":false,"_monsterinsights_skip_tracking":false,"_monsterinsights_sitenote_active":false,"_monsterinsights_sitenote_note":"","_monsterinsights_sitenote_category":0},"categories":[4],"tags":[],"aioseo_notices":[],"gutentor_comment":0,"rttpg_featured_image_url":{"full":["https:\/\/arantv.az\/wp-content\/uploads\/2018\/10\/fc771gs4kj4nlricdk66ad25b3times.jpg",535,378,false],"landscape":["https:\/\/arantv.az\/wp-content\/uploads\/2018\/10\/fc771gs4kj4nlricdk66ad25b3times.jpg",535,378,false],"portraits":["https:\/\/arantv.az\/wp-content\/uploads\/2018\/10\/fc771gs4kj4nlricdk66ad25b3times.jpg",535,378,false],"thumbnail":["https:\/\/arantv.az\/wp-content\/uploads\/2018\/10\/fc771gs4kj4nlricdk66ad25b3times-150x150.jpg",150,150,true],"medium":["https:\/\/arantv.az\/wp-content\/uploads\/2018\/10\/fc771gs4kj4nlricdk66ad25b3times-300x212.jpg",300,212,true],"large":["https:\/\/arantv.az\/wp-content\/uploads\/2018\/10\/fc771gs4kj4nlricdk66ad25b3times.jpg",535,378,false],"1536x1536":["https:\/\/arantv.az\/wp-content\/uploads\/2018\/10\/fc771gs4kj4nlricdk66ad25b3times.jpg",535,378,false],"2048x2048":["https:\/\/arantv.az\/wp-content\/uploads\/2018\/10\/fc771gs4kj4nlricdk66ad25b3times.jpg",535,378,false],"post-thumbnail":["https:\/\/arantv.az\/wp-content\/uploads\/2018\/10\/fc771gs4kj4nlricdk66ad25b3times-240x172.jpg",240,172,true],"advps-thumb-one":["https:\/\/arantv.az\/wp-content\/uploads\/2018\/10\/fc771gs4kj4nlricdk66ad25b3times.jpg",535,378,false]},"rttpg_author":{"display_name":"V\u00fcsal Rafiqo\u011flu","author_link":"https:\/\/arantv.az\/?author=2"},"rttpg_comment":0,"rttpg_category":"<a href=\"https:\/\/arantv.az\/?cat=4\" rel=\"category\">Siyas\u0259t<\/a>","rttpg_excerpt":"ARANTV.AZ\u00a0 x\u0259b\u0259r verir ki, Yaponiyan\u0131n geni\u015f oxucu auditoriyas\u0131na malik \u201cThe Japan Times\u201d n\u0259\u015frind\u0259 \u201cOsako \u201cExpo 2025\u201d u\u011frunda r\u0259qibi Bak\u0131ya h\u0259y\u0259canla bax\u0131r\u201d \u015f\u0259rl\u00f6vh\u0259li m\u0259qal\u0259 d\u0259rc edilib. \u201cExpo 2025\u201d \u00dcmumd\u00fcnya S\u0259rgisin\u0259 ev sahibliyi ed\u0259c\u0259k \u015f\u0259h\u0259rin ad\u0131n\u0131n a\u00e7\u0131qlanmas\u0131na bir ay qalm\u0131\u015f Osako r\u0259smil\u0259ri \u0259n ciddi r\u0259qib hesab etdikl\u0259ri Bak\u0131ya h\u0259y\u0259canla bax\u0131rlar\u201d. \u201cThe Japan Times\u201d n\u0259\u015frind\u0259 d\u0259rc edil\u0259n yaz\u0131&hellip;","_links":{"self":[{"href":"https:\/\/arantv.az\/index.php?rest_route=\/wp\/v2\/posts\/20953"}],"collection":[{"href":"https:\/\/arantv.az\/index.php?rest_route=\/wp\/v2\/posts"}],"about":[{"href":"https:\/\/arantv.az\/index.php?rest_route=\/wp\/v2\/types\/post"}],"author":[{"embeddable":true,"href":"https:\/\/arantv.az\/index.php?rest_route=\/wp\/v2\/users\/2"}],"replies":[{"embeddable":true,"href":"https:\/\/arantv.az\/index.php?rest_route=%2Fwp%2Fv2%2Fcomments&post=20953"}],"version-history":[{"count":0,"href":"https:\/\/arantv.az\/index.php?rest_route=\/wp\/v2\/posts\/20953\/revisions"}],"wp:featuredmedia":[{"embeddable":true,"href":"https:\/\/arantv.az\/index.php?rest_route=\/wp\/v2\/media\/20954"}],"wp:attachment":[{"href":"https:\/\/arantv.az\/index.php?rest_route=%2Fwp%2Fv2%2Fmedia&parent=20953"}],"wp:term":[{"taxonomy":"category","embeddable":true,"href":"https:\/\/arantv.az\/index.php?rest_route=%2Fwp%2Fv2%2Fcategories&post=20953"},{"taxonomy":"post_tag","embeddable":true,"href":"https:\/\/arantv.az\/index.php?rest_route=%2Fwp%2Fv2%2Ftags&post=20953"}],"curies":[{"name":"wp","href":"https:\/\/api.w.org\/{rel}","templated":true}]}}