{"id":209620,"date":"2020-08-24T16:21:58","date_gmt":"2020-08-24T13:21:58","guid":{"rendered":"http:\/\/arantv.az\/?p=209620"},"modified":"2020-08-24T16:21:58","modified_gmt":"2020-08-24T13:21:58","slug":"mixail-yefremov-yen%c9%99-az%c9%99rbaycanli-v%c9%99kili-secdi","status":"publish","type":"post","link":"https:\/\/arantv.az\/?p=209620","title":{"rendered":"Mixail Yefremov yen\u0259 az\u0259rbaycanl\u0131 v\u0259kili se\u00e7di"},"content":{"rendered":"<p>\u00d6l\u00fcmc\u00fcl q\u0259za t\u00f6r\u0259tm\u0259kd\u0259 t\u0259qsirl\u0259ndiril\u0259n Rusiyan\u0131n \u018fm\u0259kdar artisti Mixail Yefremov \u201cyeni\u201d v\u0259kilinin kimliyini m\u00fc\u0259yy\u0259nl\u0259\u015fdirib.<\/p>\n<p>Bu bar\u0259d\u0259 \u201cLifeShot\u201d \u201cTelegram\u201d kanal\u0131\u00a0m\u0259lumat yay\u0131b.<\/p>\n<p>Bildirilir ki, o\u00a0yenid\u0259n se\u00e7imini az\u0259rbaycanl\u0131 k\u00f6hn\u0259 v\u0259kili Elman Pa\u015fayevd\u0259n yana edib.<\/p>\n<div id=\"AdviadNativeVideo0\" class=\"AdviadNativeVideo\"><\/div>\n<p>H\u00fcquq m\u00fcdafi\u0259\u00e7isinin \u00f6z\u00fc bu m\u0259lumat\u0131\u00a0t\u0259sdiql\u0259yib. T\u0259r\u0259fl\u0259r yeni m\u00fcqavil\u0259 imzalay\u0131blar.<\/p>\n<p>\u00d6l\u00fcmc\u00fcl q\u0259za il\u0259 ba\u011fl\u0131 n\u00f6vb\u0259ti m\u0259hk\u0259m\u0259 iclas\u0131 avqustun 31-n\u0259 t\u0259yin olunub.<\/p>\n<p>Qeyd ed\u0259k ki, Mixail Yefremov bir ne\u00e7\u0259 g\u00fcn \u00f6nc\u0259 m\u0259hk\u0259m\u0259 iclas\u0131 zaman\u0131 v\u0259kill\u0259ri &#8211; az\u0259rbaycanl\u0131 Elman Pa\u015fayevd\u0259n v\u0259 Yelizaveta \u015earqorodskayadan\u00a0<a href=\"https:\/\/oxu.az\/world\/415222\" target=\"_blank\" rel=\"noopener\">imtina etmi\u015fdi<\/a>:<\/p>\n<p>\u201cQoy, onlar m\u0259sl\u0259h\u0259t\u00e7i olaraq qals\u0131nlar, m\u0259nim m\u00fcdafi\u0259mi is\u0259 kims\u0259 ba\u015fqas\u0131 h\u0259yata ke\u00e7irsin\u201d.<\/p>\n<p>Xat\u0131rladaq ki, M.Yefremov iyunun 8-d\u0259 Moskvan\u0131n m\u0259rk\u0259zind\u0259 q\u0259za t\u00f6r\u0259dib. Onun ma\u015f\u0131n\u0131 qar\u015f\u0131dak\u0131 zola\u011fa \u00e7\u0131x\u0131b v\u0259 mikroavtobusa \u00e7\u0131rp\u0131l\u0131b. S\u00fcr\u00fcc\u00fc Sergey Zaxarov qan itkisi s\u0259b\u0259bind\u0259n x\u0259st\u0259xanada \u00f6l\u00fcb. S\u0259n\u0259t\u00e7inin \u00f6z\u00fc x\u0259sar\u0259t almay\u0131b.<\/p>\n","protected":false},"excerpt":{"rendered":"<p>\u00d6l\u00fcmc\u00fcl q\u0259za t\u00f6r\u0259tm\u0259kd\u0259 t\u0259qsirl\u0259ndiril\u0259n Rusiyan\u0131n \u018fm\u0259kdar artisti Mixail Yefremov \u201cyeni\u201d v\u0259kilinin kimliyini m\u00fc\u0259yy\u0259nl\u0259\u015fdirib. Bu bar\u0259d\u0259 \u201cLifeShot\u201d \u201cTelegram\u201d kanal\u0131\u00a0m\u0259lumat yay\u0131b. Bildirilir ki, o\u00a0yenid\u0259n se\u00e7imini az\u0259rbaycanl\u0131 k\u00f6hn\u0259 v\u0259kili Elman Pa\u015fayevd\u0259n yana edib. H\u00fcquq m\u00fcdafi\u0259\u00e7isinin \u00f6z\u00fc bu m\u0259lumat\u0131\u00a0t\u0259sdiql\u0259yib. T\u0259r\u0259fl\u0259r yeni m\u00fcqavil\u0259 imzalay\u0131blar. \u00d6l\u00fcmc\u00fcl q\u0259za il\u0259 ba\u011fl\u0131 n\u00f6vb\u0259ti m\u0259hk\u0259m\u0259 iclas\u0131 avqustun 31-n\u0259 t\u0259yin olunub. Qeyd ed\u0259k ki, Mixail Yefremov bir ne\u00e7\u0259 g\u00fcn \u00f6nc\u0259 m\u0259hk\u0259m\u0259 iclas\u0131 zaman\u0131 v\u0259kill\u0259ri &#8211; az\u0259rbaycanl\u0131 Elman Pa\u015fayevd\u0259n v\u0259 Yelizaveta \u015earqorodskayadan\u00a0imtina etmi\u015fdi: \u201cQoy, onlar m\u0259sl\u0259h\u0259t\u00e7i olaraq qals\u0131nlar, m\u0259nim m\u00fcdafi\u0259mi is\u0259 kims\u0259 ba\u015fqas\u0131 h\u0259yata ke\u00e7irsin\u201d. Xat\u0131rladaq ki, M.Yefremov iyunun 8-d\u0259 Moskvan\u0131n m\u0259rk\u0259zind\u0259&hellip;<\/p>\n","protected":false},"author":2,"featured_media":209621,"comment_status":"closed","ping_status":"closed","sticky":false,"template":"","format":"standard","meta":{"om_disable_all_campaigns":false,"_monsterinsights_skip_tracking":false,"_monsterinsights_sitenote_active":false,"_monsterinsights_sitenote_note":"","_monsterinsights_sitenote_category":0},"categories":[7],"tags":[],"aioseo_notices":[],"gutentor_comment":0,"rttpg_featured_image_url":{"full":["https:\/\/arantv.az\/wp-content\/uploads\/2020\/08\/755980167813614.jpg",620,363,false],"landscape":["https:\/\/arantv.az\/wp-content\/uploads\/2020\/08\/755980167813614.jpg",620,363,false],"portraits":["https:\/\/arantv.az\/wp-content\/uploads\/2020\/08\/755980167813614.jpg",620,363,false],"thumbnail":["https:\/\/arantv.az\/wp-content\/uploads\/2020\/08\/755980167813614-150x150.jpg",150,150,true],"medium":["https:\/\/arantv.az\/wp-content\/uploads\/2020\/08\/755980167813614-300x176.jpg",300,176,true],"large":["https:\/\/arantv.az\/wp-content\/uploads\/2020\/08\/755980167813614.jpg",620,363,false],"1536x1536":["https:\/\/arantv.az\/wp-content\/uploads\/2020\/08\/755980167813614.jpg",620,363,false],"2048x2048":["https:\/\/arantv.az\/wp-content\/uploads\/2020\/08\/755980167813614.jpg",620,363,false],"post-thumbnail":["https:\/\/arantv.az\/wp-content\/uploads\/2020\/08\/755980167813614-240x172.jpg",240,172,true],"advps-thumb-one":["https:\/\/arantv.az\/wp-content\/uploads\/2020\/08\/755980167813614.jpg",620,363,false]},"rttpg_author":{"display_name":"V\u00fcsal Rafiqo\u011flu","author_link":"https:\/\/arantv.az\/?author=2"},"rttpg_comment":0,"rttpg_category":"<a href=\"https:\/\/arantv.az\/?cat=7\" rel=\"category\">D\u00fcnya<\/a>","rttpg_excerpt":"\u00d6l\u00fcmc\u00fcl q\u0259za t\u00f6r\u0259tm\u0259kd\u0259 t\u0259qsirl\u0259ndiril\u0259n Rusiyan\u0131n \u018fm\u0259kdar artisti Mixail Yefremov \u201cyeni\u201d v\u0259kilinin kimliyini m\u00fc\u0259yy\u0259nl\u0259\u015fdirib. Bu bar\u0259d\u0259 \u201cLifeShot\u201d \u201cTelegram\u201d kanal\u0131\u00a0m\u0259lumat yay\u0131b. Bildirilir ki, o\u00a0yenid\u0259n se\u00e7imini az\u0259rbaycanl\u0131 k\u00f6hn\u0259 v\u0259kili Elman Pa\u015fayevd\u0259n yana edib. H\u00fcquq m\u00fcdafi\u0259\u00e7isinin \u00f6z\u00fc bu m\u0259lumat\u0131\u00a0t\u0259sdiql\u0259yib. T\u0259r\u0259fl\u0259r yeni m\u00fcqavil\u0259 imzalay\u0131blar. \u00d6l\u00fcmc\u00fcl q\u0259za il\u0259 ba\u011fl\u0131 n\u00f6vb\u0259ti m\u0259hk\u0259m\u0259 iclas\u0131 avqustun 31-n\u0259 t\u0259yin olunub. Qeyd ed\u0259k ki, Mixail Yefremov&hellip;","_links":{"self":[{"href":"https:\/\/arantv.az\/index.php?rest_route=\/wp\/v2\/posts\/209620"}],"collection":[{"href":"https:\/\/arantv.az\/index.php?rest_route=\/wp\/v2\/posts"}],"about":[{"href":"https:\/\/arantv.az\/index.php?rest_route=\/wp\/v2\/types\/post"}],"author":[{"embeddable":true,"href":"https:\/\/arantv.az\/index.php?rest_route=\/wp\/v2\/users\/2"}],"replies":[{"embeddable":true,"href":"https:\/\/arantv.az\/index.php?rest_route=%2Fwp%2Fv2%2Fcomments&post=209620"}],"version-history":[{"count":0,"href":"https:\/\/arantv.az\/index.php?rest_route=\/wp\/v2\/posts\/209620\/revisions"}],"wp:featuredmedia":[{"embeddable":true,"href":"https:\/\/arantv.az\/index.php?rest_route=\/wp\/v2\/media\/209621"}],"wp:attachment":[{"href":"https:\/\/arantv.az\/index.php?rest_route=%2Fwp%2Fv2%2Fmedia&parent=209620"}],"wp:term":[{"taxonomy":"category","embeddable":true,"href":"https:\/\/arantv.az\/index.php?rest_route=%2Fwp%2Fv2%2Fcategories&post=209620"},{"taxonomy":"post_tag","embeddable":true,"href":"https:\/\/arantv.az\/index.php?rest_route=%2Fwp%2Fv2%2Ftags&post=209620"}],"curies":[{"name":"wp","href":"https:\/\/api.w.org\/{rel}","templated":true}]}}