{"id":209628,"date":"2020-08-24T16:30:26","date_gmt":"2020-08-24T13:30:26","guid":{"rendered":"http:\/\/arantv.az\/?p=209628"},"modified":"2020-08-24T16:30:26","modified_gmt":"2020-08-24T13:30:26","slug":"erm%c9%99nistanin-novb%c9%99ti-h%c9%99rbi-m%c9%99glubiyy%c9%99ti-goranboy-istiqam%c9%99tind%c9%99-reallasdi","status":"publish","type":"post","link":"https:\/\/arantv.az\/?p=209628","title":{"rendered":"Erm\u0259nistan\u0131n n\u00f6vb\u0259ti h\u0259rbi m\u0259\u011flubiyy\u0259ti Goranboy istiqam\u0259tind\u0259 realla\u015fd\u0131"},"content":{"rendered":"<p><strong>\u0130\u015f\u011fal\u00e7\u0131 \u00f6lk\u0259nin hakimiyy\u0259ti naraz\u0131 \u0259halinin fikrini yay\u0131nd\u0131rmaq \u00fc\u00e7\u00fcn h\u0259rbi\u00a0 t\u0259xribatlar\u0131n\u0131 davam etdirir<\/strong><\/p>\n<p>&nbsp;<\/p>\n<p>Avqustun 22-d\u0259 erm\u0259ni diversiya-k\u0259\u015ffiyyat qrupu Goranboy rayonu istiqam\u0259tind\u0259 diversiya h\u00fccumu h\u0259yat ke\u00e7irm\u0259y\u0259 c\u0259hd g\u00f6st\u0259rib. Lakin Az\u0259rbaycan h\u0259rb\u00e7il\u0259ri bu diversiyan\u0131n qar\u015f\u0131s\u0131 q\u0259hr\u0259mancas\u0131na al\u0131blar. N\u0259tic\u0259d\u0259 d\u00fc\u015fm\u0259n itki ver\u0259r\u0259k geri \u00e7\u0259kilib v\u0259 k\u0259\u015ffiyyat komandiri Qurgen Alaverdyan is\u0259 h\u0259rb\u00e7il\u0259rimiz t\u0259r\u0259find\u0259n \u0259sir g\u00f6t\u00fcr\u00fcl\u00fcb.<\/p>\n<p>Qeyd ed\u0259k ki, Erm\u0259nistan M\u00fcdafi\u0259 Nazirliyinin m\u0259tbuat katibi \u015eu\u015fan Stepanyan erm\u0259ni diversiya-k\u0259\u015ffiyyat qrupunun itki ver\u0259r\u0259k geri \u00e7\u0259kilm\u0259si v\u0259 komandir Qurgen Alaverdyan\u0131n Az\u0259rbaycan Ordusu t\u0259r\u0259find\u0259n \u0259sir g\u00f6t\u00fcr\u00fclm\u0259si il\u0259 ba\u011fl\u0131 g\u00fcl\u00fcnc a\u00e7\u0131qlama yay\u0131b. A\u00e7\u0131qlamada deyilir ki, guya Qurgen Alaverdyan \u00abh\u0259rbi m\u00f6vqel\u0259ri yoxlamaq \u00fc\u00e7\u00fcn\u00bb ged\u0259rk\u0259n \u00a0hava \u015f\u0259raitinin pis olmas\u0131 s\u0259b\u0259bind\u0259n az\u0131b: \u00ab22 avqust saat 19:30 rad\u0259l\u0259rind\u0259 d\u00f6y\u00fc\u015f m\u00f6vqel\u0259rini yoxlamaq \u00fc\u00e7\u00fcn ged\u0259n Qurgen Alaverdyan hava \u015f\u0259raitinin pis olmas\u0131na g\u00f6r\u0259 az\u0131b. Axtar\u0131\u015f i\u015fl\u0259ri davam edir.\u00bb<\/p>\n<p>Maraql\u0131d\u0131r ki, bunun ard\u0131nca \u00a0erm\u0259ni t\u0259r\u0259fi Az\u0259rbaycan M\u00fcdafi\u0259 Nazirliyinin m\u0259lumat\u0131na m\u00fcnasib\u0259t d\u0259 bildirib. Bel\u0259 g\u00f6r\u00fcn\u00fcr ki, Erm\u0259nistan M\u00fcdafi\u0259 Nazirliyi art\u0131q diversantlar\u0131n komandiri Qurgen Alaverdyan\u0131n \u0259sir al\u0131nd\u0131\u011f\u0131ndan m\u0259lumatl\u0131d\u0131r. Bel\u0259d\u0259 g\u00f6r\u0259s\u0259n, hans\u0131 \u00abaxtar\u0131\u015f i\u015fl\u0259ri\u00bb apar\u0131rlar? Bu, art\u0131q Erm\u0259nistan h\u0259rbi q\u00fcvv\u0259l\u0259rinin son bir ne\u00e7\u0259 ayda h\u0259rbi m\u00f6vqel\u0259rimiz\u0259 n\u00f6vb\u0259ti diversiya xarakterli h\u00fccumlar\u0131 idi v\u0259 bu d\u0259f\u0259 d\u0259 onlar a\u011f\u0131r m\u0259\u011flubiyy\u0259t\u0259 u\u011frad\u0131lar.<\/p>\n<p>\u00dcmumiyy\u0259tl\u0259, i\u015f\u011fal\u00e7\u0131 Erm\u0259nistan hakimiyy\u0259ti kritik v\u0259ziyy\u0259td\u0259n \u00e7\u0131xmaq, ondan naraz\u0131 olan \u0259halinin fikrini yay\u0131nd\u0131rmaq \u00fc\u00e7\u00fcn h\u0259rbi \u00a0t\u0259xribatlara \u0259l atmaqda davam edir. Erm\u0259nistan t\u0259r\u0259finin koronavirus pandemiyas\u0131n\u0131n yaratd\u0131\u011f\u0131 \u00e7\u0131x\u0131lmaz iqtisadi b\u00f6hran v\u0259ziyy\u0259tind\u0259 \u00abki\u00e7ik m\u00fcharib\u0259\u00bby\u0259 ba\u015flamaqla naraz\u0131 k\u00fctl\u0259nin diqq\u0259tini a\u011f\u0131r iqtisadi-sosial probleml\u0259rd\u0259n yay\u0131nd\u0131rmas\u0131 istisna olunmurdu.\u00a0 M\u0259hz \u00a0bu diversiya h\u0259r\u0259k\u0259tl\u0259rinin intensivl\u0259\u015fm\u0259si d\u0259 Nikol Pa\u015finyan\u0131n avant\u00fcrist davran\u0131\u015flarar\u0131ndan qaynaqlan\u0131r.<\/p>\n<p>Bu da faktd\u0131r ki, bir \u00e7ox hallarda naraz\u0131 k\u00fctl\u0259 bel\u0259 x\u00fcsusi hallarda h\u0259rbi avant\u00fcralara loyal m\u00f6vqed\u0259 dayan\u0131rlar. Nikol Pa\u015finyan\u0131n yeni \u015f\u0259raitd\u0259 hakimiyy\u0259ti \u00fc\u00e7\u00fcn olduqca ciddi daxili t\u0259hdidl\u0259rin formala\u015faca\u011f\u0131 reall\u0131qda m\u0259hz bel\u0259 davranaca\u011f\u0131 istisna olunmur. Nikol Pa\u015finyan \u00e7ox g\u00f6z\u0259l d\u0259rk edir ki, irimiqyasl\u0131 h\u0259rbi \u0259m\u0259liyyatlar ba\u015flayaca\u011f\u0131 t\u0259qdird\u0259 \u00f6lk\u0259sinin g\u00fccl\u00fc Az\u0259rbaycan Ordusu qar\u015f\u0131s\u0131nda biab\u0131r\u00e7\u0131 m\u0259\u011flubiyy\u0259ti v\u0259 dem\u0259li, \u00f6z\u00fcn\u00fcn d\u0259 hakimiyy\u0259td\u0259n sal\u0131nmas\u0131 s\u0131rf zaman m\u0259s\u0259l\u0259sidir. Bu v\u0259ziyy\u0259td\u0259 Erm\u0259nistan\u0131n m\u0259qs\u0259di \u00abki\u00e7ik m\u00fcharib\u0259\u00bb effekti yarad\u0131b, daxili auditoriyan\u0131n hakimiyy\u0259t\u0259 olan q\u0259z\u0259bini soyutmaq v\u0259 sonra is\u0259 beyn\u0259lxalq al\u0259md\u0259 hay-h\u0259\u015fir qopar\u0131b, Az\u0259rbaycan Ordusunun h\u00fccuma ke\u00e7diyi, Erm\u0259nistan d\u00f6vl\u0259ti v\u0259 onun \u00abm\u0259zlum\u00bb xalq\u0131 \u00fc\u00e7\u00fcn yenid\u0259n t\u0259hdidl\u0259rin yarand\u0131\u011f\u0131 il\u0259 ba\u011fl\u0131 dezinformasiya yaymaqdan ibar\u0259tdir.<\/p>\n<p>Qeyd ed\u0259k ki, 22 avqustda Goranboy istiqam\u0259tind\u0259ki h\u0259rbi diversiydan\u00a0 \u00f6nc\u0259 y\u0259ni, iyulun 12-d\u0259 Erm\u0259nistan h\u0259rbi birl\u0259\u015fm\u0259l\u0259ri Az\u0259rbaycan-Erm\u0259nistan d\u00f6vl\u0259t s\u0259rh\u0259dinin Tovuz istiqam\u0259tind\u0259 artilleriya qur\u011fular\u0131ndan istifad\u0259 etm\u0259kl\u0259 q\u0259fil h\u00fccuma ke\u00e7\u0259r\u0259k h\u0259rbi t\u0259xribat t\u00f6r\u0259dibl\u0259r. Erm\u0259nistan\u0131n Az\u0259rbaycanla s\u0259rh\u0259dd\u0259 t\u00f6r\u0259tdiyi h\u0259rbi avant\u00fcraya g\u00f6r\u0259 b\u00fct\u00fcn m\u0259suliyy\u0259t onun h\u0259rbi-siyasi r\u0259hb\u0259rliyinin \u00fcz\u0259rind\u0259 qald\u0131.<\/p>\n<p>B\u0259li, m\u0259hz Erm\u0259nistanda yeni inqilab mehi \u0259sm\u0259kd\u0259dir. Bu reall\u0131qda Erm\u0259nistan\u0131n h\u0259rbi-siyasi r\u0259hb\u0259rliyi \u0259n\u0259n\u0259vi olaraq d\u0259f\u0259l\u0259rl\u0259 s\u0131naqdan \u00e7\u0131xard\u0131qlar\u0131 taktikan\u0131 yenid\u0259n i\u015f\u0259 salmaq m\u0259cburiyy\u0259tind\u0259 qal\u0131blar. Daxili riskl\u0259ri s\u00fcni yarad\u0131lm\u0131\u015f xarici riskl\u0259r hesab\u0131na kompensasiya etm\u0259k, y\u0259ni, \u00a0h\u0259rbi avant\u00fcraya \u0259l atmaqla Erm\u0259nistan r\u0259hb\u0259rliyi hakimiyy\u0259tinin \u00f6mr\u00fcn\u00fc uzatmaq niyy\u0259tind\u0259dir.<\/p>\n<p>Bu da faktd\u0131r ki, sad\u0259 erm\u0259nil\u0259r diktatura rejiminin \u00f6mr\u00fcn\u00fc uzatmaq namin\u0259 \u00f6vladlar\u0131n\u0131 m\u00fcharib\u0259d\u0259 qurban verm\u0259k ist\u0259mirl\u0259r v\u0259 bununla ba\u011fl\u0131 etiraz ed\u0259nl\u0259rin say\u0131 g\u00fcnd\u0259n-g\u00fcn\u0259 artmaqdad\u0131r.<\/p>\n<p><strong>El\u00e7in Zaman<\/strong>,\u00a0<em>\u00ab\u0130ki sahil\u00bb<\/em><\/p>\n","protected":false},"excerpt":{"rendered":"<p>\u0130\u015f\u011fal\u00e7\u0131 \u00f6lk\u0259nin hakimiyy\u0259ti naraz\u0131 \u0259halinin fikrini yay\u0131nd\u0131rmaq \u00fc\u00e7\u00fcn h\u0259rbi\u00a0 t\u0259xribatlar\u0131n\u0131 davam etdirir &nbsp; Avqustun 22-d\u0259 erm\u0259ni diversiya-k\u0259\u015ffiyyat qrupu Goranboy rayonu istiqam\u0259tind\u0259 diversiya h\u00fccumu h\u0259yat ke\u00e7irm\u0259y\u0259 c\u0259hd g\u00f6st\u0259rib. Lakin Az\u0259rbaycan h\u0259rb\u00e7il\u0259ri bu diversiyan\u0131n qar\u015f\u0131s\u0131 q\u0259hr\u0259mancas\u0131na al\u0131blar. N\u0259tic\u0259d\u0259 d\u00fc\u015fm\u0259n itki ver\u0259r\u0259k geri \u00e7\u0259kilib v\u0259 k\u0259\u015ffiyyat komandiri Qurgen Alaverdyan is\u0259 h\u0259rb\u00e7il\u0259rimiz t\u0259r\u0259find\u0259n \u0259sir g\u00f6t\u00fcr\u00fcl\u00fcb. Qeyd ed\u0259k ki, Erm\u0259nistan M\u00fcdafi\u0259 Nazirliyinin m\u0259tbuat katibi \u015eu\u015fan Stepanyan erm\u0259ni diversiya-k\u0259\u015ffiyyat qrupunun itki ver\u0259r\u0259k geri \u00e7\u0259kilm\u0259si v\u0259 komandir Qurgen Alaverdyan\u0131n Az\u0259rbaycan Ordusu t\u0259r\u0259find\u0259n \u0259sir g\u00f6t\u00fcr\u00fclm\u0259si il\u0259 ba\u011fl\u0131 g\u00fcl\u00fcnc a\u00e7\u0131qlama yay\u0131b. A\u00e7\u0131qlamada deyilir ki, guya Qurgen Alaverdyan \u00abh\u0259rbi m\u00f6vqel\u0259ri&hellip;<\/p>\n","protected":false},"author":2,"featured_media":209629,"comment_status":"closed","ping_status":"closed","sticky":false,"template":"","format":"standard","meta":{"om_disable_all_campaigns":false,"_monsterinsights_skip_tracking":false,"_monsterinsights_sitenote_active":false,"_monsterinsights_sitenote_note":"","_monsterinsights_sitenote_category":0},"categories":[4],"tags":[],"aioseo_notices":[],"gutentor_comment":0,"rttpg_featured_image_url":{"full":["https:\/\/arantv.az\/wp-content\/uploads\/2020\/08\/f19fec2f159827528772804135110968894.jpg",975,540,false],"landscape":["https:\/\/arantv.az\/wp-content\/uploads\/2020\/08\/f19fec2f159827528772804135110968894.jpg",975,540,false],"portraits":["https:\/\/arantv.az\/wp-content\/uploads\/2020\/08\/f19fec2f159827528772804135110968894.jpg",975,540,false],"thumbnail":["https:\/\/arantv.az\/wp-content\/uploads\/2020\/08\/f19fec2f159827528772804135110968894-150x150.jpg",150,150,true],"medium":["https:\/\/arantv.az\/wp-content\/uploads\/2020\/08\/f19fec2f159827528772804135110968894-300x166.jpg",300,166,true],"large":["https:\/\/arantv.az\/wp-content\/uploads\/2020\/08\/f19fec2f159827528772804135110968894.jpg",640,354,false],"1536x1536":["https:\/\/arantv.az\/wp-content\/uploads\/2020\/08\/f19fec2f159827528772804135110968894.jpg",975,540,false],"2048x2048":["https:\/\/arantv.az\/wp-content\/uploads\/2020\/08\/f19fec2f159827528772804135110968894.jpg",975,540,false],"post-thumbnail":["https:\/\/arantv.az\/wp-content\/uploads\/2020\/08\/f19fec2f159827528772804135110968894-240x172.jpg",240,172,true],"advps-thumb-one":["https:\/\/arantv.az\/wp-content\/uploads\/2020\/08\/f19fec2f159827528772804135110968894.jpg",975,540,false]},"rttpg_author":{"display_name":"V\u00fcsal Rafiqo\u011flu","author_link":"https:\/\/arantv.az\/?author=2"},"rttpg_comment":0,"rttpg_category":"<a href=\"https:\/\/arantv.az\/?cat=4\" rel=\"category\">Siyas\u0259t<\/a>","rttpg_excerpt":"\u0130\u015f\u011fal\u00e7\u0131 \u00f6lk\u0259nin hakimiyy\u0259ti naraz\u0131 \u0259halinin fikrini yay\u0131nd\u0131rmaq \u00fc\u00e7\u00fcn h\u0259rbi\u00a0 t\u0259xribatlar\u0131n\u0131 davam etdirir &nbsp; Avqustun 22-d\u0259 erm\u0259ni diversiya-k\u0259\u015ffiyyat qrupu Goranboy rayonu istiqam\u0259tind\u0259 diversiya h\u00fccumu h\u0259yat ke\u00e7irm\u0259y\u0259 c\u0259hd g\u00f6st\u0259rib. Lakin Az\u0259rbaycan h\u0259rb\u00e7il\u0259ri bu diversiyan\u0131n qar\u015f\u0131s\u0131 q\u0259hr\u0259mancas\u0131na al\u0131blar. N\u0259tic\u0259d\u0259 d\u00fc\u015fm\u0259n itki ver\u0259r\u0259k geri \u00e7\u0259kilib v\u0259 k\u0259\u015ffiyyat komandiri Qurgen Alaverdyan is\u0259 h\u0259rb\u00e7il\u0259rimiz t\u0259r\u0259find\u0259n \u0259sir g\u00f6t\u00fcr\u00fcl\u00fcb. Qeyd ed\u0259k ki, Erm\u0259nistan&hellip;","_links":{"self":[{"href":"https:\/\/arantv.az\/index.php?rest_route=\/wp\/v2\/posts\/209628"}],"collection":[{"href":"https:\/\/arantv.az\/index.php?rest_route=\/wp\/v2\/posts"}],"about":[{"href":"https:\/\/arantv.az\/index.php?rest_route=\/wp\/v2\/types\/post"}],"author":[{"embeddable":true,"href":"https:\/\/arantv.az\/index.php?rest_route=\/wp\/v2\/users\/2"}],"replies":[{"embeddable":true,"href":"https:\/\/arantv.az\/index.php?rest_route=%2Fwp%2Fv2%2Fcomments&post=209628"}],"version-history":[{"count":0,"href":"https:\/\/arantv.az\/index.php?rest_route=\/wp\/v2\/posts\/209628\/revisions"}],"wp:featuredmedia":[{"embeddable":true,"href":"https:\/\/arantv.az\/index.php?rest_route=\/wp\/v2\/media\/209629"}],"wp:attachment":[{"href":"https:\/\/arantv.az\/index.php?rest_route=%2Fwp%2Fv2%2Fmedia&parent=209628"}],"wp:term":[{"taxonomy":"category","embeddable":true,"href":"https:\/\/arantv.az\/index.php?rest_route=%2Fwp%2Fv2%2Fcategories&post=209628"},{"taxonomy":"post_tag","embeddable":true,"href":"https:\/\/arantv.az\/index.php?rest_route=%2Fwp%2Fv2%2Ftags&post=209628"}],"curies":[{"name":"wp","href":"https:\/\/api.w.org\/{rel}","templated":true}]}}