{"id":209645,"date":"2020-08-24T16:37:34","date_gmt":"2020-08-24T13:37:34","guid":{"rendered":"http:\/\/arantv.az\/?p=209645"},"modified":"2020-08-24T16:37:34","modified_gmt":"2020-08-24T13:37:34","slug":"ulvi-quliyev-s%c9%99hidl%c9%99rin-qirxinin-gozl%c9%99nilm%c9%99m%c9%99si-ictimai-qinagin-s%c9%99rtliyin%c9%99-s%c9%99b%c9%99b-oldu","status":"publish","type":"post","link":"https:\/\/arantv.az\/?p=209645","title":{"rendered":"\u00dclvi Quliyev: \u201c\u015e\u0259hidl\u0259rin \u201cq\u0131rx\u0131n\u0131n\u201d g\u00f6zl\u0259nilm\u0259m\u0259si ictimai q\u0131na\u011f\u0131n s\u0259rtliyin\u0259 s\u0259b\u0259b oldu\u201d"},"content":{"rendered":"<p>Milli M\u0259clisin deputat\u0131 \u00dclvi Quliyev Modern.az-a verdiyi q\u0131sa a\u00e7\u0131qlamada b\u0259zi K\u0130V-l\u0259rd\u0259\u00a0 m\u0259qs\u0259dli \u015f\u0259kild\u0259 qabard\u0131lan z\u0259r\u0259rli m\u00f6vzudan v\u0259 m\u0259lum toy qalmaqal\u0131ndan dan\u0131\u015f\u0131b.<\/p>\n<p><strong>&#8211; \u00dclvi m\u00fc\u0259llim, son vaxtlar mediada, internet m\u0259kan\u0131nda b\u00f6lg\u0259 m\u0259nsubiyy\u0259ti il\u0259 ba\u011fl\u0131 m\u00f6vzular sanki m\u0259qs\u0259dli \u015f\u0259kild\u0259 qabard\u0131l\u0131r. Sizin bununla ba\u011fl\u0131 m\u00f6vqeyiniz nec\u0259dir?<\/strong><\/p>\n<p>&#8211; Bu, \u00e7ox ziyanl\u0131 m\u00f6vzudur. C\u0259miyy\u0259timizi par\u00e7alamaq, d\u00f6vl\u0259timizin s\u00fctunlar\u0131n\u0131 sars\u0131tmaq, qar\u015f\u0131durma yaratmaq niyy\u0259ti il\u0259 m\u0259qs\u0259dli \u015f\u0259kild\u0259 qabard\u0131lan, zaman-zaman q\u0259sd\u0259n ortal\u0131\u011fa at\u0131lan m\u00f6vzudur.<\/p>\n<div id=\"AdviadNativeVideo0\" class=\"AdviadNativeVideo\"><\/div>\n<p>Son d\u0259r\u0259c\u0259 t\u0259hl\u00fck\u0259li olan v\u0259 yaln\u0131z ictimai-siyasi m\u00fchiti s\u00fcni \u015f\u0259kild\u0259 g\u0259rginl\u0259\u015fdirm\u0259k m\u0259qs\u0259di g\u00fcd\u0259n bu c\u00fcr m\u00f6vzu v\u0259 suallar\u0131 q\u00fcsurlu v\u0259 ay\u0131b bilir\u0259m. Onlara x\u00fcsusi diqq\u0259t ayr\u0131lmas\u0131n\u0131 c\u0259miyy\u0259timiz, insan beyni v\u0259 sa\u011flam d\u00fc\u015f\u00fcnc\u0259 \u00fcc\u00fcn z\u0259r\u0259rli hesab edir\u0259m.<\/p>\n<p>Bird\u0259f\u0259lik anlamaq laz\u0131md\u0131r ki, inzibati \u0259razi b\u00f6lg\u00fcs\u00fc d\u00f6vl\u0259tl\u0259rin, c\u0259miyy\u0259tl\u0259rin idar\u0259 olunmas\u0131n\u0131 asanla\u015fd\u0131rmaq, \u00e7evik idar\u0259etm\u0259ni t\u0259min etm\u0259k \u00fc\u00e7\u00fcn d\u00fc\u015f\u00fcn\u00fcl\u00fcb. \u0130nzibati \u0259razi vahidinin, b\u00f6lg\u0259nin milli m\u0259nsubiyy\u0259timiz\u0259 he\u00e7\u00a0bir aidiyy\u0259ti\u00a0yoxdur. Ham\u0131m\u0131z\u0131n m\u0259nsub oldu\u011fumuz v\u0259 ham\u0131m\u0131za m\u0259nsub olan bir Az\u0259rbaycan var!<\/p>\n<p>M\u0259nim \u00fc\u00e7\u00fcn \u0259h\u0259miyy\u0259t k\u0259sb ed\u0259n v\u0259 maraql\u0131 olan \u00fcnsiyy\u0259t qurdu\u011fum \u015f\u0259xsl\u0259rin m\u0259n\u0259vi safl\u0131\u011f\u0131, d\u00fcr\u00fcstl\u00fcy\u00fc, etibarl\u0131l\u0131\u011f\u0131, s\u0259mimiyy\u0259ti, m\u0259suliyy\u0259t hissi, q\u0131sas\u0131, insani keyfiyy\u0259tl\u0259ridir, onun Az\u0259rbaycan\u0131n hans\u0131 \u0259razi vahidliyind\u0259 anadan olmas\u0131 yox.<\/p>\n<p>\u00c7al\u0131\u015fd\u0131\u011f\u0131m sah\u0259d\u0259 is\u0259 b\u00fct\u00fcn bu c\u0259h\u0259tl\u0259rl\u0259 yana\u015f\u0131, diqq\u0259t yetirdiyim m\u0259s\u0259l\u0259 insan\u0131n pe\u015f\u0259karl\u0131q s\u0259viyy\u0259sidir. \u0130nan\u0131n ki, internet m\u0259kan\u0131nda, sosial mediada m\u0259qs\u0259dli \u015f\u0259kild\u0259 qabard\u0131lan bu nadan m\u00f6vzudan c\u0259miyy\u0259timiz \u00e7ox-\u00e7ox y\u00fcks\u0259kd\u0259 dayan\u0131r, b\u0259dniyy\u0259tlil\u0259rin d\u00fc\u015f\u00fcnd\u00fcy\u00fcnd\u0259n qat-qat saf v\u0259 ay\u0131qd\u0131r. \u00d6zl\u0259rini bo\u015f yer\u0259 yormas\u0131nlar.<\/p>\n<p><strong>&#8211; Art\u0131q ictimail\u0259\u015fmi\u015f m\u0259lum toy-b\u00fcsat m\u0259rasimind\u0259 i\u015ftirak etmi\u015f v\u0259zif\u0259li \u015f\u0259xsl\u0259rin ciddi \u015f\u0259kild\u0259 c\u0259zaland\u0131r\u0131lmas\u0131n\u0131n s\u0259b\u0259bi n\u0259dir?<\/strong><\/p>\n<p>&#8211; Tovuz rayonunda verdiyimiz \u015f\u0259hidl\u0259rin \u201cq\u0131rx\u201d m\u0259rasiminin g\u00f6zl\u0259nilm\u0259m\u0259si, ad\u0259t-\u0259n\u0259n\u0259l\u0259rimiz\u0259, milli d\u0259y\u0259rl\u0259rimiz\u0259 g\u00f6st\u0259ril\u0259n say\u011f\u0131s\u0131zl\u0131q ictimai q\u0131na\u011f\u0131n s\u0259rtliyin\u0259 s\u0259b\u0259b oldu. H\u00fcquq normalar\u0131n\u0131n t\u0259tbiqind\u0259ki s\u0259rtlik h\u0259m d\u0259 v\u0259zif\u0259li \u015f\u0259xsl\u0259rin, imtiyaz sahibl\u0259rinin qayda-qanunla yana\u015f\u0131, d\u0259y\u0259rl\u0259rimiz\u0259 g\u00f6st\u0259rdikl\u0259ri say\u011f\u0131s\u0131zl\u0131qla ba\u011fl\u0131d\u0131r.<\/p>\n<p>Siyasi hakimiyy\u0259t c\u0259miyy\u0259timiz\u0259 g\u00f6st\u0259rdi ki, onun qayda-qanuna m\u00fcnasib\u0259td\u0259 ayr\u0131-se\u00e7kiliy\u0259 yol verm\u0259y\u0259c\u0259yi il\u0259 ba\u011fl\u0131 m\u00f6vqe v\u0259 b\u0259yanatlar\u0131 birm\u0259nal\u0131d\u0131r, \u015f\u00fcbh\u0259y\u0259 yer qoymur. D\u00f6vl\u0259t v\u0259 Qanun, onu icra ed\u0259n Hakimiyy\u0259t v\u0259t\u0259nda\u015flar\u0131 aras\u0131nda, kimliyind\u0259n as\u0131l\u0131 olmayaraq, ayr\u0131-se\u00e7kilik etmir.<\/p>\n<p>H\u0259r k\u0259s m\u00fcvafiq n\u0259tic\u0259 \u00e7\u0131xarmal\u0131d\u0131r, Qanunun v\u0259 Hakimiyy\u0259tin s\u0259rt \u00fcz\u00fc il\u0259 \u00fczl\u0259\u015f\u0259c\u0259yin\u0259 \u0259min olmal\u0131d\u0131r. Ya\u015fad\u0131\u011f\u0131m\u0131z reall\u0131q budur ki, v\u0259t\u0259nda\u015f g\u00f6rm\u0259k ist\u0259diyini \u0259yani \u015f\u0259kild\u0259 g\u00f6r\u0259 bilir.<\/p>\n<p>D\u00f6vl\u0259t\u0259 v\u0259 Hakimiyy\u0259t\u0259 olan V\u0259t\u0259nda\u015f inam\u0131na k\u00f6lg\u0259 salmaq c\u0259hdi is\u0259 iflasa, ictimai q\u0131na\u011fa v\u0259 s\u0259rt qanuni t\u0259qib\u0259 m\u0259hkumdur.<\/p>\n","protected":false},"excerpt":{"rendered":"<p>Milli M\u0259clisin deputat\u0131 \u00dclvi Quliyev Modern.az-a verdiyi q\u0131sa a\u00e7\u0131qlamada b\u0259zi K\u0130V-l\u0259rd\u0259\u00a0 m\u0259qs\u0259dli \u015f\u0259kild\u0259 qabard\u0131lan z\u0259r\u0259rli m\u00f6vzudan v\u0259 m\u0259lum toy qalmaqal\u0131ndan dan\u0131\u015f\u0131b. &#8211; \u00dclvi m\u00fc\u0259llim, son vaxtlar mediada, internet m\u0259kan\u0131nda b\u00f6lg\u0259 m\u0259nsubiyy\u0259ti il\u0259 ba\u011fl\u0131 m\u00f6vzular sanki m\u0259qs\u0259dli \u015f\u0259kild\u0259 qabard\u0131l\u0131r. Sizin bununla ba\u011fl\u0131 m\u00f6vqeyiniz nec\u0259dir? &#8211; Bu, \u00e7ox ziyanl\u0131 m\u00f6vzudur. C\u0259miyy\u0259timizi par\u00e7alamaq, d\u00f6vl\u0259timizin s\u00fctunlar\u0131n\u0131 sars\u0131tmaq, qar\u015f\u0131durma yaratmaq niyy\u0259ti il\u0259 m\u0259qs\u0259dli \u015f\u0259kild\u0259 qabard\u0131lan, zaman-zaman q\u0259sd\u0259n ortal\u0131\u011fa at\u0131lan m\u00f6vzudur. Son d\u0259r\u0259c\u0259 t\u0259hl\u00fck\u0259li olan v\u0259 yaln\u0131z ictimai-siyasi m\u00fchiti s\u00fcni \u015f\u0259kild\u0259 g\u0259rginl\u0259\u015fdirm\u0259k m\u0259qs\u0259di g\u00fcd\u0259n bu c\u00fcr m\u00f6vzu v\u0259 suallar\u0131 q\u00fcsurlu v\u0259 ay\u0131b bilir\u0259m. Onlara x\u00fcsusi diqq\u0259t&hellip;<\/p>\n","protected":false},"author":2,"featured_media":209646,"comment_status":"closed","ping_status":"closed","sticky":false,"template":"","format":"standard","meta":{"om_disable_all_campaigns":false,"_monsterinsights_skip_tracking":false,"_monsterinsights_sitenote_active":false,"_monsterinsights_sitenote_note":"","_monsterinsights_sitenote_category":0},"categories":[26],"tags":[],"aioseo_notices":[],"gutentor_comment":0,"rttpg_featured_image_url":{"full":["https:\/\/arantv.az\/wp-content\/uploads\/2020\/08\/116265940_291345488793588_1919066180254663692_n.jpg",620,412,false],"landscape":["https:\/\/arantv.az\/wp-content\/uploads\/2020\/08\/116265940_291345488793588_1919066180254663692_n.jpg",620,412,false],"portraits":["https:\/\/arantv.az\/wp-content\/uploads\/2020\/08\/116265940_291345488793588_1919066180254663692_n.jpg",620,412,false],"thumbnail":["https:\/\/arantv.az\/wp-content\/uploads\/2020\/08\/116265940_291345488793588_1919066180254663692_n-150x150.jpg",150,150,true],"medium":["https:\/\/arantv.az\/wp-content\/uploads\/2020\/08\/116265940_291345488793588_1919066180254663692_n-300x199.jpg",300,199,true],"large":["https:\/\/arantv.az\/wp-content\/uploads\/2020\/08\/116265940_291345488793588_1919066180254663692_n.jpg",620,412,false],"1536x1536":["https:\/\/arantv.az\/wp-content\/uploads\/2020\/08\/116265940_291345488793588_1919066180254663692_n.jpg",620,412,false],"2048x2048":["https:\/\/arantv.az\/wp-content\/uploads\/2020\/08\/116265940_291345488793588_1919066180254663692_n.jpg",620,412,false],"post-thumbnail":["https:\/\/arantv.az\/wp-content\/uploads\/2020\/08\/116265940_291345488793588_1919066180254663692_n-240x172.jpg",240,172,true],"advps-thumb-one":["https:\/\/arantv.az\/wp-content\/uploads\/2020\/08\/116265940_291345488793588_1919066180254663692_n.jpg",620,412,false]},"rttpg_author":{"display_name":"V\u00fcsal Rafiqo\u011flu","author_link":"https:\/\/arantv.az\/?author=2"},"rttpg_comment":0,"rttpg_category":"<a href=\"https:\/\/arantv.az\/?cat=26\" rel=\"category\">Sosial<\/a>","rttpg_excerpt":"Milli M\u0259clisin deputat\u0131 \u00dclvi Quliyev Modern.az-a verdiyi q\u0131sa a\u00e7\u0131qlamada b\u0259zi K\u0130V-l\u0259rd\u0259\u00a0 m\u0259qs\u0259dli \u015f\u0259kild\u0259 qabard\u0131lan z\u0259r\u0259rli m\u00f6vzudan v\u0259 m\u0259lum toy qalmaqal\u0131ndan dan\u0131\u015f\u0131b. &#8211; \u00dclvi m\u00fc\u0259llim, son vaxtlar mediada, internet m\u0259kan\u0131nda b\u00f6lg\u0259 m\u0259nsubiyy\u0259ti il\u0259 ba\u011fl\u0131 m\u00f6vzular sanki m\u0259qs\u0259dli \u015f\u0259kild\u0259 qabard\u0131l\u0131r. Sizin bununla ba\u011fl\u0131 m\u00f6vqeyiniz nec\u0259dir? &#8211; Bu, \u00e7ox ziyanl\u0131 m\u00f6vzudur. C\u0259miyy\u0259timizi par\u00e7alamaq, d\u00f6vl\u0259timizin s\u00fctunlar\u0131n\u0131 sars\u0131tmaq, qar\u015f\u0131durma yaratmaq&hellip;","_links":{"self":[{"href":"https:\/\/arantv.az\/index.php?rest_route=\/wp\/v2\/posts\/209645"}],"collection":[{"href":"https:\/\/arantv.az\/index.php?rest_route=\/wp\/v2\/posts"}],"about":[{"href":"https:\/\/arantv.az\/index.php?rest_route=\/wp\/v2\/types\/post"}],"author":[{"embeddable":true,"href":"https:\/\/arantv.az\/index.php?rest_route=\/wp\/v2\/users\/2"}],"replies":[{"embeddable":true,"href":"https:\/\/arantv.az\/index.php?rest_route=%2Fwp%2Fv2%2Fcomments&post=209645"}],"version-history":[{"count":0,"href":"https:\/\/arantv.az\/index.php?rest_route=\/wp\/v2\/posts\/209645\/revisions"}],"wp:featuredmedia":[{"embeddable":true,"href":"https:\/\/arantv.az\/index.php?rest_route=\/wp\/v2\/media\/209646"}],"wp:attachment":[{"href":"https:\/\/arantv.az\/index.php?rest_route=%2Fwp%2Fv2%2Fmedia&parent=209645"}],"wp:term":[{"taxonomy":"category","embeddable":true,"href":"https:\/\/arantv.az\/index.php?rest_route=%2Fwp%2Fv2%2Fcategories&post=209645"},{"taxonomy":"post_tag","embeddable":true,"href":"https:\/\/arantv.az\/index.php?rest_route=%2Fwp%2Fv2%2Ftags&post=209645"}],"curies":[{"name":"wp","href":"https:\/\/api.w.org\/{rel}","templated":true}]}}