{"id":209655,"date":"2020-08-25T08:03:21","date_gmt":"2020-08-25T05:03:21","guid":{"rendered":"http:\/\/arantv.az\/?p=209655"},"modified":"2020-08-25T08:03:21","modified_gmt":"2020-08-25T05:03:21","slug":"aldadilmis-siyavus-novruzovun-h%c9%99zin-sonu-video","status":"publish","type":"post","link":"https:\/\/arantv.az\/?p=209655","title":{"rendered":"Aldad\u0131lm\u0131\u015f Siyavu\u015f Novruzovun h\u0259zin sonu &#8211; V\u0130DEO"},"content":{"rendered":"<p>Son g\u00fcnl\u0259r ba\u015f ver\u0259n hadis\u0259l\u0259r \u00f6lk\u0259 g\u00fcnd\u0259mini bir-birin\u0259 qatd\u0131. Maraql\u0131s\u0131 odur ki, mill\u0259tin s\u00f6z\u00fcn\u00fc dey\u0259n \u015f\u0259xsl\u0259rin, indi xalqa dem\u0259y\u0259 n\u0259 s\u00f6z\u00fc var, n\u0259 d\u0259 \u00fcz\u00fc.<\/p>\n<p>\u00d6lk\u0259 \u0259razisind\u0259 karantin rejimi t\u0259tbiq olunur v\u0259 v\u0259t\u0259nda\u015flar da bu qanunlara \u0259m\u0259l edirl\u0259r. Amma b\u0259zi v\u0259zif\u0259sind\u0259n v\u0259 ya \u00f6z\u00fcnd\u0259nraz\u0131 m\u0259murlar n\u0259d\u0259ns\u0259 d\u00f6vl\u0259tin q\u0259rarlar\u0131na saymazyana yana\u015f\u0131rlar. G\u00f6r\u0259s\u0259n n\u0259dir onlar\u0131 bu q\u0259d\u0259r rahatla\u015fd\u0131ran?<\/p>\n<p>\u00c7ox ke\u00e7m\u0259di ki, h\u0259min toyda i\u015ftirak ed\u0259n v\u0259 c\u0259rim\u0259l\u0259n\u0259n Siyavu\u015f Novruzov d\u00fc\u015fd\u00fcy\u00fc v\u0259ziyy\u0259td\u0259n \u00fcz\u00fca\u011f \u00e7\u0131xmaq ist\u0259y\u0259rk\u0259n \u00f6z\u00fcn\u00fc daha da \u00e7\u0259tin duruma sald\u0131. Bel\u0259 ki, o \u00f6z sosial \u015f\u0259b\u0259k\u0259 hesab\u0131nda yazd\u0131\u011f\u0131 statusda Ramiz Mehdiyev t\u0259r\u0259find\u0259n aldad\u0131ld\u0131\u011f\u0131n\u0131 bildirdi.<\/p>\n<article class=\"news\">\n<div class=\"news-inner\">\n<p>Sitat: \u201cM\u0259n Ramiz Mehdiyevin d\u0259v\u0259t z\u0259ngi zaman\u0131 m\u00f6ht\u0259r\u0259m Prezident \u0130lham \u018fliyevin ad\u0131n\u0131 \u00e7\u0259kdiyin\u0259 g\u00f6r\u0259 toyda i\u015ftirak t\u0259klifini t\u0259r\u0259dd\u00fcds\u00fcz q\u0259bul etmi\u015f\u0259m v\u0259 s\u00f6z\u00fcged\u0259n m\u0259rasimd\u0259 ail\u0259likc\u0259 i\u015ftirak etmi\u015fik\u201d.<\/p>\n<p>Buradan ortaya bel\u0259 bir sual \u00e7\u0131x\u0131r. G\u00f6r\u0259s\u0259n h\u0259qiq\u0259t\u0259nmi, bu s\u00f6zl\u0259ri Ramiz Mehdiyev deyib? Bu da m\u0259s\u0259l\u0259nin g\u00f6r\u00fcnm\u0259y\u0259n t\u0259r\u0259fi&#8230;<\/p>\n<p>T\u0259nqidl\u0259r\u0259 v\u0259 t\u0259zyiql\u0259r\u0259 tab g\u0259tirm\u0259y\u0259n Siyavu\u015f Novruzov bu g\u00fcn YAP s\u0259dri, Prezident \u0130lham \u018fliyev\u0259 m\u00fcraci\u0259t ed\u0259r\u0259k onu partiyada tutdu\u011fu v\u0259zif\u0259d\u0259n azad etm\u0259k bar\u0259d\u0259 xahi\u015f edib.<\/p>\n<p>Ka\u015f ki, biz jurnalistl\u0259r m\u00fcsahib\u0259 almaq \u00fc\u00e7\u00fcn siz\u0259 m\u00fcraci\u0259t ed\u0259nd\u0259 d\u0259 bel\u0259 operativ \u00e7al\u0131\u015fard\u0131n\u0131z&#8230;<\/p>\n<p>Bu toy h\u0259l\u0259 \u00e7ox dan\u0131\u015f\u0131lacaq. Bir \u00e7oxlar\u0131na da d\u0259rs olacaq.<\/p>\n<div><iframe loading=\"lazy\" src=\"https:\/\/www.youtube.com\/embed\/dvslO7CfklY\" width=\"1349\" height=\"480\" frameborder=\"0\" allowfullscreen=\"allowfullscreen\" data-mce-fragment=\"1\"><\/iframe><\/div>\n<\/div>\n<\/article>\n<h2 class=\"news-share-title\"><\/h2>\n","protected":false},"excerpt":{"rendered":"<p>Son g\u00fcnl\u0259r ba\u015f ver\u0259n hadis\u0259l\u0259r \u00f6lk\u0259 g\u00fcnd\u0259mini bir-birin\u0259 qatd\u0131. Maraql\u0131s\u0131 odur ki, mill\u0259tin s\u00f6z\u00fcn\u00fc dey\u0259n \u015f\u0259xsl\u0259rin, indi xalqa dem\u0259y\u0259 n\u0259 s\u00f6z\u00fc var, n\u0259 d\u0259 \u00fcz\u00fc. \u00d6lk\u0259 \u0259razisind\u0259 karantin rejimi t\u0259tbiq olunur v\u0259 v\u0259t\u0259nda\u015flar da bu qanunlara \u0259m\u0259l edirl\u0259r. Amma b\u0259zi v\u0259zif\u0259sind\u0259n v\u0259 ya \u00f6z\u00fcnd\u0259nraz\u0131 m\u0259murlar n\u0259d\u0259ns\u0259 d\u00f6vl\u0259tin q\u0259rarlar\u0131na saymazyana yana\u015f\u0131rlar. G\u00f6r\u0259s\u0259n n\u0259dir onlar\u0131 bu q\u0259d\u0259r rahatla\u015fd\u0131ran? \u00c7ox ke\u00e7m\u0259di ki, h\u0259min toyda i\u015ftirak ed\u0259n v\u0259 c\u0259rim\u0259l\u0259n\u0259n Siyavu\u015f Novruzov d\u00fc\u015fd\u00fcy\u00fc v\u0259ziyy\u0259td\u0259n \u00fcz\u00fca\u011f \u00e7\u0131xmaq ist\u0259y\u0259rk\u0259n \u00f6z\u00fcn\u00fc daha da \u00e7\u0259tin duruma sald\u0131. Bel\u0259 ki, o \u00f6z sosial \u015f\u0259b\u0259k\u0259 hesab\u0131nda yazd\u0131\u011f\u0131 statusda Ramiz Mehdiyev t\u0259r\u0259find\u0259n&hellip;<\/p>\n","protected":false},"author":2,"featured_media":209656,"comment_status":"closed","ping_status":"closed","sticky":false,"template":"","format":"standard","meta":{"om_disable_all_campaigns":false,"_monsterinsights_skip_tracking":false,"_monsterinsights_sitenote_active":false,"_monsterinsights_sitenote_note":"","_monsterinsights_sitenote_category":0},"categories":[4],"tags":[],"aioseo_notices":[],"gutentor_comment":0,"rttpg_featured_image_url":{"full":["https:\/\/arantv.az\/wp-content\/uploads\/2020\/08\/2017-04-07-17-15-53siyavus-teze.jpg",607,363,false],"landscape":["https:\/\/arantv.az\/wp-content\/uploads\/2020\/08\/2017-04-07-17-15-53siyavus-teze.jpg",607,363,false],"portraits":["https:\/\/arantv.az\/wp-content\/uploads\/2020\/08\/2017-04-07-17-15-53siyavus-teze.jpg",607,363,false],"thumbnail":["https:\/\/arantv.az\/wp-content\/uploads\/2020\/08\/2017-04-07-17-15-53siyavus-teze-150x150.jpg",150,150,true],"medium":["https:\/\/arantv.az\/wp-content\/uploads\/2020\/08\/2017-04-07-17-15-53siyavus-teze-300x179.jpg",300,179,true],"large":["https:\/\/arantv.az\/wp-content\/uploads\/2020\/08\/2017-04-07-17-15-53siyavus-teze.jpg",607,363,false],"1536x1536":["https:\/\/arantv.az\/wp-content\/uploads\/2020\/08\/2017-04-07-17-15-53siyavus-teze.jpg",607,363,false],"2048x2048":["https:\/\/arantv.az\/wp-content\/uploads\/2020\/08\/2017-04-07-17-15-53siyavus-teze.jpg",607,363,false],"post-thumbnail":["https:\/\/arantv.az\/wp-content\/uploads\/2020\/08\/2017-04-07-17-15-53siyavus-teze-240x172.jpg",240,172,true],"advps-thumb-one":["https:\/\/arantv.az\/wp-content\/uploads\/2020\/08\/2017-04-07-17-15-53siyavus-teze.jpg",607,363,false]},"rttpg_author":{"display_name":"V\u00fcsal Rafiqo\u011flu","author_link":"https:\/\/arantv.az\/?author=2"},"rttpg_comment":0,"rttpg_category":"<a href=\"https:\/\/arantv.az\/?cat=4\" rel=\"category\">Siyas\u0259t<\/a>","rttpg_excerpt":"Son g\u00fcnl\u0259r ba\u015f ver\u0259n hadis\u0259l\u0259r \u00f6lk\u0259 g\u00fcnd\u0259mini bir-birin\u0259 qatd\u0131. Maraql\u0131s\u0131 odur ki, mill\u0259tin s\u00f6z\u00fcn\u00fc dey\u0259n \u015f\u0259xsl\u0259rin, indi xalqa dem\u0259y\u0259 n\u0259 s\u00f6z\u00fc var, n\u0259 d\u0259 \u00fcz\u00fc. \u00d6lk\u0259 \u0259razisind\u0259 karantin rejimi t\u0259tbiq olunur v\u0259 v\u0259t\u0259nda\u015flar da bu qanunlara \u0259m\u0259l edirl\u0259r. Amma b\u0259zi v\u0259zif\u0259sind\u0259n v\u0259 ya \u00f6z\u00fcnd\u0259nraz\u0131 m\u0259murlar n\u0259d\u0259ns\u0259 d\u00f6vl\u0259tin q\u0259rarlar\u0131na saymazyana yana\u015f\u0131rlar. G\u00f6r\u0259s\u0259n n\u0259dir onlar\u0131 bu q\u0259d\u0259r&hellip;","_links":{"self":[{"href":"https:\/\/arantv.az\/index.php?rest_route=\/wp\/v2\/posts\/209655"}],"collection":[{"href":"https:\/\/arantv.az\/index.php?rest_route=\/wp\/v2\/posts"}],"about":[{"href":"https:\/\/arantv.az\/index.php?rest_route=\/wp\/v2\/types\/post"}],"author":[{"embeddable":true,"href":"https:\/\/arantv.az\/index.php?rest_route=\/wp\/v2\/users\/2"}],"replies":[{"embeddable":true,"href":"https:\/\/arantv.az\/index.php?rest_route=%2Fwp%2Fv2%2Fcomments&post=209655"}],"version-history":[{"count":0,"href":"https:\/\/arantv.az\/index.php?rest_route=\/wp\/v2\/posts\/209655\/revisions"}],"wp:featuredmedia":[{"embeddable":true,"href":"https:\/\/arantv.az\/index.php?rest_route=\/wp\/v2\/media\/209656"}],"wp:attachment":[{"href":"https:\/\/arantv.az\/index.php?rest_route=%2Fwp%2Fv2%2Fmedia&parent=209655"}],"wp:term":[{"taxonomy":"category","embeddable":true,"href":"https:\/\/arantv.az\/index.php?rest_route=%2Fwp%2Fv2%2Fcategories&post=209655"},{"taxonomy":"post_tag","embeddable":true,"href":"https:\/\/arantv.az\/index.php?rest_route=%2Fwp%2Fv2%2Ftags&post=209655"}],"curies":[{"name":"wp","href":"https:\/\/api.w.org\/{rel}","templated":true}]}}