{"id":209667,"date":"2020-08-25T08:06:00","date_gmt":"2020-08-25T05:06:00","guid":{"rendered":"http:\/\/arantv.az\/?p=209667"},"modified":"2020-08-25T08:06:00","modified_gmt":"2020-08-25T05:06:00","slug":"prezidentd%c9%99n-mediasiya-haqqinda-qanuna-d%c9%99yisiklik","status":"publish","type":"post","link":"https:\/\/arantv.az\/?p=209667","title":{"rendered":"Prezidentd\u0259n Mediasiya haqq\u0131nda qanuna D\u018fY\u0130\u015e\u0130KL\u0130K"},"content":{"rendered":"<p>Prezident \u0130lham \u018fliyev \u201cMediasiya haqq\u0131nda\u201d Az\u0259rbaycan Respublikas\u0131n\u0131n Qanunda d\u0259yi\u015fiklik edilm\u0259si haqq\u0131nda f\u0259rman imzalay\u0131b.<\/p>\n<p>M\u00fcvafiq s\u0259n\u0259d\u00a0<a href=\"https:\/\/azertag.az\/xeber\/Mediasiya_haqqinda_Azerbaycan_Respublikasinin_2019_cu_il_29_mart_tarixli_1555_VQ_nomreli_Qanununun_tetbiqi_barede_Azerbaycan_Respublikasi_Prezidentinin_2019_cu_il_3_aprel_tarixli_607_nomreli_Fermaninda_deyisiklik_edilmesi_haqqinda__Azerbaycan_Respublikasi_Prezidentinin_Fermani-1568345\" target=\"_blank\" rel=\"noopener\">AZ\u018fRTAC<\/a>-da d\u0259rc edilib.<\/p>\n<p>F\u0259rmana \u0259sas\u0259n, \u201cMediasiya haqq\u0131nda\u201d qanunda \u201corqan (qurum)\u201d dedikd\u0259 yerli icra hakimiyy\u0259tl\u0259rinin q\u0259yyumluq v\u0259 himay\u0259 orqanlar\u0131 n\u0259z\u0259rd\u0259 tutulur\u201d.<\/p>\n","protected":false},"excerpt":{"rendered":"<p>Prezident \u0130lham \u018fliyev \u201cMediasiya haqq\u0131nda\u201d Az\u0259rbaycan Respublikas\u0131n\u0131n Qanunda d\u0259yi\u015fiklik edilm\u0259si haqq\u0131nda f\u0259rman imzalay\u0131b. M\u00fcvafiq s\u0259n\u0259d\u00a0AZ\u018fRTAC-da d\u0259rc edilib. F\u0259rmana \u0259sas\u0259n, \u201cMediasiya haqq\u0131nda\u201d qanunda \u201corqan (qurum)\u201d dedikd\u0259 yerli icra hakimiyy\u0259tl\u0259rinin q\u0259yyumluq v\u0259 himay\u0259 orqanlar\u0131 n\u0259z\u0259rd\u0259 tutulur\u201d.<\/p>\n","protected":false},"author":2,"featured_media":209668,"comment_status":"closed","ping_status":"closed","sticky":false,"template":"","format":"standard","meta":{"om_disable_all_campaigns":false,"_monsterinsights_skip_tracking":false,"_monsterinsights_sitenote_active":false,"_monsterinsights_sitenote_note":"","_monsterinsights_sitenote_category":0},"categories":[4],"tags":[],"aioseo_notices":[],"gutentor_comment":0,"rttpg_featured_image_url":{"full":["https:\/\/arantv.az\/wp-content\/uploads\/2020\/08\/imza-4.jpg",620,446,false],"landscape":["https:\/\/arantv.az\/wp-content\/uploads\/2020\/08\/imza-4.jpg",620,446,false],"portraits":["https:\/\/arantv.az\/wp-content\/uploads\/2020\/08\/imza-4.jpg",620,446,false],"thumbnail":["https:\/\/arantv.az\/wp-content\/uploads\/2020\/08\/imza-4-150x150.jpg",150,150,true],"medium":["https:\/\/arantv.az\/wp-content\/uploads\/2020\/08\/imza-4-300x216.jpg",300,216,true],"large":["https:\/\/arantv.az\/wp-content\/uploads\/2020\/08\/imza-4.jpg",620,446,false],"1536x1536":["https:\/\/arantv.az\/wp-content\/uploads\/2020\/08\/imza-4.jpg",620,446,false],"2048x2048":["https:\/\/arantv.az\/wp-content\/uploads\/2020\/08\/imza-4.jpg",620,446,false],"post-thumbnail":["https:\/\/arantv.az\/wp-content\/uploads\/2020\/08\/imza-4-240x172.jpg",240,172,true],"advps-thumb-one":["https:\/\/arantv.az\/wp-content\/uploads\/2020\/08\/imza-4.jpg",620,446,false]},"rttpg_author":{"display_name":"V\u00fcsal Rafiqo\u011flu","author_link":"https:\/\/arantv.az\/?author=2"},"rttpg_comment":0,"rttpg_category":"<a href=\"https:\/\/arantv.az\/?cat=4\" rel=\"category\">Siyas\u0259t<\/a>","rttpg_excerpt":"Prezident \u0130lham \u018fliyev \u201cMediasiya haqq\u0131nda\u201d Az\u0259rbaycan Respublikas\u0131n\u0131n Qanunda d\u0259yi\u015fiklik edilm\u0259si haqq\u0131nda f\u0259rman imzalay\u0131b. M\u00fcvafiq s\u0259n\u0259d\u00a0AZ\u018fRTAC-da d\u0259rc edilib. F\u0259rmana \u0259sas\u0259n, \u201cMediasiya haqq\u0131nda\u201d qanunda \u201corqan (qurum)\u201d dedikd\u0259 yerli icra hakimiyy\u0259tl\u0259rinin q\u0259yyumluq v\u0259 himay\u0259 orqanlar\u0131 n\u0259z\u0259rd\u0259 tutulur\u201d.","_links":{"self":[{"href":"https:\/\/arantv.az\/index.php?rest_route=\/wp\/v2\/posts\/209667"}],"collection":[{"href":"https:\/\/arantv.az\/index.php?rest_route=\/wp\/v2\/posts"}],"about":[{"href":"https:\/\/arantv.az\/index.php?rest_route=\/wp\/v2\/types\/post"}],"author":[{"embeddable":true,"href":"https:\/\/arantv.az\/index.php?rest_route=\/wp\/v2\/users\/2"}],"replies":[{"embeddable":true,"href":"https:\/\/arantv.az\/index.php?rest_route=%2Fwp%2Fv2%2Fcomments&post=209667"}],"version-history":[{"count":0,"href":"https:\/\/arantv.az\/index.php?rest_route=\/wp\/v2\/posts\/209667\/revisions"}],"wp:featuredmedia":[{"embeddable":true,"href":"https:\/\/arantv.az\/index.php?rest_route=\/wp\/v2\/media\/209668"}],"wp:attachment":[{"href":"https:\/\/arantv.az\/index.php?rest_route=%2Fwp%2Fv2%2Fmedia&parent=209667"}],"wp:term":[{"taxonomy":"category","embeddable":true,"href":"https:\/\/arantv.az\/index.php?rest_route=%2Fwp%2Fv2%2Fcategories&post=209667"},{"taxonomy":"post_tag","embeddable":true,"href":"https:\/\/arantv.az\/index.php?rest_route=%2Fwp%2Fv2%2Ftags&post=209667"}],"curies":[{"name":"wp","href":"https:\/\/api.w.org\/{rel}","templated":true}]}}