{"id":209703,"date":"2020-08-25T08:21:47","date_gmt":"2020-08-25T05:21:47","guid":{"rendered":"http:\/\/arantv.az\/?p=209703"},"modified":"2020-08-25T08:21:47","modified_gmt":"2020-08-25T05:21:47","slug":"vilay%c9%99t-eyvazov-apariciya-rutb%c9%99-verdi-foto","status":"publish","type":"post","link":"https:\/\/arantv.az\/?p=209703","title":{"rendered":"Vilay\u0259t Eyvazov apar\u0131c\u0131ya r\u00fctb\u0259 verdi &#8211; FOTO"},"content":{"rendered":"<p>Daxili \u0130\u015fl\u0259r naziri, general-polkovnik Vilay\u0259t Eyvazov tan\u0131nm\u0131\u015f jurnalist\u0259 v\u0259zif\u0259 verib.<\/p>\n<p>Unikal.org-un m\u0259lumat\u0131na g\u00f6r\u0259, V.Eyvazovun \u0259mri il\u0259\u00a0apar\u0131c\u0131 Nurlan \u018fliyev\u0259 polis leytenant\u0131 r\u00fctb\u0259si verilib.<\/p>\n<p>O, Daxili \u0130\u015fl\u0259r Nazirliyind\u0259 v\u0259zif\u0259y\u0259 t\u0259yin olunub.<\/p>\n<p>Qeyd ed\u0259k ki, Nurlan \u018fliyev uzun m\u00fcdd\u0259tdir, Azad Az\u0259rbaycan Televiziyas\u0131nda (ATV), h\u0259m\u00e7inin, \u201cSpace\u201d Televiziyas\u0131nda m\u00fcxbir v\u0259 apar\u0131c\u0131 v\u0259zif\u0259l\u0259rind\u0259 \u00e7al\u0131\u015f\u0131b.<\/p>\n<div class=\"gallery\">\n<div class=\"gallery-i\"><img src=\"https:\/\/cdn.oxu.az\/uploads\/W1siZiIsIjIwMjAvMDgvMjUvMDkvMTEvMjUvY2EwNjZmYWQtMWQxOS00YmE5LWEzYTItOTVkZjNhMTA4ZTRkLzE1OTgzMzE3NDJfMmJmNjIxOWQtZGIwZC00MGQ0LTk1M2MtNzBjNjEzYTNmZTE5LmpwZyJdLFsicCIsImVuY29kZSIsImpwZyIsIi1xdWFsaXR5IDgwIl0sWyJwIiwidGh1bWIiLCI1OTB4NTkwXHUwMDNlIl1d?sha=b99eb7860d43a15c\" alt=\"\" \/><\/div>\n<\/div>\n","protected":false},"excerpt":{"rendered":"<p>Daxili \u0130\u015fl\u0259r naziri, general-polkovnik Vilay\u0259t Eyvazov tan\u0131nm\u0131\u015f jurnalist\u0259 v\u0259zif\u0259 verib. Unikal.org-un m\u0259lumat\u0131na g\u00f6r\u0259, V.Eyvazovun \u0259mri il\u0259\u00a0apar\u0131c\u0131 Nurlan \u018fliyev\u0259 polis leytenant\u0131 r\u00fctb\u0259si verilib. O, Daxili \u0130\u015fl\u0259r Nazirliyind\u0259 v\u0259zif\u0259y\u0259 t\u0259yin olunub. Qeyd ed\u0259k ki, Nurlan \u018fliyev uzun m\u00fcdd\u0259tdir, Azad Az\u0259rbaycan Televiziyas\u0131nda (ATV), h\u0259m\u00e7inin, \u201cSpace\u201d Televiziyas\u0131nda m\u00fcxbir v\u0259 apar\u0131c\u0131 v\u0259zif\u0259l\u0259rind\u0259 \u00e7al\u0131\u015f\u0131b.<\/p>\n","protected":false},"author":2,"featured_media":209704,"comment_status":"closed","ping_status":"closed","sticky":false,"template":"","format":"standard","meta":{"om_disable_all_campaigns":false,"_monsterinsights_skip_tracking":false,"_monsterinsights_sitenote_active":false,"_monsterinsights_sitenote_note":"","_monsterinsights_sitenote_category":0},"categories":[26],"tags":[],"aioseo_notices":[],"gutentor_comment":0,"rttpg_featured_image_url":{"full":["https:\/\/arantv.az\/wp-content\/uploads\/2020\/08\/1594111140_107086749_2596535260661507_5867014725641621606_n-1.jpg",579,465,false],"landscape":["https:\/\/arantv.az\/wp-content\/uploads\/2020\/08\/1594111140_107086749_2596535260661507_5867014725641621606_n-1.jpg",579,465,false],"portraits":["https:\/\/arantv.az\/wp-content\/uploads\/2020\/08\/1594111140_107086749_2596535260661507_5867014725641621606_n-1.jpg",579,465,false],"thumbnail":["https:\/\/arantv.az\/wp-content\/uploads\/2020\/08\/1594111140_107086749_2596535260661507_5867014725641621606_n-1-150x150.jpg",150,150,true],"medium":["https:\/\/arantv.az\/wp-content\/uploads\/2020\/08\/1594111140_107086749_2596535260661507_5867014725641621606_n-1-300x241.jpg",300,241,true],"large":["https:\/\/arantv.az\/wp-content\/uploads\/2020\/08\/1594111140_107086749_2596535260661507_5867014725641621606_n-1.jpg",579,465,false],"1536x1536":["https:\/\/arantv.az\/wp-content\/uploads\/2020\/08\/1594111140_107086749_2596535260661507_5867014725641621606_n-1.jpg",579,465,false],"2048x2048":["https:\/\/arantv.az\/wp-content\/uploads\/2020\/08\/1594111140_107086749_2596535260661507_5867014725641621606_n-1.jpg",579,465,false],"post-thumbnail":["https:\/\/arantv.az\/wp-content\/uploads\/2020\/08\/1594111140_107086749_2596535260661507_5867014725641621606_n-1-240x172.jpg",240,172,true],"advps-thumb-one":["https:\/\/arantv.az\/wp-content\/uploads\/2020\/08\/1594111140_107086749_2596535260661507_5867014725641621606_n-1.jpg",579,465,false]},"rttpg_author":{"display_name":"V\u00fcsal Rafiqo\u011flu","author_link":"https:\/\/arantv.az\/?author=2"},"rttpg_comment":0,"rttpg_category":"<a href=\"https:\/\/arantv.az\/?cat=26\" rel=\"category\">Sosial<\/a>","rttpg_excerpt":"Daxili \u0130\u015fl\u0259r naziri, general-polkovnik Vilay\u0259t Eyvazov tan\u0131nm\u0131\u015f jurnalist\u0259 v\u0259zif\u0259 verib. Unikal.org-un m\u0259lumat\u0131na g\u00f6r\u0259, V.Eyvazovun \u0259mri il\u0259\u00a0apar\u0131c\u0131 Nurlan \u018fliyev\u0259 polis leytenant\u0131 r\u00fctb\u0259si verilib. O, Daxili \u0130\u015fl\u0259r Nazirliyind\u0259 v\u0259zif\u0259y\u0259 t\u0259yin olunub. Qeyd ed\u0259k ki, Nurlan \u018fliyev uzun m\u00fcdd\u0259tdir, Azad Az\u0259rbaycan Televiziyas\u0131nda (ATV), h\u0259m\u00e7inin, \u201cSpace\u201d Televiziyas\u0131nda m\u00fcxbir v\u0259 apar\u0131c\u0131 v\u0259zif\u0259l\u0259rind\u0259 \u00e7al\u0131\u015f\u0131b.","_links":{"self":[{"href":"https:\/\/arantv.az\/index.php?rest_route=\/wp\/v2\/posts\/209703"}],"collection":[{"href":"https:\/\/arantv.az\/index.php?rest_route=\/wp\/v2\/posts"}],"about":[{"href":"https:\/\/arantv.az\/index.php?rest_route=\/wp\/v2\/types\/post"}],"author":[{"embeddable":true,"href":"https:\/\/arantv.az\/index.php?rest_route=\/wp\/v2\/users\/2"}],"replies":[{"embeddable":true,"href":"https:\/\/arantv.az\/index.php?rest_route=%2Fwp%2Fv2%2Fcomments&post=209703"}],"version-history":[{"count":0,"href":"https:\/\/arantv.az\/index.php?rest_route=\/wp\/v2\/posts\/209703\/revisions"}],"wp:featuredmedia":[{"embeddable":true,"href":"https:\/\/arantv.az\/index.php?rest_route=\/wp\/v2\/media\/209704"}],"wp:attachment":[{"href":"https:\/\/arantv.az\/index.php?rest_route=%2Fwp%2Fv2%2Fmedia&parent=209703"}],"wp:term":[{"taxonomy":"category","embeddable":true,"href":"https:\/\/arantv.az\/index.php?rest_route=%2Fwp%2Fv2%2Fcategories&post=209703"},{"taxonomy":"post_tag","embeddable":true,"href":"https:\/\/arantv.az\/index.php?rest_route=%2Fwp%2Fv2%2Ftags&post=209703"}],"curies":[{"name":"wp","href":"https:\/\/api.w.org\/{rel}","templated":true}]}}