{"id":209707,"date":"2020-08-25T08:22:48","date_gmt":"2020-08-25T05:22:48","guid":{"rendered":"http:\/\/arantv.az\/?p=209707"},"modified":"2020-08-25T08:22:48","modified_gmt":"2020-08-25T05:22:48","slug":"avtomobild%c9%99n-alti-min-manatliq-qizil-ogurlandi","status":"publish","type":"post","link":"https:\/\/arantv.az\/?p=209707","title":{"rendered":"Avtomobild\u0259n alt\u0131 min manatl\u0131q q\u0131z\u0131l o\u011furland\u0131"},"content":{"rendered":"<p>T\u0259rt\u0259r Rayon Polis \u015e\u00f6b\u0259sinin \u0259m\u0259kda\u015flar\u0131 t\u0259r\u0259find\u0259n ke\u00e7iril\u0259n\u00a0t\u0259dbirl\u0259r n\u0259tic\u0259sind\u0259 avqust ay\u0131nda rayon \u0259razisind\u0259ki avtoyuma m\u0259nt\u0259q\u0259sind\u0259ki avtomobill\u0259rin birind\u0259n 6000 manat d\u0259y\u0259rind\u0259 q\u0131z\u0131l-zin\u0259t \u0259\u015fyalar\u0131 o\u011furlayan \u015f\u0259xs saxlan\u0131l\u0131b.<\/p>\n<p>Bu bar\u0259d\u0259 Daxili \u0130\u015fl\u0259r Nazirliyinin m\u0259tbuat xidm\u0259tinin B\u0259rd\u0259 regional qrupundan m\u0259lumat verilib.<\/p>\n<p>T\u0259rt\u0259r RP\u015e-nin \u0259m\u0259kda\u015flar\u0131 t\u0259r\u0259find\u0259n h\u0259yata ke\u00e7iril\u0259n\u00a0\u0259m\u0259liyyat-axtar\u0131\u015f t\u0259dbirl\u0259ri n\u0259tic\u0259sind\u0259 B\u0259rd\u0259 rayon sakini S\u0259rxan \u0130sg\u0259nd\u0259rovun icar\u0259 \u0259sas\u0131nda i\u015fl\u0259tdiyi T\u0259rt\u0259r rayonunun T\u0259z\u0259k\u0259nd k\u0259ndi \u0259razisind\u0259ki avtoyuma m\u0259nt\u0259q\u0259sind\u0259ki avtomobild\u0259n q\u0131z\u0131l-zin\u0259t \u0259\u015fyalar\u0131 o\u011furlad\u0131\u011f\u0131 m\u00fc\u0259yy\u0259n olunub.<\/p>\n<p>S.\u0130sg\u0259nd\u0259rov \u015f\u00fcbh\u0259li \u015f\u0259xs qismind\u0259 saxlan\u0131laraq istintaqa c\u0259lb edilib.<\/p>\n<p>O\u011furlanan\u00a0q\u0131z\u0131l \u0259\u015fyalar\u0131n\u0131n yeri a\u015fkar edil\u0259r\u0259k maddi s\u00fcb\u00fct kimi g\u00f6t\u00fcr\u00fcl\u00fcb.<\/p>\n<p>Faktla ba\u011fl\u0131 T\u0259rt\u0259r RP\u015e-d\u0259 ara\u015fd\u0131rmalar davam etdirilir.<\/p>\n","protected":false},"excerpt":{"rendered":"<p>T\u0259rt\u0259r Rayon Polis \u015e\u00f6b\u0259sinin \u0259m\u0259kda\u015flar\u0131 t\u0259r\u0259find\u0259n ke\u00e7iril\u0259n\u00a0t\u0259dbirl\u0259r n\u0259tic\u0259sind\u0259 avqust ay\u0131nda rayon \u0259razisind\u0259ki avtoyuma m\u0259nt\u0259q\u0259sind\u0259ki avtomobill\u0259rin birind\u0259n 6000 manat d\u0259y\u0259rind\u0259 q\u0131z\u0131l-zin\u0259t \u0259\u015fyalar\u0131 o\u011furlayan \u015f\u0259xs saxlan\u0131l\u0131b. Bu bar\u0259d\u0259 Daxili \u0130\u015fl\u0259r Nazirliyinin m\u0259tbuat xidm\u0259tinin B\u0259rd\u0259 regional qrupundan m\u0259lumat verilib. T\u0259rt\u0259r RP\u015e-nin \u0259m\u0259kda\u015flar\u0131 t\u0259r\u0259find\u0259n h\u0259yata ke\u00e7iril\u0259n\u00a0\u0259m\u0259liyyat-axtar\u0131\u015f t\u0259dbirl\u0259ri n\u0259tic\u0259sind\u0259 B\u0259rd\u0259 rayon sakini S\u0259rxan \u0130sg\u0259nd\u0259rovun icar\u0259 \u0259sas\u0131nda i\u015fl\u0259tdiyi T\u0259rt\u0259r rayonunun T\u0259z\u0259k\u0259nd k\u0259ndi \u0259razisind\u0259ki avtoyuma m\u0259nt\u0259q\u0259sind\u0259ki avtomobild\u0259n q\u0131z\u0131l-zin\u0259t \u0259\u015fyalar\u0131 o\u011furlad\u0131\u011f\u0131 m\u00fc\u0259yy\u0259n olunub. S.\u0130sg\u0259nd\u0259rov \u015f\u00fcbh\u0259li \u015f\u0259xs qismind\u0259 saxlan\u0131laraq istintaqa c\u0259lb edilib. O\u011furlanan\u00a0q\u0131z\u0131l \u0259\u015fyalar\u0131n\u0131n yeri a\u015fkar edil\u0259r\u0259k maddi s\u00fcb\u00fct kimi g\u00f6t\u00fcr\u00fcl\u00fcb. Faktla ba\u011fl\u0131 T\u0259rt\u0259r RP\u015e-d\u0259 ara\u015fd\u0131rmalar davam etdirilir.<\/p>\n","protected":false},"author":2,"featured_media":209708,"comment_status":"closed","ping_status":"closed","sticky":false,"template":"","format":"standard","meta":{"om_disable_all_campaigns":false,"_monsterinsights_skip_tracking":false,"_monsterinsights_sitenote_active":false,"_monsterinsights_sitenote_note":"","_monsterinsights_sitenote_category":0},"categories":[5],"tags":[],"aioseo_notices":[],"gutentor_comment":0,"rttpg_featured_image_url":{"full":["https:\/\/arantv.az\/wp-content\/uploads\/2020\/08\/FotoJet-31.jpg",620,360,false],"landscape":["https:\/\/arantv.az\/wp-content\/uploads\/2020\/08\/FotoJet-31.jpg",620,360,false],"portraits":["https:\/\/arantv.az\/wp-content\/uploads\/2020\/08\/FotoJet-31.jpg",620,360,false],"thumbnail":["https:\/\/arantv.az\/wp-content\/uploads\/2020\/08\/FotoJet-31-150x150.jpg",150,150,true],"medium":["https:\/\/arantv.az\/wp-content\/uploads\/2020\/08\/FotoJet-31-300x174.jpg",300,174,true],"large":["https:\/\/arantv.az\/wp-content\/uploads\/2020\/08\/FotoJet-31.jpg",620,360,false],"1536x1536":["https:\/\/arantv.az\/wp-content\/uploads\/2020\/08\/FotoJet-31.jpg",620,360,false],"2048x2048":["https:\/\/arantv.az\/wp-content\/uploads\/2020\/08\/FotoJet-31.jpg",620,360,false],"post-thumbnail":["https:\/\/arantv.az\/wp-content\/uploads\/2020\/08\/FotoJet-31-240x172.jpg",240,172,true],"advps-thumb-one":["https:\/\/arantv.az\/wp-content\/uploads\/2020\/08\/FotoJet-31.jpg",620,360,false]},"rttpg_author":{"display_name":"V\u00fcsal Rafiqo\u011flu","author_link":"https:\/\/arantv.az\/?author=2"},"rttpg_comment":0,"rttpg_category":"<a href=\"https:\/\/arantv.az\/?cat=5\" rel=\"category\">Hadis\u0259<\/a>","rttpg_excerpt":"T\u0259rt\u0259r Rayon Polis \u015e\u00f6b\u0259sinin \u0259m\u0259kda\u015flar\u0131 t\u0259r\u0259find\u0259n ke\u00e7iril\u0259n\u00a0t\u0259dbirl\u0259r n\u0259tic\u0259sind\u0259 avqust ay\u0131nda rayon \u0259razisind\u0259ki avtoyuma m\u0259nt\u0259q\u0259sind\u0259ki avtomobill\u0259rin birind\u0259n 6000 manat d\u0259y\u0259rind\u0259 q\u0131z\u0131l-zin\u0259t \u0259\u015fyalar\u0131 o\u011furlayan \u015f\u0259xs saxlan\u0131l\u0131b. Bu bar\u0259d\u0259 Daxili \u0130\u015fl\u0259r Nazirliyinin m\u0259tbuat xidm\u0259tinin B\u0259rd\u0259 regional qrupundan m\u0259lumat verilib. T\u0259rt\u0259r RP\u015e-nin \u0259m\u0259kda\u015flar\u0131 t\u0259r\u0259find\u0259n h\u0259yata ke\u00e7iril\u0259n\u00a0\u0259m\u0259liyyat-axtar\u0131\u015f t\u0259dbirl\u0259ri n\u0259tic\u0259sind\u0259 B\u0259rd\u0259 rayon sakini S\u0259rxan \u0130sg\u0259nd\u0259rovun icar\u0259 \u0259sas\u0131nda i\u015fl\u0259tdiyi T\u0259rt\u0259r rayonunun T\u0259z\u0259k\u0259nd&hellip;","_links":{"self":[{"href":"https:\/\/arantv.az\/index.php?rest_route=\/wp\/v2\/posts\/209707"}],"collection":[{"href":"https:\/\/arantv.az\/index.php?rest_route=\/wp\/v2\/posts"}],"about":[{"href":"https:\/\/arantv.az\/index.php?rest_route=\/wp\/v2\/types\/post"}],"author":[{"embeddable":true,"href":"https:\/\/arantv.az\/index.php?rest_route=\/wp\/v2\/users\/2"}],"replies":[{"embeddable":true,"href":"https:\/\/arantv.az\/index.php?rest_route=%2Fwp%2Fv2%2Fcomments&post=209707"}],"version-history":[{"count":0,"href":"https:\/\/arantv.az\/index.php?rest_route=\/wp\/v2\/posts\/209707\/revisions"}],"wp:featuredmedia":[{"embeddable":true,"href":"https:\/\/arantv.az\/index.php?rest_route=\/wp\/v2\/media\/209708"}],"wp:attachment":[{"href":"https:\/\/arantv.az\/index.php?rest_route=%2Fwp%2Fv2%2Fmedia&parent=209707"}],"wp:term":[{"taxonomy":"category","embeddable":true,"href":"https:\/\/arantv.az\/index.php?rest_route=%2Fwp%2Fv2%2Fcategories&post=209707"},{"taxonomy":"post_tag","embeddable":true,"href":"https:\/\/arantv.az\/index.php?rest_route=%2Fwp%2Fv2%2Ftags&post=209707"}],"curies":[{"name":"wp","href":"https:\/\/api.w.org\/{rel}","templated":true}]}}