{"id":20971,"date":"2018-10-24T11:37:58","date_gmt":"2018-10-24T08:37:58","guid":{"rendered":"http:\/\/arantv.az\/?p=20971"},"modified":"2018-10-24T11:37:58","modified_gmt":"2018-10-24T08:37:58","slug":"ramil-usubov-generalin-qardasini-r%c9%99is-t%c9%99yin-etdi","status":"publish","type":"post","link":"https:\/\/arantv.az\/?p=20971","title":{"rendered":"Ramil Usubov general\u0131n qarda\u015f\u0131n\u0131 r\u0259is t\u0259yin etdi"},"content":{"rendered":"<p><strong>Daxili \u0130\u015fl\u0259r naziri Ramil Usubov polis r\u0259isinin yerini d\u0259yi\u015fib.<\/strong><\/p>\n<p><strong>ARANTV.AZ<\/strong> unikal.org-a istinad\u0259n x\u0259b\u0259r verir ki, daxili i\u015fl\u0259r naziri, general-polkovnik Ramil Usubov m\u00fcvafiq \u0259mr imzalay\u0131b. \u018fmr\u0259 \u0259sas\u0259n, Rahib Mirz\u0259yev N\u0259simi Rayon Polis \u0130dar\u0259sinin 20-ci b\u00f6lm\u0259sinin r\u0259isi t\u0259yin edilib.<\/p>\n<div id=\"AdributorNativeVideo0\" class=\"AdributorNativeVideo\"><\/div>\n<p>X\u0259b\u0259ri N\u0259simi Rayon Polis \u0130dar\u0259sind\u0259n t\u0259sdiql\u0259yibl\u0259r.<br \/>\nQeyd ed\u0259k ki, Daxili \u0130\u015fl\u0259r Nazirliyinin Daxili T\u0259hqiqatlar \u0130dar\u0259sinin r\u0259isi, polis general-mayoru Sahib Mirz\u0259yevin qarda\u015f\u0131 olan Rahib Mirz\u0259yev bu \u0259mr\u0259 q\u0259d\u0259r N\u0259simi rayon Polis \u0130dar\u0259sinin 19-cu polis \u015f\u00f6b\u0259sinin r\u0259isi olub.<\/p>\n","protected":false},"excerpt":{"rendered":"<p>Daxili \u0130\u015fl\u0259r naziri Ramil Usubov polis r\u0259isinin yerini d\u0259yi\u015fib. ARANTV.AZ unikal.org-a istinad\u0259n x\u0259b\u0259r verir ki, daxili i\u015fl\u0259r naziri, general-polkovnik Ramil Usubov m\u00fcvafiq \u0259mr imzalay\u0131b. \u018fmr\u0259 \u0259sas\u0259n, Rahib Mirz\u0259yev N\u0259simi Rayon Polis \u0130dar\u0259sinin 20-ci b\u00f6lm\u0259sinin r\u0259isi t\u0259yin edilib. X\u0259b\u0259ri N\u0259simi Rayon Polis \u0130dar\u0259sind\u0259n t\u0259sdiql\u0259yibl\u0259r. Qeyd ed\u0259k ki, Daxili \u0130\u015fl\u0259r Nazirliyinin Daxili T\u0259hqiqatlar \u0130dar\u0259sinin r\u0259isi, polis general-mayoru Sahib Mirz\u0259yevin qarda\u015f\u0131 olan Rahib Mirz\u0259yev bu \u0259mr\u0259 q\u0259d\u0259r N\u0259simi rayon Polis \u0130dar\u0259sinin 19-cu polis \u015f\u00f6b\u0259sinin r\u0259isi olub.<\/p>\n","protected":false},"author":2,"featured_media":20972,"comment_status":"closed","ping_status":"closed","sticky":false,"template":"","format":"standard","meta":{"om_disable_all_campaigns":false,"_monsterinsights_skip_tracking":false,"_monsterinsights_sitenote_active":false,"_monsterinsights_sitenote_note":"","_monsterinsights_sitenote_category":0},"categories":[19],"tags":[],"aioseo_notices":[],"gutentor_comment":0,"rttpg_featured_image_url":{"full":["https:\/\/arantv.az\/wp-content\/uploads\/2018\/10\/ramil_usubov_042.jpg",800,600,false],"landscape":["https:\/\/arantv.az\/wp-content\/uploads\/2018\/10\/ramil_usubov_042.jpg",800,600,false],"portraits":["https:\/\/arantv.az\/wp-content\/uploads\/2018\/10\/ramil_usubov_042.jpg",800,600,false],"thumbnail":["https:\/\/arantv.az\/wp-content\/uploads\/2018\/10\/ramil_usubov_042-150x150.jpg",150,150,true],"medium":["https:\/\/arantv.az\/wp-content\/uploads\/2018\/10\/ramil_usubov_042-300x225.jpg",300,225,true],"large":["https:\/\/arantv.az\/wp-content\/uploads\/2018\/10\/ramil_usubov_042.jpg",640,480,false],"1536x1536":["https:\/\/arantv.az\/wp-content\/uploads\/2018\/10\/ramil_usubov_042.jpg",800,600,false],"2048x2048":["https:\/\/arantv.az\/wp-content\/uploads\/2018\/10\/ramil_usubov_042.jpg",800,600,false],"post-thumbnail":["https:\/\/arantv.az\/wp-content\/uploads\/2018\/10\/ramil_usubov_042-240x172.jpg",240,172,true],"advps-thumb-one":["https:\/\/arantv.az\/wp-content\/uploads\/2018\/10\/ramil_usubov_042.jpg",800,600,false]},"rttpg_author":{"display_name":"V\u00fcsal Rafiqo\u011flu","author_link":"https:\/\/arantv.az\/?author=2"},"rttpg_comment":0,"rttpg_category":"<a href=\"https:\/\/arantv.az\/?cat=19\" rel=\"category\">G\u00fcnd\u0259m<\/a>","rttpg_excerpt":"Daxili \u0130\u015fl\u0259r naziri Ramil Usubov polis r\u0259isinin yerini d\u0259yi\u015fib. ARANTV.AZ unikal.org-a istinad\u0259n x\u0259b\u0259r verir ki, daxili i\u015fl\u0259r naziri, general-polkovnik Ramil Usubov m\u00fcvafiq \u0259mr imzalay\u0131b. \u018fmr\u0259 \u0259sas\u0259n, Rahib Mirz\u0259yev N\u0259simi Rayon Polis \u0130dar\u0259sinin 20-ci b\u00f6lm\u0259sinin r\u0259isi t\u0259yin edilib. X\u0259b\u0259ri N\u0259simi Rayon Polis \u0130dar\u0259sind\u0259n t\u0259sdiql\u0259yibl\u0259r. Qeyd ed\u0259k ki, Daxili \u0130\u015fl\u0259r Nazirliyinin Daxili T\u0259hqiqatlar \u0130dar\u0259sinin r\u0259isi, polis general-mayoru&hellip;","_links":{"self":[{"href":"https:\/\/arantv.az\/index.php?rest_route=\/wp\/v2\/posts\/20971"}],"collection":[{"href":"https:\/\/arantv.az\/index.php?rest_route=\/wp\/v2\/posts"}],"about":[{"href":"https:\/\/arantv.az\/index.php?rest_route=\/wp\/v2\/types\/post"}],"author":[{"embeddable":true,"href":"https:\/\/arantv.az\/index.php?rest_route=\/wp\/v2\/users\/2"}],"replies":[{"embeddable":true,"href":"https:\/\/arantv.az\/index.php?rest_route=%2Fwp%2Fv2%2Fcomments&post=20971"}],"version-history":[{"count":0,"href":"https:\/\/arantv.az\/index.php?rest_route=\/wp\/v2\/posts\/20971\/revisions"}],"wp:featuredmedia":[{"embeddable":true,"href":"https:\/\/arantv.az\/index.php?rest_route=\/wp\/v2\/media\/20972"}],"wp:attachment":[{"href":"https:\/\/arantv.az\/index.php?rest_route=%2Fwp%2Fv2%2Fmedia&parent=20971"}],"wp:term":[{"taxonomy":"category","embeddable":true,"href":"https:\/\/arantv.az\/index.php?rest_route=%2Fwp%2Fv2%2Fcategories&post=20971"},{"taxonomy":"post_tag","embeddable":true,"href":"https:\/\/arantv.az\/index.php?rest_route=%2Fwp%2Fv2%2Ftags&post=20971"}],"curies":[{"name":"wp","href":"https:\/\/api.w.org\/{rel}","templated":true}]}}