{"id":209724,"date":"2020-08-25T08:37:05","date_gmt":"2020-08-25T05:37:05","guid":{"rendered":"http:\/\/arantv.az\/?p=209724"},"modified":"2020-08-25T08:37:05","modified_gmt":"2020-08-25T05:37:05","slug":"iranda-vurulan-ukraynaya-m%c9%99xsus-t%c9%99yyar%c9%99-il%c9%99-bagli-sok-t%c9%99f%c9%99rruat","status":"publish","type":"post","link":"https:\/\/arantv.az\/?p=209724","title":{"rendered":"\u0130randa vurulan Ukraynaya m\u0259xsus t\u0259yyar\u0259 il\u0259 ba\u011fl\u0131 \u015fok t\u0259f\u0259rr\u00fcat"},"content":{"rendered":"<p>Ukraynaya m\u0259xsus \u201cBoeing 737-800\u201d t\u0259yyar\u0259sinin vurulmas\u0131ndan sonra g\u00f6y\u0259rt\u0259d\u0259 sa\u011f qalanlar\u00a0olub.<\/p>\n<p>\u201cNewsweek\u201din m\u0259lumat\u0131na g\u00f6r\u0259, bu bar\u0259d\u0259 \u0130ran M\u00fclki Aviasiya D\u0259rn\u0259yi t\u0259yyar\u0259d\u0259n \u00e7\u0131xar\u0131lan \u201cqara qutu\u201dnun m\u0259lumatlar\u0131na istinad\u0259n x\u0259b\u0259r yay\u0131b.<\/p>\n<p>Bildirilir ki, t\u0259yyar\u0259nin raketl\u0259 vurulmas\u0131ndan sonra birinci v\u0259 ikinci pilotlar aras\u0131ndak\u0131 s\u00f6hb\u0259tin t\u0259xmin\u0259n 19 saniy\u0259si s\u0259syazana qeyd olunub. Sonra audio yaz\u0131 k\u0259silib.<\/p>\n<div id=\"AdviadNativeVideo0\" class=\"AdviadNativeVideo\"><\/div>\n<p>Birinci v\u0259 ikinci z\u0259rb\u0259l\u0259r aras\u0131nda 25 saniy\u0259 ke\u00e7ib. Pilotlar son ana q\u0259d\u0259r t\u0259yyar\u0259ni idar\u0259 edibl\u0259r.<\/p>\n<p>S\u0259rni\u015fin b\u00f6lm\u0259sind\u0259ki qeydl\u0259r saxlan\u0131lmay\u0131b, \u00e7ox g\u00fcman ki,\u00a0s\u0259syazma mexanizml\u0259ri partlay\u0131\u015f n\u0259tic\u0259sind\u0259 z\u0259d\u0259l\u0259nib.<\/p>\n<p>Xat\u0131rladaq ki, bu ilin yanvar ay\u0131n\u0131n 8-d\u0259 MAU avia\u015firk\u0259tinin \u201cBoeing 737-800\u201d t\u0259yyar\u0259si Tehran yax\u0131nl\u0131\u011f\u0131nda vurulub.<\/p>\n<p>Q\u0259za vaxt\u0131 g\u00f6y\u0259rt\u0259d\u0259 176 n\u0259f\u0259r olub. Yanvar\u0131n 11-d\u0259 \u0130ran t\u0259yyar\u0259ni s\u0259hv\u0259n vurdu\u011funu a\u00e7\u0131qlay\u0131b.<\/p>\n","protected":false},"excerpt":{"rendered":"<p>Ukraynaya m\u0259xsus \u201cBoeing 737-800\u201d t\u0259yyar\u0259sinin vurulmas\u0131ndan sonra g\u00f6y\u0259rt\u0259d\u0259 sa\u011f qalanlar\u00a0olub. \u201cNewsweek\u201din m\u0259lumat\u0131na g\u00f6r\u0259, bu bar\u0259d\u0259 \u0130ran M\u00fclki Aviasiya D\u0259rn\u0259yi t\u0259yyar\u0259d\u0259n \u00e7\u0131xar\u0131lan \u201cqara qutu\u201dnun m\u0259lumatlar\u0131na istinad\u0259n x\u0259b\u0259r yay\u0131b. Bildirilir ki, t\u0259yyar\u0259nin raketl\u0259 vurulmas\u0131ndan sonra birinci v\u0259 ikinci pilotlar aras\u0131ndak\u0131 s\u00f6hb\u0259tin t\u0259xmin\u0259n 19 saniy\u0259si s\u0259syazana qeyd olunub. Sonra audio yaz\u0131 k\u0259silib. Birinci v\u0259 ikinci z\u0259rb\u0259l\u0259r aras\u0131nda 25 saniy\u0259 ke\u00e7ib. Pilotlar son ana q\u0259d\u0259r t\u0259yyar\u0259ni idar\u0259 edibl\u0259r. S\u0259rni\u015fin b\u00f6lm\u0259sind\u0259ki qeydl\u0259r saxlan\u0131lmay\u0131b, \u00e7ox g\u00fcman ki,\u00a0s\u0259syazma mexanizml\u0259ri partlay\u0131\u015f n\u0259tic\u0259sind\u0259 z\u0259d\u0259l\u0259nib. Xat\u0131rladaq ki, bu ilin yanvar ay\u0131n\u0131n 8-d\u0259 MAU avia\u015firk\u0259tinin \u201cBoeing 737-800\u201d t\u0259yyar\u0259si Tehran yax\u0131nl\u0131\u011f\u0131nda vurulub.&hellip;<\/p>\n","protected":false},"author":2,"featured_media":209725,"comment_status":"closed","ping_status":"closed","sticky":false,"template":"","format":"standard","meta":{"om_disable_all_campaigns":false,"_monsterinsights_skip_tracking":false,"_monsterinsights_sitenote_active":false,"_monsterinsights_sitenote_note":"","_monsterinsights_sitenote_category":0},"categories":[7],"tags":[],"aioseo_notices":[],"gutentor_comment":0,"rttpg_featured_image_url":{"full":["https:\/\/arantv.az\/wp-content\/uploads\/2020\/08\/news_20200111091511.jpg",620,354,false],"landscape":["https:\/\/arantv.az\/wp-content\/uploads\/2020\/08\/news_20200111091511.jpg",620,354,false],"portraits":["https:\/\/arantv.az\/wp-content\/uploads\/2020\/08\/news_20200111091511.jpg",620,354,false],"thumbnail":["https:\/\/arantv.az\/wp-content\/uploads\/2020\/08\/news_20200111091511-150x150.jpg",150,150,true],"medium":["https:\/\/arantv.az\/wp-content\/uploads\/2020\/08\/news_20200111091511-300x171.jpg",300,171,true],"large":["https:\/\/arantv.az\/wp-content\/uploads\/2020\/08\/news_20200111091511.jpg",620,354,false],"1536x1536":["https:\/\/arantv.az\/wp-content\/uploads\/2020\/08\/news_20200111091511.jpg",620,354,false],"2048x2048":["https:\/\/arantv.az\/wp-content\/uploads\/2020\/08\/news_20200111091511.jpg",620,354,false],"post-thumbnail":["https:\/\/arantv.az\/wp-content\/uploads\/2020\/08\/news_20200111091511-240x172.jpg",240,172,true],"advps-thumb-one":["https:\/\/arantv.az\/wp-content\/uploads\/2020\/08\/news_20200111091511.jpg",620,354,false]},"rttpg_author":{"display_name":"V\u00fcsal Rafiqo\u011flu","author_link":"https:\/\/arantv.az\/?author=2"},"rttpg_comment":0,"rttpg_category":"<a href=\"https:\/\/arantv.az\/?cat=7\" rel=\"category\">D\u00fcnya<\/a>","rttpg_excerpt":"Ukraynaya m\u0259xsus \u201cBoeing 737-800\u201d t\u0259yyar\u0259sinin vurulmas\u0131ndan sonra g\u00f6y\u0259rt\u0259d\u0259 sa\u011f qalanlar\u00a0olub. \u201cNewsweek\u201din m\u0259lumat\u0131na g\u00f6r\u0259, bu bar\u0259d\u0259 \u0130ran M\u00fclki Aviasiya D\u0259rn\u0259yi t\u0259yyar\u0259d\u0259n \u00e7\u0131xar\u0131lan \u201cqara qutu\u201dnun m\u0259lumatlar\u0131na istinad\u0259n x\u0259b\u0259r yay\u0131b. Bildirilir ki, t\u0259yyar\u0259nin raketl\u0259 vurulmas\u0131ndan sonra birinci v\u0259 ikinci pilotlar aras\u0131ndak\u0131 s\u00f6hb\u0259tin t\u0259xmin\u0259n 19 saniy\u0259si s\u0259syazana qeyd olunub. Sonra audio yaz\u0131 k\u0259silib. Birinci v\u0259 ikinci z\u0259rb\u0259l\u0259r aras\u0131nda 25&hellip;","_links":{"self":[{"href":"https:\/\/arantv.az\/index.php?rest_route=\/wp\/v2\/posts\/209724"}],"collection":[{"href":"https:\/\/arantv.az\/index.php?rest_route=\/wp\/v2\/posts"}],"about":[{"href":"https:\/\/arantv.az\/index.php?rest_route=\/wp\/v2\/types\/post"}],"author":[{"embeddable":true,"href":"https:\/\/arantv.az\/index.php?rest_route=\/wp\/v2\/users\/2"}],"replies":[{"embeddable":true,"href":"https:\/\/arantv.az\/index.php?rest_route=%2Fwp%2Fv2%2Fcomments&post=209724"}],"version-history":[{"count":0,"href":"https:\/\/arantv.az\/index.php?rest_route=\/wp\/v2\/posts\/209724\/revisions"}],"wp:featuredmedia":[{"embeddable":true,"href":"https:\/\/arantv.az\/index.php?rest_route=\/wp\/v2\/media\/209725"}],"wp:attachment":[{"href":"https:\/\/arantv.az\/index.php?rest_route=%2Fwp%2Fv2%2Fmedia&parent=209724"}],"wp:term":[{"taxonomy":"category","embeddable":true,"href":"https:\/\/arantv.az\/index.php?rest_route=%2Fwp%2Fv2%2Fcategories&post=209724"},{"taxonomy":"post_tag","embeddable":true,"href":"https:\/\/arantv.az\/index.php?rest_route=%2Fwp%2Fv2%2Ftags&post=209724"}],"curies":[{"name":"wp","href":"https:\/\/api.w.org\/{rel}","templated":true}]}}