{"id":209737,"date":"2020-08-25T08:39:40","date_gmt":"2020-08-25T05:39:40","guid":{"rendered":"http:\/\/arantv.az\/?p=209737"},"modified":"2020-08-25T08:39:40","modified_gmt":"2020-08-25T05:39:40","slug":"kolumbiyada-sentyabrin-1-d%c9%99n-karantin-l%c9%99gv-edil%c9%99c%c9%99k","status":"publish","type":"post","link":"https:\/\/arantv.az\/?p=209737","title":{"rendered":"Kolumbiyada sentyabr\u0131n 1-d\u0259n karantin l\u0259\u011fv edil\u0259c\u0259k"},"content":{"rendered":"<p><strong>Kolumbiya hakimiyy\u0259ti avqustun 31-d\u0259 ba\u015fa \u00e7atacaq karantini uzatmamaq q\u0259rar\u0131na g\u0259lib.<\/strong><\/p>\n<p><strong>ARANTV.AZ\u00a0\u00a0<\/strong><a href=\"http:\/\/az.trend.az\/\" target=\"_blank\" rel=\"noopener\">Trend<\/a>-\u0259 istinad\u0259n verdiyi m\u0259lumata g\u00f6r\u0259, bunu \u00f6lk\u0259 prezidenti \u0130van Duke Boqotada \u00e7\u0131x\u0131\u015f\u0131 zaman\u0131 b\u0259yan edib.<\/p>\n<p>&#8220;Sentyabr\u0131n 1-d\u0259 yeni m\u0259rh\u0259l\u0259 ba\u015flay\u0131r. M\u0259cburi t\u0259cridetm\u0259 \u0259v\u0259zin\u0259 [b\u00fct\u00fcn v\u0259t\u0259nda\u015flar \u00fc\u00e7\u00fcn] se\u00e7m\u0259 t\u0259cridetm\u0259 t\u0259tbiq olunur&#8221;, &#8211; \u0130.Duke deyib. Prezident izah edib ki, bir \u00e7ox m\u0259hdudla\u015fd\u0131r\u0131c\u0131 t\u0259dbirl\u0259r l\u0259\u011fv edil\u0259c\u0259k v\u0259 iqtisadiyyat\u0131n m\u00fcxt\u0259lif sah\u0259l\u0259rind\u0259 i\u015fl\u0259r yenid\u0259n ba\u015flayacaq.<\/p>\n<p>Duque \u0259lav\u0259 edib ki, s\u0259hiyy\u0259 sah\u0259si il\u0259 \u0259laq\u0259dar f\u00f6vq\u0259lad\u0259 v\u0259ziyy\u0259t noyabr\u0131n 30-d\u0259k davam ed\u0259c\u0259k.<\/p>\n<p>Koronavirus infeksiyas\u0131n\u0131n ilk hal\u0131 Kolumbiyada mart\u0131n 6-da qeyd\u0259 al\u0131n\u0131b. Mart\u0131n 17-d\u0259 Duke pandemiya s\u0259b\u0259biyl\u0259 \u00f6lk\u0259d\u0259 30 g\u00fcnl\u00fck f\u00f6vq\u0259lad\u0259 v\u0259ziyy\u0259t elan edib. Hakimiyy\u0259t daha sonra infeksiyan\u0131n yay\u0131lmas\u0131n\u0131n qar\u015f\u0131s\u0131n\u0131 almaq \u00fc\u00e7\u00fcn beyn\u0259lxalq reysl\u0259rin q\u0259bulunu dayand\u0131rmaq q\u0259rar\u0131na g\u0259lib v\u0259 mart\u0131n 24-d\u0259n aprelin 13-d\u0259k daha sonra sentyabr\u0131n 1-d\u0259k uzad\u0131lan \u00fcmummilli karantini t\u0259tbiq edib.<\/p>\n<p>Son m\u0259lumatlara g\u00f6r\u0259, Kolumbiyada koronavirusa yoluxanlar\u0131n say\u0131 551,696 n\u0259f\u0259r\u0259 \u00e7at\u0131b, 17 612 n\u0259f\u0259r d\u00fcnyas\u0131n\u0131 d\u0259yi\u015fib.<\/p>\n","protected":false},"excerpt":{"rendered":"<p>Kolumbiya hakimiyy\u0259ti avqustun 31-d\u0259 ba\u015fa \u00e7atacaq karantini uzatmamaq q\u0259rar\u0131na g\u0259lib. ARANTV.AZ\u00a0\u00a0Trend-\u0259 istinad\u0259n verdiyi m\u0259lumata g\u00f6r\u0259, bunu \u00f6lk\u0259 prezidenti \u0130van Duke Boqotada \u00e7\u0131x\u0131\u015f\u0131 zaman\u0131 b\u0259yan edib. &#8220;Sentyabr\u0131n 1-d\u0259 yeni m\u0259rh\u0259l\u0259 ba\u015flay\u0131r. M\u0259cburi t\u0259cridetm\u0259 \u0259v\u0259zin\u0259 [b\u00fct\u00fcn v\u0259t\u0259nda\u015flar \u00fc\u00e7\u00fcn] se\u00e7m\u0259 t\u0259cridetm\u0259 t\u0259tbiq olunur&#8221;, &#8211; \u0130.Duke deyib. Prezident izah edib ki, bir \u00e7ox m\u0259hdudla\u015fd\u0131r\u0131c\u0131 t\u0259dbirl\u0259r l\u0259\u011fv edil\u0259c\u0259k v\u0259 iqtisadiyyat\u0131n m\u00fcxt\u0259lif sah\u0259l\u0259rind\u0259 i\u015fl\u0259r yenid\u0259n ba\u015flayacaq. Duque \u0259lav\u0259 edib ki, s\u0259hiyy\u0259 sah\u0259si il\u0259 \u0259laq\u0259dar f\u00f6vq\u0259lad\u0259 v\u0259ziyy\u0259t noyabr\u0131n 30-d\u0259k davam ed\u0259c\u0259k. Koronavirus infeksiyas\u0131n\u0131n ilk hal\u0131 Kolumbiyada mart\u0131n 6-da qeyd\u0259 al\u0131n\u0131b. Mart\u0131n 17-d\u0259 Duke pandemiya s\u0259b\u0259biyl\u0259 \u00f6lk\u0259d\u0259 30&hellip;<\/p>\n","protected":false},"author":2,"featured_media":209738,"comment_status":"closed","ping_status":"closed","sticky":false,"template":"","format":"standard","meta":{"om_disable_all_campaigns":false,"_monsterinsights_skip_tracking":false,"_monsterinsights_sitenote_active":false,"_monsterinsights_sitenote_note":"","_monsterinsights_sitenote_category":0},"categories":[7],"tags":[],"aioseo_notices":[],"gutentor_comment":0,"rttpg_featured_image_url":{"full":["https:\/\/arantv.az\/wp-content\/uploads\/2020\/08\/875774.jpg",612,340,false],"landscape":["https:\/\/arantv.az\/wp-content\/uploads\/2020\/08\/875774.jpg",612,340,false],"portraits":["https:\/\/arantv.az\/wp-content\/uploads\/2020\/08\/875774.jpg",612,340,false],"thumbnail":["https:\/\/arantv.az\/wp-content\/uploads\/2020\/08\/875774-150x150.jpg",150,150,true],"medium":["https:\/\/arantv.az\/wp-content\/uploads\/2020\/08\/875774-300x167.jpg",300,167,true],"large":["https:\/\/arantv.az\/wp-content\/uploads\/2020\/08\/875774.jpg",612,340,false],"1536x1536":["https:\/\/arantv.az\/wp-content\/uploads\/2020\/08\/875774.jpg",612,340,false],"2048x2048":["https:\/\/arantv.az\/wp-content\/uploads\/2020\/08\/875774.jpg",612,340,false],"post-thumbnail":["https:\/\/arantv.az\/wp-content\/uploads\/2020\/08\/875774-240x172.jpg",240,172,true],"advps-thumb-one":["https:\/\/arantv.az\/wp-content\/uploads\/2020\/08\/875774.jpg",612,340,false]},"rttpg_author":{"display_name":"V\u00fcsal Rafiqo\u011flu","author_link":"https:\/\/arantv.az\/?author=2"},"rttpg_comment":0,"rttpg_category":"<a href=\"https:\/\/arantv.az\/?cat=7\" rel=\"category\">D\u00fcnya<\/a>","rttpg_excerpt":"Kolumbiya hakimiyy\u0259ti avqustun 31-d\u0259 ba\u015fa \u00e7atacaq karantini uzatmamaq q\u0259rar\u0131na g\u0259lib. ARANTV.AZ\u00a0\u00a0Trend-\u0259 istinad\u0259n verdiyi m\u0259lumata g\u00f6r\u0259, bunu \u00f6lk\u0259 prezidenti \u0130van Duke Boqotada \u00e7\u0131x\u0131\u015f\u0131 zaman\u0131 b\u0259yan edib. &#8220;Sentyabr\u0131n 1-d\u0259 yeni m\u0259rh\u0259l\u0259 ba\u015flay\u0131r. M\u0259cburi t\u0259cridetm\u0259 \u0259v\u0259zin\u0259 [b\u00fct\u00fcn v\u0259t\u0259nda\u015flar \u00fc\u00e7\u00fcn] se\u00e7m\u0259 t\u0259cridetm\u0259 t\u0259tbiq olunur&#8221;, &#8211; \u0130.Duke deyib. Prezident izah edib ki, bir \u00e7ox m\u0259hdudla\u015fd\u0131r\u0131c\u0131 t\u0259dbirl\u0259r l\u0259\u011fv edil\u0259c\u0259k v\u0259 iqtisadiyyat\u0131n&hellip;","_links":{"self":[{"href":"https:\/\/arantv.az\/index.php?rest_route=\/wp\/v2\/posts\/209737"}],"collection":[{"href":"https:\/\/arantv.az\/index.php?rest_route=\/wp\/v2\/posts"}],"about":[{"href":"https:\/\/arantv.az\/index.php?rest_route=\/wp\/v2\/types\/post"}],"author":[{"embeddable":true,"href":"https:\/\/arantv.az\/index.php?rest_route=\/wp\/v2\/users\/2"}],"replies":[{"embeddable":true,"href":"https:\/\/arantv.az\/index.php?rest_route=%2Fwp%2Fv2%2Fcomments&post=209737"}],"version-history":[{"count":0,"href":"https:\/\/arantv.az\/index.php?rest_route=\/wp\/v2\/posts\/209737\/revisions"}],"wp:featuredmedia":[{"embeddable":true,"href":"https:\/\/arantv.az\/index.php?rest_route=\/wp\/v2\/media\/209738"}],"wp:attachment":[{"href":"https:\/\/arantv.az\/index.php?rest_route=%2Fwp%2Fv2%2Fmedia&parent=209737"}],"wp:term":[{"taxonomy":"category","embeddable":true,"href":"https:\/\/arantv.az\/index.php?rest_route=%2Fwp%2Fv2%2Fcategories&post=209737"},{"taxonomy":"post_tag","embeddable":true,"href":"https:\/\/arantv.az\/index.php?rest_route=%2Fwp%2Fv2%2Ftags&post=209737"}],"curies":[{"name":"wp","href":"https:\/\/api.w.org\/{rel}","templated":true}]}}