{"id":20974,"date":"2018-10-24T11:40:08","date_gmt":"2018-10-24T08:40:08","guid":{"rendered":"http:\/\/arantv.az\/?p=20974"},"modified":"2018-10-24T11:40:08","modified_gmt":"2018-10-24T08:40:08","slug":"ana-2-usagi-il%c9%99-itkin-dusub","status":"publish","type":"post","link":"https:\/\/arantv.az\/?p=20974","title":{"rendered":"Ana 2 u\u015fa\u011f\u0131 il\u0259 itkin d\u00fc\u015f\u00fcb"},"content":{"rendered":"<p><strong>Ab\u015feron rayonu X\u0131rdalan \u015f\u0259h\u0259rind\u0259 ya\u015fayan bir ail\u0259nin \u00fc\u00e7 \u00fczv\u00fc itkin d\u00fc\u015f\u00fcb.<\/strong><\/p>\n<p><strong>ARANTV.AZ<\/strong> qafqazinfo-ya istinad\u0259n x\u0259b\u0259r verir ki, X\u0131rdalanda kiray\u0259d\u0259 ya\u015fayan 1988-c\u0131 il t\u0259v\u0259ll\u00fcdl\u00fc H\u00fcseynova G\u00fcnay \u0130mran q\u0131z\u0131 2014-c\u00fc il t\u0259v\u0259ll\u00fcdl\u00fc q\u0131z\u0131 Aylin v\u0259 2015-ci il t\u0259v\u0259ll\u00fcdl\u00fc o\u011flu Aminl\u0259 birg\u0259 evd\u0259n \u00e7\u0131x\u0131b v\u0259 geri qay\u0131tmay\u0131blar.<\/p>\n<p>Ana v\u0259 iki azya\u015fl\u0131n\u0131n axtar\u0131\u015flar\u0131 polisl\u0259r t\u0259r\u0259find\u0259n davam etdirilir.<\/p>\n","protected":false},"excerpt":{"rendered":"<p>Ab\u015feron rayonu X\u0131rdalan \u015f\u0259h\u0259rind\u0259 ya\u015fayan bir ail\u0259nin \u00fc\u00e7 \u00fczv\u00fc itkin d\u00fc\u015f\u00fcb. ARANTV.AZ qafqazinfo-ya istinad\u0259n x\u0259b\u0259r verir ki, X\u0131rdalanda kiray\u0259d\u0259 ya\u015fayan 1988-c\u0131 il t\u0259v\u0259ll\u00fcdl\u00fc H\u00fcseynova G\u00fcnay \u0130mran q\u0131z\u0131 2014-c\u00fc il t\u0259v\u0259ll\u00fcdl\u00fc q\u0131z\u0131 Aylin v\u0259 2015-ci il t\u0259v\u0259ll\u00fcdl\u00fc o\u011flu Aminl\u0259 birg\u0259 evd\u0259n \u00e7\u0131x\u0131b v\u0259 geri qay\u0131tmay\u0131blar. Ana v\u0259 iki azya\u015fl\u0131n\u0131n axtar\u0131\u015flar\u0131 polisl\u0259r t\u0259r\u0259find\u0259n davam etdirilir.<\/p>\n","protected":false},"author":2,"featured_media":20975,"comment_status":"closed","ping_status":"closed","sticky":false,"template":"","format":"standard","meta":{"om_disable_all_campaigns":false,"_monsterinsights_skip_tracking":false,"_monsterinsights_sitenote_active":false,"_monsterinsights_sitenote_note":"","_monsterinsights_sitenote_category":0},"categories":[5],"tags":[],"aioseo_notices":[],"gutentor_comment":0,"rttpg_featured_image_url":{"full":["https:\/\/arantv.az\/wp-content\/uploads\/2018\/10\/ana_bala_itkin_045.jpg",800,600,false],"landscape":["https:\/\/arantv.az\/wp-content\/uploads\/2018\/10\/ana_bala_itkin_045.jpg",800,600,false],"portraits":["https:\/\/arantv.az\/wp-content\/uploads\/2018\/10\/ana_bala_itkin_045.jpg",800,600,false],"thumbnail":["https:\/\/arantv.az\/wp-content\/uploads\/2018\/10\/ana_bala_itkin_045-150x150.jpg",150,150,true],"medium":["https:\/\/arantv.az\/wp-content\/uploads\/2018\/10\/ana_bala_itkin_045-300x225.jpg",300,225,true],"large":["https:\/\/arantv.az\/wp-content\/uploads\/2018\/10\/ana_bala_itkin_045.jpg",640,480,false],"1536x1536":["https:\/\/arantv.az\/wp-content\/uploads\/2018\/10\/ana_bala_itkin_045.jpg",800,600,false],"2048x2048":["https:\/\/arantv.az\/wp-content\/uploads\/2018\/10\/ana_bala_itkin_045.jpg",800,600,false],"post-thumbnail":["https:\/\/arantv.az\/wp-content\/uploads\/2018\/10\/ana_bala_itkin_045-240x172.jpg",240,172,true],"advps-thumb-one":["https:\/\/arantv.az\/wp-content\/uploads\/2018\/10\/ana_bala_itkin_045.jpg",800,600,false]},"rttpg_author":{"display_name":"V\u00fcsal Rafiqo\u011flu","author_link":"https:\/\/arantv.az\/?author=2"},"rttpg_comment":0,"rttpg_category":"<a href=\"https:\/\/arantv.az\/?cat=5\" rel=\"category\">Hadis\u0259<\/a>","rttpg_excerpt":"Ab\u015feron rayonu X\u0131rdalan \u015f\u0259h\u0259rind\u0259 ya\u015fayan bir ail\u0259nin \u00fc\u00e7 \u00fczv\u00fc itkin d\u00fc\u015f\u00fcb. ARANTV.AZ qafqazinfo-ya istinad\u0259n x\u0259b\u0259r verir ki, X\u0131rdalanda kiray\u0259d\u0259 ya\u015fayan 1988-c\u0131 il t\u0259v\u0259ll\u00fcdl\u00fc H\u00fcseynova G\u00fcnay \u0130mran q\u0131z\u0131 2014-c\u00fc il t\u0259v\u0259ll\u00fcdl\u00fc q\u0131z\u0131 Aylin v\u0259 2015-ci il t\u0259v\u0259ll\u00fcdl\u00fc o\u011flu Aminl\u0259 birg\u0259 evd\u0259n \u00e7\u0131x\u0131b v\u0259 geri qay\u0131tmay\u0131blar. Ana v\u0259 iki azya\u015fl\u0131n\u0131n axtar\u0131\u015flar\u0131 polisl\u0259r t\u0259r\u0259find\u0259n davam etdirilir.","_links":{"self":[{"href":"https:\/\/arantv.az\/index.php?rest_route=\/wp\/v2\/posts\/20974"}],"collection":[{"href":"https:\/\/arantv.az\/index.php?rest_route=\/wp\/v2\/posts"}],"about":[{"href":"https:\/\/arantv.az\/index.php?rest_route=\/wp\/v2\/types\/post"}],"author":[{"embeddable":true,"href":"https:\/\/arantv.az\/index.php?rest_route=\/wp\/v2\/users\/2"}],"replies":[{"embeddable":true,"href":"https:\/\/arantv.az\/index.php?rest_route=%2Fwp%2Fv2%2Fcomments&post=20974"}],"version-history":[{"count":0,"href":"https:\/\/arantv.az\/index.php?rest_route=\/wp\/v2\/posts\/20974\/revisions"}],"wp:featuredmedia":[{"embeddable":true,"href":"https:\/\/arantv.az\/index.php?rest_route=\/wp\/v2\/media\/20975"}],"wp:attachment":[{"href":"https:\/\/arantv.az\/index.php?rest_route=%2Fwp%2Fv2%2Fmedia&parent=20974"}],"wp:term":[{"taxonomy":"category","embeddable":true,"href":"https:\/\/arantv.az\/index.php?rest_route=%2Fwp%2Fv2%2Fcategories&post=20974"},{"taxonomy":"post_tag","embeddable":true,"href":"https:\/\/arantv.az\/index.php?rest_route=%2Fwp%2Fv2%2Ftags&post=20974"}],"curies":[{"name":"wp","href":"https:\/\/api.w.org\/{rel}","templated":true}]}}