{"id":209741,"date":"2020-08-25T08:42:17","date_gmt":"2020-08-25T05:42:17","guid":{"rendered":"http:\/\/arantv.az\/?p=209741"},"modified":"2020-08-25T08:42:17","modified_gmt":"2020-08-25T05:42:17","slug":"operativ-q%c9%99rargahdan-s%c9%99d%c9%99r%c9%99k-bin%c9%99-v%c9%99-malllarin-acilmasi-il%c9%99-bagli-yekun-q%c9%99rar","status":"publish","type":"post","link":"https:\/\/arantv.az\/?p=209741","title":{"rendered":"Operativ Q\u0259rargahdan \u201cS\u0259d\u0259r\u0259k\u201d, \u201cBin\u0259\u201d v\u0259 \u201cmall\u201dlar\u0131n a\u00e7\u0131lmas\u0131 il\u0259 ba\u011fl\u0131 yekun q\u0259rar"},"content":{"rendered":"<div class=\"spot\">Haz\u0131rda iri ticar\u0259t m\u00fc\u0259ssis\u0259l\u0259rinin a\u00e7\u0131lmas\u0131 il\u0259 ba\u011fl\u0131 yekun q\u0259rar yoxdur&#8230;<\/div>\n<p>Bunu Nazirl\u0259r Kabineti yan\u0131nda Operativ Q\u0259rargah\u0131n brifinqind\u0259 Az\u0259rbaycan Respublikas\u0131 Prezidentinin k\u00f6m\u0259k\u00e7isi, Az\u0259rbaycan Respublikas\u0131 Prezidentinin Administrasiyas\u0131n\u0131n Xarici siyas\u0259t m\u0259s\u0259l\u0259l\u0259ri \u015f\u00f6b\u0259sinin m\u00fcdiri Hikm\u0259t Hac\u0131yev deyib.<\/p>\n<p>O bildirib ki, m\u0259rh\u0259l\u0259li \u015f\u0259kild\u0259 a\u00e7\u0131lmalara gedilir, n\u00f6vb\u0259ti m\u0259qama ke\u00e7idl\u0259 ba\u011fl\u0131 q\u0259rarlar q\u0259bul edilir: \u201cV\u0259t\u0259nda\u015flar\u0131n ictimai f\u0259all\u0131q v\u0259 qaydalara n\u0259zar\u0259t etm\u0259sind\u0259n as\u0131l\u0131 olaraq n\u00f6vb\u0259ti vaxtlarda bununla ba\u011fl\u0131 q\u0259rar q\u0259bul edil\u0259c\u0259k\u201d.<\/p>\n","protected":false},"excerpt":{"rendered":"<p>Haz\u0131rda iri ticar\u0259t m\u00fc\u0259ssis\u0259l\u0259rinin a\u00e7\u0131lmas\u0131 il\u0259 ba\u011fl\u0131 yekun q\u0259rar yoxdur&#8230; Bunu Nazirl\u0259r Kabineti yan\u0131nda Operativ Q\u0259rargah\u0131n brifinqind\u0259 Az\u0259rbaycan Respublikas\u0131 Prezidentinin k\u00f6m\u0259k\u00e7isi, Az\u0259rbaycan Respublikas\u0131 Prezidentinin Administrasiyas\u0131n\u0131n Xarici siyas\u0259t m\u0259s\u0259l\u0259l\u0259ri \u015f\u00f6b\u0259sinin m\u00fcdiri Hikm\u0259t Hac\u0131yev deyib. O bildirib ki, m\u0259rh\u0259l\u0259li \u015f\u0259kild\u0259 a\u00e7\u0131lmalara gedilir, n\u00f6vb\u0259ti m\u0259qama ke\u00e7idl\u0259 ba\u011fl\u0131 q\u0259rarlar q\u0259bul edilir: \u201cV\u0259t\u0259nda\u015flar\u0131n ictimai f\u0259all\u0131q v\u0259 qaydalara n\u0259zar\u0259t etm\u0259sind\u0259n as\u0131l\u0131 olaraq n\u00f6vb\u0259ti vaxtlarda bununla ba\u011fl\u0131 q\u0259rar q\u0259bul edil\u0259c\u0259k\u201d.<\/p>\n","protected":false},"author":2,"featured_media":209742,"comment_status":"closed","ping_status":"closed","sticky":false,"template":"","format":"standard","meta":{"om_disable_all_campaigns":false,"_monsterinsights_skip_tracking":false,"_monsterinsights_sitenote_active":false,"_monsterinsights_sitenote_note":"","_monsterinsights_sitenote_category":0},"categories":[26],"tags":[],"aioseo_notices":[],"gutentor_comment":0,"rttpg_featured_image_url":{"full":["https:\/\/arantv.az\/wp-content\/uploads\/2020\/08\/2-6.jpg",599,348,false],"landscape":["https:\/\/arantv.az\/wp-content\/uploads\/2020\/08\/2-6.jpg",599,348,false],"portraits":["https:\/\/arantv.az\/wp-content\/uploads\/2020\/08\/2-6.jpg",599,348,false],"thumbnail":["https:\/\/arantv.az\/wp-content\/uploads\/2020\/08\/2-6-150x150.jpg",150,150,true],"medium":["https:\/\/arantv.az\/wp-content\/uploads\/2020\/08\/2-6-300x174.jpg",300,174,true],"large":["https:\/\/arantv.az\/wp-content\/uploads\/2020\/08\/2-6.jpg",599,348,false],"1536x1536":["https:\/\/arantv.az\/wp-content\/uploads\/2020\/08\/2-6.jpg",599,348,false],"2048x2048":["https:\/\/arantv.az\/wp-content\/uploads\/2020\/08\/2-6.jpg",599,348,false],"post-thumbnail":["https:\/\/arantv.az\/wp-content\/uploads\/2020\/08\/2-6-240x172.jpg",240,172,true],"advps-thumb-one":["https:\/\/arantv.az\/wp-content\/uploads\/2020\/08\/2-6.jpg",599,348,false]},"rttpg_author":{"display_name":"V\u00fcsal Rafiqo\u011flu","author_link":"https:\/\/arantv.az\/?author=2"},"rttpg_comment":0,"rttpg_category":"<a href=\"https:\/\/arantv.az\/?cat=26\" rel=\"category\">Sosial<\/a>","rttpg_excerpt":"Haz\u0131rda iri ticar\u0259t m\u00fc\u0259ssis\u0259l\u0259rinin a\u00e7\u0131lmas\u0131 il\u0259 ba\u011fl\u0131 yekun q\u0259rar yoxdur&#8230; Bunu Nazirl\u0259r Kabineti yan\u0131nda Operativ Q\u0259rargah\u0131n brifinqind\u0259 Az\u0259rbaycan Respublikas\u0131 Prezidentinin k\u00f6m\u0259k\u00e7isi, Az\u0259rbaycan Respublikas\u0131 Prezidentinin Administrasiyas\u0131n\u0131n Xarici siyas\u0259t m\u0259s\u0259l\u0259l\u0259ri \u015f\u00f6b\u0259sinin m\u00fcdiri Hikm\u0259t Hac\u0131yev deyib. O bildirib ki, m\u0259rh\u0259l\u0259li \u015f\u0259kild\u0259 a\u00e7\u0131lmalara gedilir, n\u00f6vb\u0259ti m\u0259qama ke\u00e7idl\u0259 ba\u011fl\u0131 q\u0259rarlar q\u0259bul edilir: \u201cV\u0259t\u0259nda\u015flar\u0131n ictimai f\u0259all\u0131q v\u0259 qaydalara n\u0259zar\u0259t etm\u0259sind\u0259n as\u0131l\u0131&hellip;","_links":{"self":[{"href":"https:\/\/arantv.az\/index.php?rest_route=\/wp\/v2\/posts\/209741"}],"collection":[{"href":"https:\/\/arantv.az\/index.php?rest_route=\/wp\/v2\/posts"}],"about":[{"href":"https:\/\/arantv.az\/index.php?rest_route=\/wp\/v2\/types\/post"}],"author":[{"embeddable":true,"href":"https:\/\/arantv.az\/index.php?rest_route=\/wp\/v2\/users\/2"}],"replies":[{"embeddable":true,"href":"https:\/\/arantv.az\/index.php?rest_route=%2Fwp%2Fv2%2Fcomments&post=209741"}],"version-history":[{"count":0,"href":"https:\/\/arantv.az\/index.php?rest_route=\/wp\/v2\/posts\/209741\/revisions"}],"wp:featuredmedia":[{"embeddable":true,"href":"https:\/\/arantv.az\/index.php?rest_route=\/wp\/v2\/media\/209742"}],"wp:attachment":[{"href":"https:\/\/arantv.az\/index.php?rest_route=%2Fwp%2Fv2%2Fmedia&parent=209741"}],"wp:term":[{"taxonomy":"category","embeddable":true,"href":"https:\/\/arantv.az\/index.php?rest_route=%2Fwp%2Fv2%2Fcategories&post=209741"},{"taxonomy":"post_tag","embeddable":true,"href":"https:\/\/arantv.az\/index.php?rest_route=%2Fwp%2Fv2%2Ftags&post=209741"}],"curies":[{"name":"wp","href":"https:\/\/api.w.org\/{rel}","templated":true}]}}